{"id":1169805,"date":"2026-07-16T01:39:36","date_gmt":"2026-07-16T01:39:36","guid":{"rendered":"https:\/\/www.europesays.com\/de\/1169805\/"},"modified":"2026-07-16T01:39:36","modified_gmt":"2026-07-16T01:39:36","slug":"architekturpreis-fuer-pforzheim-und-enzkreis-diese-18-projekte-wurden-ausgezeichnet-pforzheim","status":"publish","type":"post","link":"https:\/\/www.europesays.com\/de\/1169805\/","title":{"rendered":"Architekturpreis f\u00fcr Pforzheim und Enzkreis: Diese 18 Projekte wurden ausgezeichnet &#8211; Pforzheim"},"content":{"rendered":"<p>Pforzheim. Vom Holzhaus in Remchingen bis zum Huchenfelder Stadtteilbad: Die Architektenkammer Baden-W\u00fcrttemberg hat 18 Bauprojekte in Pforzheim und dem Enzkreis als preisw\u00fcrdig ausgew\u00e4hlt. Im Mittelpunkt standen Gestaltung, Nachhaltigkeit und Zukunftsf\u00e4higkeit.<\/p>\n<p>Die Haust\u00fcr springt auf, und Bauherrin Lisa Heilemann (36) steht strahlend mit ihrem Architekten Adrian Stadler (37)<\/p>\n","protected":false},"excerpt":{"rendered":"Pforzheim. Vom Holzhaus in Remchingen bis zum Huchenfelder Stadtteilbad: Die Architektenkammer Baden-W\u00fcrttemberg hat 18 Bauprojekte in Pforzheim und&hellip;\n","protected":false},"author":2,"featured_media":1169806,"comment_status":"","ping_status":"","sticky":false,"template":"","format":"standard","meta":{"footnotes":"","_share_on_mastodon":"0"},"categories":[1775],"tags":[5648,2250,1793,7600,29,214,30,80,1794,10469,215],"class_list":["post-1169805","post","type-post","status-publish","format-standard","has-post-thumbnail","category-kunst-und-design","tag-gute-nachricht","tag-architektur","tag-art-and-design","tag-bauen","tag-deutschland","tag-entertainment","tag-germany","tag-kultur","tag-kunst-und-design","tag-pforzheim","tag-unterhaltung"],"share_on_mastodon":{"url":"https:\/\/pubeurope.com\/@de\/116927107281149974","error":""},"_links":{"self":[{"href":"https:\/\/www.europesays.com\/de\/wp-json\/wp\/v2\/posts\/1169805","targetHints":{"allow":["GET"]}}],"collection":[{"href":"https:\/\/www.europesays.com\/de\/wp-json\/wp\/v2\/posts"}],"about":[{"href":"https:\/\/www.europesays.com\/de\/wp-json\/wp\/v2\/types\/post"}],"author":[{"embeddable":true,"href":"https:\/\/www.europesays.com\/de\/wp-json\/wp\/v2\/users\/2"}],"replies":[{"embeddable":true,"href":"https:\/\/www.europesays.com\/de\/wp-json\/wp\/v2\/comments?post=1169805"}],"version-history":[{"count":0,"href":"https:\/\/www.europesays.com\/de\/wp-json\/wp\/v2\/posts\/1169805\/revisions"}],"wp:featuredmedia":[{"embeddable":true,"href":"https:\/\/www.europesays.com\/de\/wp-json\/wp\/v2\/media\/1169806"}],"wp:attachment":[{"href":"https:\/\/www.europesays.com\/de\/wp-json\/wp\/v2\/media?parent=1169805"}],"wp:term":[{"taxonomy":"category","embeddable":true,"href":"https:\/\/www.europesays.com\/de\/wp-json\/wp\/v2\/categories?post=1169805"},{"taxonomy":"post_tag","embeddable":true,"href":"https:\/\/www.europesays.com\/de\/wp-json\/wp\/v2\/tags?post=1169805"}],"curies":[{"name":"wp","href":"https:\/\/api.w.org\/{rel}","templated":true}]}}