{"id":1169848,"date":"2026-07-16T02:08:57","date_gmt":"2026-07-16T02:08:57","guid":{"rendered":"https:\/\/www.europesays.com\/de\/1169848\/"},"modified":"2026-07-16T02:08:57","modified_gmt":"2026-07-16T02:08:57","slug":"jakob-alberti-aus-karlsruhe-plant-6-000-kilometer-lange-rad-heimreise","status":"publish","type":"post","link":"https:\/\/www.europesays.com\/de\/1169848\/","title":{"rendered":"Jakob Alberti aus Karlsruhe plant 6.000 Kilometer lange Rad-Heimreise"},"content":{"rendered":"<p class=\"mb-6 text-xs-varying md:text-m lg:text-l font-serif group-[.font-sans]:font-sans \">\n    \u201eSchei\u00dfe.\u201c Nachdem er in knapp zwei Jahren \u00fcber 26.000 Kilometer mit dem Fahrrad quer \u00fcber den Globus zur\u00fcckgelegt hat, um bei der Fu\u00dfball-Weltmeisterschaft 2026 in den USA dabei zu sein, musste Jakob Alberti aus <a href=\"https:\/\/www.ka-news.de\/karlsruhe\" target=\"_self\" class=\"underline \" rel=\"nofollow noopener\">Karlsruhe<\/a> den <a href=\"https:\/\/www.ka-news.de\/promis\/deutschlands-wm-aus-2026-oliver-kahn-nimmt-nagelsmann-in-schutz-5-114630014\" target=\"_self\" class=\"underline \" rel=\"nofollow noopener\">sang- und klanglosen Untergang der deutschen Mannschaft im Sechzehntelfinale am 29. Juni<\/a> live im Boston Stadium mitansehen.\n  <\/p>\n<p>            \u201eEs war eine emotionale Achterbahnfahrt\u201c<\/p>\n<p class=\"mb-6 text-xs-varying md:text-m lg:text-l font-serif group-[.font-sans]:font-sans \">\n    <strong class=\"font-bold\">\u201eSchei\u00dfe\u201c &#8211; das war sein erster Gedanke nach dem Abpfiff<\/strong>, wie er im Gespr\u00e4ch mit ka-news am Dienstag, 14. Juli, erz\u00e4hlt: \u201eIch stand da und konnte es einfach nicht begreifen.\u201c F\u00fcr den Weltreisenden, der durch sein Fahrrad-Abenteuer zur viralen Internet-Sensation geworden war, <a href=\"https:\/\/www.ka-news.de\/ksc\/wm-aus-karlsruher-radler-jakob-alberti-plant-rueckreise-mit-dem-fahrrad-4-114675918\" target=\"_self\" class=\"underline \" rel=\"nofollow noopener\">bedeutete das fr\u00fche WM-Aus das Ende eines monatelangen Traums.<\/a>\n  <\/p>\n<p class=\"mb-6 text-xs-varying md:text-m lg:text-l font-serif group-[.font-sans]:font-sans \">\n    \u201eDiese Erfahrung war eine emotionale Achterbahnfahrt\u201c, sagt Alberti \u00fcber seine Reise. \u201eZuerst das extreme Hoch, nach endlosen Kilometern, die ich allein durch die W\u00fcste geradelt bin, pl\u00f6tzlich die St\u00e4dte, die Stadien und die Fans zu sehen. Und dann das Aus im Sechzehntelfinale &#8211; <strong class=\"font-bold\">da f\u00fchlte ich mich pl\u00f6tzlich ganz leer.\u201c<\/strong>\n  <\/p>\n<p>            Zwischenstopp in Chicago<\/p>\n<p class=\"mb-6 text-xs-varying md:text-m lg:text-l font-serif group-[.font-sans]:font-sans \">\n    Zeit zum Trauern blieb dem Karlsruher allerdings nur wenig: \u201eIch musste auch ganz spontan meine Pl\u00e4ne umwerfen, denn eigentlich hatte ich angedacht, l\u00e4nger zu bleiben\u201c, so Alberti. Wenige Tage nach der deutschen WM-Pleite zog er daher weiter nach Chicago. \u201eDort wohnt noch immer meine Gastfamilie aus der Zeit meines Sch\u00fcleraustauschs\u201c, erkl\u00e4rt der 26-J\u00e4hrige.\n  <\/p>\n<p>    <img decoding=\"async\" src=\"https:\/\/www.europesays.com\/de\/wp-content\/uploads\/2026\/07\/whatsapp-image-2026-07-14-at-171845-2.jpg\" alt=\"Endlich a Ziel: Jakob Alberti nach 26.000 Kilometern auf dem Sattel vor dem WM-Stadion.\" title=\"Endlich a Ziel: Jakob Alberti nach 26.000 Kilometern auf dem Sattel vor dem WM-Stadion.\" loading=\"lazy\" class=\"h-full w-full object-cover\"\/><\/p>\n<p>      Icon vergr\u00f6\u00dfern<\/p>\n<p>    Endlich a Ziel: Jakob Alberti nach 26.000 Kilometern auf dem Sattel vor dem WM-Stadion.<br \/>\n    Foto: Jakob Alberti<\/p>\n<p>        Schlie\u00dfen <\/p>\n<p>      Icon Schlie\u00dfen<\/p>\n<p>        Icon vergr\u00f6\u00dfern<\/p>\n<p>        Icon verkleinern<\/p>\n<p>      Icon Pfeil bewegen<\/p>\n<p>    Endlich a Ziel: Jakob Alberti nach 26.000 Kilometern auf dem Sattel vor dem WM-Stadion.<br \/>\n    Foto: Jakob Alberti<\/p>\n<p class=\"mb-6 text-xs-varying md:text-m lg:text-l font-serif group-[.font-sans]:font-sans \">\n    Hier begann Alberti mit seinen Planungen f\u00fcr seine Heimreise nach Deutschland &#8211; nat\u00fcrlich wieder per Fahrrad, versteht sich. Und wie wird die aussehen? \u201eSo ganz genau wei\u00df ich das noch nicht\u201c, sagt er im Gespr\u00e4ch mit ka-news. Fest stehe aber bereits: In der kommenden Woche will Jakob Alberti wieder von Chicago nach Houston zur\u00fcckkehren, wo er sein Fahrrad untergebracht hat.\n  <\/p>\n<p>            \u201eBis Weihnachten muss ich zu Hause sein\u201c<\/p>\n<p class=\"mb-6 text-xs-varying md:text-m lg:text-l font-serif group-[.font-sans]:font-sans \">\n    \u201eDann geht es erst einmal weiter nach Osten, entweder nach Miami oder nach New York\u201c, sagt er. \u201e<strong class=\"font-bold\">Von dort aus dann weiter nach Nordafrika und \u00fcber Gibraltar, Spanien und Frankreich wieder nach Deutschland.\u201c<\/strong> \u201eNur\u201c rund 6.000 Kilometer auf dem Sattel stehen dem Karlsruher nach eigenen Angaben bevor. \u201eNach Hause nehme ich die direkte Route\u201c, lacht Alberti.\n  <\/p>\n<p>    <img decoding=\"async\" src=\"https:\/\/www.europesays.com\/de\/wp-content\/uploads\/2026\/07\/whatsapp-image-2026-07-14-at-171844-1.jpg\" alt=\"Auf seiner Hinreise hat Jakob Alberti allerlei Bekanntschaften geschlossen.\" title=\"Auf seiner Hinreise hat Jakob Alberti allerlei Bekanntschaften geschlossen.\" loading=\"lazy\" class=\"h-full w-full object-cover\"\/><\/p>\n<p>      Icon vergr\u00f6\u00dfern<\/p>\n<p>    Auf seiner Hinreise hat Jakob Alberti allerlei Bekanntschaften geschlossen.<br \/>\n    Foto: Jakob Alberti<\/p>\n<p>        Schlie\u00dfen <\/p>\n<p>      Icon Schlie\u00dfen<\/p>\n<p>        Icon vergr\u00f6\u00dfern<\/p>\n<p>        Icon verkleinern<\/p>\n<p>      Icon Pfeil bewegen<\/p>\n<p>    Auf seiner Hinreise hat Jakob Alberti allerlei Bekanntschaften geschlossen.<br \/>\n    Foto: Jakob Alberti<\/p>\n<p class=\"mb-6 text-xs-varying md:text-m lg:text-l font-serif group-[.font-sans]:font-sans \">\n    Zeit f\u00fcr ein wenig Sightseeing wolle er sich aber dennoch nehmen: \u201eIch freue mich auf Marokko, dort will ich etwa einen Monat bleiben, um die Kultur kennenzulernen\u201c, so Alberti. Insgesamt plant er etwa ein halbes Jahr f\u00fcr seine Heimreise ein. <strong class=\"font-bold\">\u201eBis Weihnachten muss ich aber zu Hause sein &#8211; das habe ich meiner Familie versprochen\u201c<\/strong>, lacht er.\n  <\/p>\n<p>            Den KSC will Alberti auch auf der R\u00fcckreise verfolgen<\/p>\n<p class=\"mb-6 text-xs-varying md:text-m lg:text-l font-serif group-[.font-sans]:font-sans \">\n    Seine rund 11.000 Follower wolle er \u00fcber sein Instagram-Profil <a href=\"https:\/\/www.instagram.com\/jakobalberti\/?hl=de\" rel=\"nofollow noopener\" target=\"_blank\" class=\"underline \">\u201eBike2WorldCup\u201c<\/a> \u00fcber seine Abenteuer wieder auf dem Laufenden halten.\n  <\/p>\n<p>    <img decoding=\"async\" src=\"https:\/\/www.europesays.com\/de\/wp-content\/uploads\/2026\/07\/whatsapp-image-2026-07-14-at-171845.jpg\" alt=\"Das KSC-Trikot hat Jakob Alberti auf seiner Reise stets begleitet.\" title=\"Das KSC-Trikot hat Jakob Alberti auf seiner Reise stets begleitet.\" loading=\"lazy\" class=\"h-full w-full object-cover\"\/><\/p>\n<p>      Icon vergr\u00f6\u00dfern<\/p>\n<p>    Das KSC-Trikot hat Jakob Alberti auf seiner Reise stets begleitet.<br \/>\n    Foto: Jakob Alberti<\/p>\n<p>        Schlie\u00dfen <\/p>\n<p>      Icon Schlie\u00dfen<\/p>\n<p>        Icon vergr\u00f6\u00dfern<\/p>\n<p>        Icon verkleinern<\/p>\n<p>      Icon Pfeil bewegen<\/p>\n<p>    Das KSC-Trikot hat Jakob Alberti auf seiner Reise stets begleitet.<br \/>\n    Foto: Jakob Alberti<\/p>\n<p class=\"mb-6 text-xs-varying md:text-m lg:text-l font-serif group-[.font-sans]:font-sans \">\n    Und auch f\u00fcr seinen Herzensverein will sich Jakob Alberti auf seiner R\u00fcckreise Zeit nehmen: \u201eIch bekomme \u00fcber Social Media alles \u00fcber den <a href=\"https:\/\/www.ka-news.de\/ksc\" target=\"_self\" class=\"underline \" rel=\"nofollow noopener\">KSC<\/a> mit. Wenn die Saison wieder losgeht, will ich auch, wenn m\u00f6glich, unterwegs die Spiele anschauen. Wegen der Zeitverschiebung muss ich dann wohl fr\u00fch aufstehen &#8211; aber das mache ich gerne\u201c, sagt er.\n  <\/p>\n<p class=\"mb-6 text-xs-varying md:text-m lg:text-l font-serif group-[.font-sans]:font-sans \">\n    In den Wildpark zu gehen, das vermisst Jakob Alberti nach so vielen Monaten weg von zu Hause neben seiner Familie und seinen Freunden sehr, wie er erkl\u00e4rt. <strong class=\"font-bold\">\u201eUnd: eine richtig gute Butterbrezel vom B\u00e4cker\u201c, lacht er.<\/strong>\n  <\/p>\n<p>            Fernweh statt Heimweh<\/p>\n<p class=\"mb-6 text-xs-varying md:text-m lg:text-l font-serif group-[.font-sans]:font-sans \">\n    Wie geht es f\u00fcr den leidenschaftlichen Radfahrer nach seiner Weltreise weiter? \u201eDa habe ich ehrlich gesagt noch keine Ahnung\u201c, so Alberti. Er sei gerade auf Jobsuche &#8211; \u201eam liebsten bei einem gro\u00dfen Unternehmen, das mich gleich wieder ins Ausland schickt\u201c, verr\u00e4t er im Gespr\u00e4ch mit ka-news.\n  <\/p>\n<p>    <img decoding=\"async\" src=\"https:\/\/www.europesays.com\/de\/wp-content\/uploads\/2026\/07\/whatsapp-image-2026-07-14-at-171844-2.jpg\" alt=\"Das Fernweh hat Jakob Alberti schon jetzt wieder gepackt.\" title=\"Das Fernweh hat Jakob Alberti schon jetzt wieder gepackt.\" loading=\"lazy\" class=\"h-full w-full object-cover\"\/><\/p>\n<p>      Icon vergr\u00f6\u00dfern<\/p>\n<p>    Das Fernweh hat Jakob Alberti schon jetzt wieder gepackt.<br \/>\n    Foto: Jakob Alberti<\/p>\n<p>        Schlie\u00dfen <\/p>\n<p>      Icon Schlie\u00dfen<\/p>\n<p>        Icon vergr\u00f6\u00dfern<\/p>\n<p>        Icon verkleinern<\/p>\n<p>      Icon Pfeil bewegen<\/p>\n<p>    Das Fernweh hat Jakob Alberti schon jetzt wieder gepackt.<br \/>\n    Foto: Jakob Alberti<\/p>\n<p class=\"mb-6 text-xs-varying md:text-m lg:text-l font-serif group-[.font-sans]:font-sans \">\n    Hat ihn das Fernweh also schon jetzt wieder gepackt? \u201eZun\u00e4chst will ich schon mindestens ein halbes Jahr zu Hause bleiben\u201c, antwortet Jakob Alberti, erg\u00e4nzt dann allerdings: \u201e<strong class=\"font-bold\">Aber es kribbelt schon in den Fingern.<\/strong> Die n\u00e4chste Reise kommt bestimmt.\u201c\n  <\/p>\n<p>  <script async src=\"\/\/www.instagram.com\/embed.js\"><\/script><\/p>\n","protected":false},"excerpt":{"rendered":"\u201eSchei\u00dfe.\u201c Nachdem er in knapp zwei Jahren \u00fcber 26.000 Kilometer mit dem Fahrrad quer \u00fcber den Globus zur\u00fcckgelegt&hellip;\n","protected":false},"author":2,"featured_media":1169849,"comment_status":"","ping_status":"","sticky":false,"template":"","format":"standard","meta":{"footnotes":"","_share_on_mastodon":"0"},"categories":[1844],"tags":[1634,4540,3364,29,1234,19366,30,231729,8903,3850,4562,12289,38073],"class_list":["post-1169848","post","type-post","status-publish","format-standard","has-post-thumbnail","category-karlsruhe","tag-baden-wuerttemberg","tag-chicago","tag-de","tag-deutschland","tag-fahrrad","tag-fussball-wm","tag-germany","tag-jakob-alberti","tag-karlsruhe","tag-karlsruher-sc","tag-reise","tag-weihnachten","tag-weltreise"],"share_on_mastodon":{"url":"https:\/\/pubeurope.com\/@de\/116927226861080414","error":""},"_links":{"self":[{"href":"https:\/\/www.europesays.com\/de\/wp-json\/wp\/v2\/posts\/1169848","targetHints":{"allow":["GET"]}}],"collection":[{"href":"https:\/\/www.europesays.com\/de\/wp-json\/wp\/v2\/posts"}],"about":[{"href":"https:\/\/www.europesays.com\/de\/wp-json\/wp\/v2\/types\/post"}],"author":[{"embeddable":true,"href":"https:\/\/www.europesays.com\/de\/wp-json\/wp\/v2\/users\/2"}],"replies":[{"embeddable":true,"href":"https:\/\/www.europesays.com\/de\/wp-json\/wp\/v2\/comments?post=1169848"}],"version-history":[{"count":0,"href":"https:\/\/www.europesays.com\/de\/wp-json\/wp\/v2\/posts\/1169848\/revisions"}],"wp:featuredmedia":[{"embeddable":true,"href":"https:\/\/www.europesays.com\/de\/wp-json\/wp\/v2\/media\/1169849"}],"wp:attachment":[{"href":"https:\/\/www.europesays.com\/de\/wp-json\/wp\/v2\/media?parent=1169848"}],"wp:term":[{"taxonomy":"category","embeddable":true,"href":"https:\/\/www.europesays.com\/de\/wp-json\/wp\/v2\/categories?post=1169848"},{"taxonomy":"post_tag","embeddable":true,"href":"https:\/\/www.europesays.com\/de\/wp-json\/wp\/v2\/tags?post=1169848"}],"curies":[{"name":"wp","href":"https:\/\/api.w.org\/{rel}","templated":true}]}}