{"id":1170107,"date":"2026-07-16T04:50:17","date_gmt":"2026-07-16T04:50:17","guid":{"rendered":"https:\/\/www.europesays.com\/de\/1170107\/"},"modified":"2026-07-16T04:50:17","modified_gmt":"2026-07-16T04:50:17","slug":"wetter-wende-im-anflug-blitz-und-donner-beenden-die-hitzewelle-news","status":"publish","type":"post","link":"https:\/\/www.europesays.com\/de\/1170107\/","title":{"rendered":"Wetter-Wende im Anflug: Blitz und Donner beenden die Hitzewelle | News"},"content":{"rendered":"<p><a class=\"skip-content skip-content--link\" href=\"#in-content-skip-link-target-v-0-0\">TTS-Player \u00fcberspringen\u21b5<\/a><a id=\"in-content-skip-link-target-v-0-0\" class=\"skip-content--target-link-hidden skip-content skip-content--target-link\" href=\"#in-content-skip-link-target-v-0-0\">Artikel weiterlesen<\/a><\/p>\n<p data-bbd632a7=\"0-1154\"><b>Hei\u00df, hei\u00dfer, dann Rumms! Die zweite Hitzewelle hat Deutschland seit Tagen fest im Griff. W\u00e4hrend die Temperaturen tags\u00fcber vielerorts an der 35-Grad-Marke kratzen, bahnt sich das Ende der Glut-Phase an. Am Donnerstagabend verabschiedet sich die Hitze mit einem Wetter-Knall: Hitzegewitter, Starkregen, Hagel und Sturmb\u00f6en sind m\u00f6glich.<\/b><\/p>\n<p data-bbd632a7=\"0-1154\">Doch vorher kommen wir am Donnerstag noch einmal ordentlich ins Schwitzen. Diplom-Meteorologe Dominik Jung zu BILD: \u201eDer Schwerpunkt der <a href=\"https:\/\/www.bild.de\/news\/wetter\/hitzewelle\/thema-hitzewelle-alle-infos-80747866.bild.html\" class=\"text-link\" rel=\"nofollow noopener\" target=\"_blank\">Hitze<\/a> liegt klar in der S\u00fcdwesth\u00e4lfte. Am hei\u00dfesten wird es entlang des Oberrheins, im Rhein-Main-Gebiet, an der Mosel und im Saarland \u2013 dort sind 33 bis 35 Grad zu erwarten. Im Oberrheingraben (Raum Freiburg, Karlsruhe, Mannheim) sind \u00f6rtlich auch 36 Grad drin.\u201c In der Mitte und im S\u00fcden sind es immerhin noch 29 bis 33 Grad. Allerdings ist die Luft deutlich feuchter und damit schw\u00fcler geworden. \u201eDie gef\u00fchlte Belastung ist h\u00f6her, als es die reine Lufttemperatur vermuten l\u00e4sst\u201c, so Jung weiter.<\/p>\n<p><img decoding=\"async\" width=\"992\" height=\"1392\" alt=\"Am Donnerstag sind in Deutschland noch einmal \u00fcber 30 Grad drin\" loading=\"lazy\" src=\"https:\/\/www.europesays.com\/de\/wp-content\/uploads\/2026\/07\/7e333e4a993e54103b900a9a5f74e623,a28d8dcc.png\"   class=\"dynamic\"\/><\/p>\n<p class=\"fig__caption__text\">Am Donnerstag sind in Deutschland an vielen orten noch mal \u00fcber 30 Grad drin<\/p>\n<p>Foto: Wetter.net<\/p>\n<p>Deutlicher Temperatursturz steht bevor<\/p>\n<p data-bbd632a7=\"0-1154\">Im Norden und Nordosten ist es, sagt Wetterexperte Michael Bogusch zu BILD, deutlich angenehmer: \u201eSo kommt etwa Hamburg morgen auf Werte um 22 Grad. Direkt an den K\u00fcsten ist es nochmals ein paar Grad k\u00fchler.\u201c Laut Jung l\u00e4uft <a href=\"https:\/\/www.bild.de\/news\/wetter\/gewitter-und-regen-moeglich-hitze-dauert-noch-bis-zum-wochenende-6a54e357288c91b3256e18a8\" class=\"text-link\" rel=\"nofollow noopener\" target=\"_blank\">der Temperatur-R\u00fcckgang<\/a> in zwei Stufen ab: \u201eAm Freitag sind im S\u00fcdwesten noch 28 bis 32 Grad drin.\u201c Da ist es im Nordosten schon deutlich k\u00fchler. \u201eSamstag und Sonntag sind es bundesweit meist 22 bis 28 Grad, dann wird die 30-Grad-Marke voraussichtlich nirgendwo mehr geknackt.\u201c<\/p>\n<p><img decoding=\"async\" width=\"992\" height=\"1391\" alt=\"Am Sonntag sieht es dann deutschlandweit k\u00fchler aus\" loading=\"lazy\" src=\"https:\/\/www.europesays.com\/de\/wp-content\/uploads\/2026\/07\/b5cbea32a5f74715a5107b08bbd4382c,c4b62c69.png\"   class=\"dynamic\"\/><\/p>\n<p class=\"fig__caption__text\">Am Sonntag sieht es deutlich k\u00fchler aus, die Hitzewelle ist vorbei<\/p>\n<p>Foto: Wetter.net<\/p>\n<p>Warum die Hitze jetzt verschwindet<\/p>\n<p data-bbd632a7=\"1155-2245\">Dass <a href=\"https:\/\/www.bild.de\/news\/wetter\/heat-dome-wird-gesprengt-hitzewelle-erreicht-ihren-hoehepunkt-6a55ff9e9356b2f223858f63\" class=\"text-link\" rel=\"nofollow noopener\" target=\"_blank\">die Hitzeglocke jetzt Risse bekommt<\/a>, liegt an einem Tief \u00fcber Skandinavien, das auf <a href=\"https:\/\/www.bild.de\/themen\/orte\/deutschland\/nachrichten-news-fotos-videos-17266634.bild.html\" class=\"text-link\" rel=\"nofollow noopener\" target=\"_blank\">Deutschland<\/a> \u00fcbergreift. Jung erkl\u00e4rt: \u201eDadurch wird die hei\u00dfe Luftmasse nach S\u00fcdosten abgedr\u00e4ngt und durch deutlich k\u00fchlere Atlantikluft ersetzt. Zweitens sorgt die einflie\u00dfende H\u00f6henkaltluft f\u00fcr Labilisierung.\u201c Von Labilisierung sprechen Meteorologen, wenn die Luftschichten instabil werden \u2013 dann kann warme Luft leichter aufsteigen, und Gewitter entstehen schneller. Jung: \u201eAnders gesagt: Die Hitze geht nicht leise, sie wird wegger\u00e4umt.\u201c <\/p>\n<p>Superzelle w\u00fctet in S\u00fcddeutschland: Mitten im Sommer muss der Winterdienst ausr\u00fccken<a class=\"anchor video-teaser__anchor\" href=\"https:\/\/www.bild.de\/news\/inland\/superzelle-wuetet-in-sueddeutschland-mitten-im-sommer-muss-der-winterdienst-ausruecken-6a574f1eb95fa94b3abc225a\" rel=\"nofollow noopener\" target=\"_blank\"><img decoding=\"async\" width=\"992\" height=\"558\" alt=\"\" loading=\"lazy\" src=\"https:\/\/www.europesays.com\/de\/wp-content\/uploads\/2026\/07\/9f67c691f1438e62f110160c288ff69a,defee2aa.jpeg\"   class=\"landscape teaser__image\"\/><\/a><\/p>\n<p>Quelle: WeatherStory TV15.07.2026<\/p>\n<p>Wo es in Deutschland st\u00fcrmt und hagelt<\/p>\n<p data-bbd632a7=\"1155-2245\">Bogusch f\u00fcgt hinzu: \u201eAm Donnerstag beschr\u00e4nken sich schwere <a href=\"https:\/\/www.bild.de\/news\/wetter\/sturm\/stuerme-unwetter-alle-infos-78018438.bild.html\" class=\"text-link\" rel=\"nofollow noopener\" target=\"_blank\">Gewitter<\/a> mit Hagel, Starkregen und Sturmb\u00f6en zun\u00e4chst lokal auf den S\u00fcden und S\u00fcdwesten. Am Freitag verbreitet sich die Gewitterlage dann.\u201c Jung konkretisiert: \u201eZu erwarten ist das volle Programm: Starkregen mit 20 bis 40 Litern pro Quadratmeter in kurzer Zeit, lokal mehr, Hagel um 2 bis 3 Zentimeter, in kr\u00e4ftigen Zellen auch gr\u00f6\u00dfer, sowie Sturmb\u00f6en um 80 bis 100 km\/h.\u201c<\/p>\n<p><img decoding=\"async\" width=\"992\" height=\"922\" alt=\"Die Wetterkarte f\u00fcr Freitag zeigt fl\u00e4chendeckend Gewitter (rote Symbole) \u00fcber Deutschland\" loading=\"lazy\" src=\"https:\/\/www.europesays.com\/de\/wp-content\/uploads\/2026\/07\/ff9ba6c7575dd329dd4054e55fb4dd19,2919dc05.jpeg\"   class=\"dynamic\"\/><\/p>\n<p class=\"fig__caption__text\">Die Wetterkarte f\u00fcr Freitag zeigt fl\u00e4chendeckend Gewitter (rote Symbole) \u00fcber Deutschland<\/p>\n<p>Foto: Donnerwetter.de<\/p>\n<p>Wetterexperte warnt vor Sturzfluten<\/p>\n<p data-bbd632a7=\"2246-3119\">Die <a href=\"https:\/\/www.bild.de\/regional\/nuernberg\/unwetter-ueberschwemmt-den-sueden-3000-notrufe-in-5-stunden-6a570b4d664e99bc41e9341f\" class=\"text-link\" rel=\"nofollow noopener\" target=\"_blank\">Gefahr f\u00fcr \u00dcberflutungen<\/a> steigt enorm. \u201eDie B\u00f6den sind nach Wochen der Hitze knochentrocken und verkrustet. Der Regen l\u00e4uft oberfl\u00e4chlich ab, statt zu versickern \u2013 Sturzfluten in St\u00e4dten und an Hanglagen sind das gr\u00f6\u00dfere Thema als der Regen selbst\u201c, sagt Jung. Wer jetzt richtig durchatmen will, sollte die <a href=\"https:\/\/www.bild.de\/themen\/specials\/sommer\/news-fotos-videos-23945572.bild.html\" class=\"text-link\" rel=\"nofollow noopener\" target=\"_blank\">Sommerk\u00fchle<\/a> nutzen. Das <a href=\"https:\/\/www.bild.de\/news\/aktuelles\/wetter\/wetter-alle-infos-78213998.bild.html\" class=\"text-link\" rel=\"nofollow noopener\" target=\"_blank\">Wetter<\/a> legt nur eine kurze Verschnaufpause ein. \u201eAb Montag oder Dienstag baut sich von S\u00fcdwesten wieder Hochdruckeinfluss auf\u201c, prognostiziert der Diplom-Meteorologe.<\/p>\n<p><b>Experten in diesem Text<\/b><\/p>\n<p><b>Dominik Jung <\/b>ist Diplom-Meteorologe und Klimaexperte beim Online-Portal und der App wetter.net. Er ist Gesch\u00e4ftsf\u00fchrer bei Q-met und betreibt einen YouTube-Kanal, auf dem er t\u00e4glich das aktuelle Wetter vorstellt.<\/p>\n<p><b>Michael Bogusch<\/b> ist seit 20 Jahren f\u00fcr die Kommunikation bei dem Portal Donnerwetter.de verantwortlich. Er interessiert sich f\u00fcr Wetterthemen generell, mag laut eigener Aussage aber am liebsten Sonnenschein.<\/p>\n","protected":false},"excerpt":{"rendered":"TTS-Player \u00fcberspringen\u21b5Artikel weiterlesen Hei\u00df, hei\u00dfer, dann Rumms! Die zweite Hitzewelle hat Deutschland seit Tagen fest im Griff. W\u00e4hrend&hellip;\n","protected":false},"author":2,"featured_media":1170108,"comment_status":"","ping_status":"","sticky":false,"template":"","format":"standard","meta":{"footnotes":"","_share_on_mastodon":"0"},"categories":[2],"tags":[26196,29,5863,30,19634,117561,18364,13,18113,1563,17362,14,15,10328,12,185455,2715,16051,9608,51241,10,8,9,11,14368,4028,1973,2257,17363,4887,2255],"class_list":["post-1170107","post","type-post","status-publish","format-standard","has-post-thumbnail","category-deutschland","tag-blitzschlag","tag-deutschland","tag-experten","tag-germany","tag-gewitter","tag-godau-jana","tag-hagel","tag-headlines","tag-hitzewelle","tag-klima","tag-meteorologie","tag-nachrichten","tag-news","tag-regen","tag-schlagzeilen","tag-seo-first","tag-sommer","tag-starkregen","tag-sturm","tag-tiefdruckgebiet","tag-top-news","tag-top-meldungen","tag-topmeldungen","tag-topnews","tag-ueberschwemmung","tag-unwetter","tag-wetter","tag-wetterlage","tag-wetterphaenomene","tag-wetterumschwung","tag-wettervorhersage"],"share_on_mastodon":{"url":"https:\/\/pubeurope.com\/@de\/116927858749321268","error":""},"_links":{"self":[{"href":"https:\/\/www.europesays.com\/de\/wp-json\/wp\/v2\/posts\/1170107","targetHints":{"allow":["GET"]}}],"collection":[{"href":"https:\/\/www.europesays.com\/de\/wp-json\/wp\/v2\/posts"}],"about":[{"href":"https:\/\/www.europesays.com\/de\/wp-json\/wp\/v2\/types\/post"}],"author":[{"embeddable":true,"href":"https:\/\/www.europesays.com\/de\/wp-json\/wp\/v2\/users\/2"}],"replies":[{"embeddable":true,"href":"https:\/\/www.europesays.com\/de\/wp-json\/wp\/v2\/comments?post=1170107"}],"version-history":[{"count":0,"href":"https:\/\/www.europesays.com\/de\/wp-json\/wp\/v2\/posts\/1170107\/revisions"}],"wp:featuredmedia":[{"embeddable":true,"href":"https:\/\/www.europesays.com\/de\/wp-json\/wp\/v2\/media\/1170108"}],"wp:attachment":[{"href":"https:\/\/www.europesays.com\/de\/wp-json\/wp\/v2\/media?parent=1170107"}],"wp:term":[{"taxonomy":"category","embeddable":true,"href":"https:\/\/www.europesays.com\/de\/wp-json\/wp\/v2\/categories?post=1170107"},{"taxonomy":"post_tag","embeddable":true,"href":"https:\/\/www.europesays.com\/de\/wp-json\/wp\/v2\/tags?post=1170107"}],"curies":[{"name":"wp","href":"https:\/\/api.w.org\/{rel}","templated":true}]}}