{"id":117011,"date":"2025-05-17T05:55:13","date_gmt":"2025-05-17T05:55:13","guid":{"rendered":"https:\/\/www.europesays.com\/de\/117011\/"},"modified":"2025-05-17T05:55:13","modified_gmt":"2025-05-17T05:55:13","slug":"dating-format-kennt-ihr-schon-am-stadtstrand","status":"publish","type":"post","link":"https:\/\/www.europesays.com\/de\/117011\/","title":{"rendered":"Dating-Format \u201eKennt ihr schon&#8230;?\u201c am Stadtstrand"},"content":{"rendered":"<p class=\"text_ohne_einzug richtext text-em-55 !leading-serif mx-6 desktop:mx-0\"> Durch den Boom der Dating-Apps in den vergangenen Jahren wurde es immer schwieriger, einen Partner im \u201erealen Leben\u201c kennenzulernen. Doch dass das Bed\u00fcrfnis nach Kontakten au\u00dferhalb des Internets gro\u00df ist, wurde bei dem Hype um das neue Dating-Format \u201eKennt ihr schon&#8230;?\u201c schnell deutlich. Nach dem Start im vergangenen Oktober in K\u00f6ln kommt das Dating-Event nun auch nach D\u00fcsseldorf und feiert sein Deb\u00fct am Stadtstrand.<\/p>\n","protected":false},"excerpt":{"rendered":"Durch den Boom der Dating-Apps in den vergangenen Jahren wurde es immer schwieriger, einen Partner im \u201erealen Leben\u201c&hellip;\n","protected":false},"author":2,"featured_media":117012,"comment_status":"","ping_status":"","sticky":false,"template":"","format":"standard","meta":{"footnotes":""},"categories":[1831],"tags":[5564,12003,3364,29,3405,14292,45098,30,20114,10367,1209,5565,20111,6362,45097,45099],"class_list":{"0":"post-117011","1":"post","2":"type-post","3":"status-publish","4":"format-standard","5":"has-post-thumbnail","7":"category-duesseldorf","8":"tag-air","9":"tag-dating","10":"tag-de","11":"tag-deutschland","12":"tag-duesseldorf","13":"tag-format","14":"tag-gepitcht","15":"tag-germany","16":"tag-kennt","17":"tag-monat","18":"tag-nordrhein-westfalen","19":"tag-open","20":"tag-pitch","21":"tag-single","22":"tag-stadtstrand","23":"tag-stadtstraende"},"share_on_mastodon":{"url":"https:\/\/pubeurope.com\/@de\/114521631847086082","error":""},"_links":{"self":[{"href":"https:\/\/www.europesays.com\/de\/wp-json\/wp\/v2\/posts\/117011","targetHints":{"allow":["GET"]}}],"collection":[{"href":"https:\/\/www.europesays.com\/de\/wp-json\/wp\/v2\/posts"}],"about":[{"href":"https:\/\/www.europesays.com\/de\/wp-json\/wp\/v2\/types\/post"}],"author":[{"embeddable":true,"href":"https:\/\/www.europesays.com\/de\/wp-json\/wp\/v2\/users\/2"}],"replies":[{"embeddable":true,"href":"https:\/\/www.europesays.com\/de\/wp-json\/wp\/v2\/comments?post=117011"}],"version-history":[{"count":0,"href":"https:\/\/www.europesays.com\/de\/wp-json\/wp\/v2\/posts\/117011\/revisions"}],"wp:featuredmedia":[{"embeddable":true,"href":"https:\/\/www.europesays.com\/de\/wp-json\/wp\/v2\/media\/117012"}],"wp:attachment":[{"href":"https:\/\/www.europesays.com\/de\/wp-json\/wp\/v2\/media?parent=117011"}],"wp:term":[{"taxonomy":"category","embeddable":true,"href":"https:\/\/www.europesays.com\/de\/wp-json\/wp\/v2\/categories?post=117011"},{"taxonomy":"post_tag","embeddable":true,"href":"https:\/\/www.europesays.com\/de\/wp-json\/wp\/v2\/tags?post=117011"}],"curies":[{"name":"wp","href":"https:\/\/api.w.org\/{rel}","templated":true}]}}