{"id":1170121,"date":"2026-07-16T04:57:16","date_gmt":"2026-07-16T04:57:16","guid":{"rendered":"https:\/\/www.europesays.com\/de\/1170121\/"},"modified":"2026-07-16T04:57:16","modified_gmt":"2026-07-16T04:57:16","slug":"moenchengladbach-bessere-bodycams-sollen-mitarbeiter-schuetzen","status":"publish","type":"post","link":"https:\/\/www.europesays.com\/de\/1170121\/","title":{"rendered":"M\u00f6nchengladbach: Bessere Bodycams sollen Mitarbeiter sch\u00fctzen"},"content":{"rendered":"<p class=\"text_ohne_einzug richtext text-em-55 !leading-serif mx-6 desktop:mx-0\">Sie sind klein, fallen kaum auf und sind am Oberk\u00f6rper an der Kleidung angebracht. <a href=\"https:\/\/rp-online.de\/nrw\/staedte\/moenchengladbach\/moenchengladbach-kos-mitarbeiter-tragen-jetzt-bodycams_aid-70676171\" target=\"_blank\" rel=\"nofollow noopener\">Die Mitarbeitenden des Kommunalen Ordnungs- und Servicedienstes (KOS) tragen die Bodycams seit vier Jahren bei ihrem Dienst.<\/a> Die Erfahrungen seitdem sind positiv: Ihre Sichtbarkeit wirke h\u00e4ufig deeskalierend, teilt ein Stadtsprecher mit, und Ordnungsdezernentin Silke Wehmh\u00f6rner zieht ein Fazit: \u201eUnsere Mitarbeitenden erleben im Au\u00dfendienst immer h\u00e4ufiger verbale Anfeindungen, Bedrohungen oder sogar t\u00e4tliche Angriffe. Die neuen Bodycams leisten einen wichtigen Beitrag zum Schutz unserer Kolleginnen und Kollegen. Gleichzeitig schaffen sie Transparenz und k\u00f6nnen helfen, Sachverhalte objektiv aufzukl\u00e4ren.\u201c<\/p>\n","protected":false},"excerpt":{"rendered":"Sie sind klein, fallen kaum auf und sind am Oberk\u00f6rper an der Kleidung angebracht. Die Mitarbeitenden des Kommunalen&hellip;\n","protected":false},"author":2,"featured_media":1170122,"comment_status":"","ping_status":"","sticky":false,"template":"","format":"standard","meta":{"footnotes":"","_share_on_mastodon":"0"},"categories":[1849],"tags":[8999,36735,82770,3364,29,548,663,3934,30,13,245137,106396,4455,14,15,1209,12,9877,195572],"class_list":["post-1170121","post","type-post","status-publish","format-standard","has-post-thumbnail","category-moenchengladbach","tag-ordnungsdienst","tag-bessere","tag-bodycams","tag-de","tag-deutschland","tag-eu","tag-europa","tag-europe","tag-germany","tag-headlines","tag-heiklen","tag-kommunaler","tag-moenchengladbach","tag-nachrichten","tag-news","tag-nordrhein-westfalen","tag-schlagzeilen","tag-schuetzen","tag-situationen"],"share_on_mastodon":{"url":"https:\/\/pubeurope.com\/@de\/116927885911965687","error":""},"_links":{"self":[{"href":"https:\/\/www.europesays.com\/de\/wp-json\/wp\/v2\/posts\/1170121","targetHints":{"allow":["GET"]}}],"collection":[{"href":"https:\/\/www.europesays.com\/de\/wp-json\/wp\/v2\/posts"}],"about":[{"href":"https:\/\/www.europesays.com\/de\/wp-json\/wp\/v2\/types\/post"}],"author":[{"embeddable":true,"href":"https:\/\/www.europesays.com\/de\/wp-json\/wp\/v2\/users\/2"}],"replies":[{"embeddable":true,"href":"https:\/\/www.europesays.com\/de\/wp-json\/wp\/v2\/comments?post=1170121"}],"version-history":[{"count":0,"href":"https:\/\/www.europesays.com\/de\/wp-json\/wp\/v2\/posts\/1170121\/revisions"}],"wp:featuredmedia":[{"embeddable":true,"href":"https:\/\/www.europesays.com\/de\/wp-json\/wp\/v2\/media\/1170122"}],"wp:attachment":[{"href":"https:\/\/www.europesays.com\/de\/wp-json\/wp\/v2\/media?parent=1170121"}],"wp:term":[{"taxonomy":"category","embeddable":true,"href":"https:\/\/www.europesays.com\/de\/wp-json\/wp\/v2\/categories?post=1170121"},{"taxonomy":"post_tag","embeddable":true,"href":"https:\/\/www.europesays.com\/de\/wp-json\/wp\/v2\/tags?post=1170121"}],"curies":[{"name":"wp","href":"https:\/\/api.w.org\/{rel}","templated":true}]}}