{"id":117020,"date":"2025-05-17T06:00:09","date_gmt":"2025-05-17T06:00:09","guid":{"rendered":"https:\/\/www.europesays.com\/de\/117020\/"},"modified":"2025-05-17T06:00:09","modified_gmt":"2025-05-17T06:00:09","slug":"fw-f-brennendes-dach-in-niederursel","status":"publish","type":"post","link":"https:\/\/www.europesays.com\/de\/117020\/","title":{"rendered":"FW-F: Brennendes Dach in Niederursel"},"content":{"rendered":"<p class=\"date\">17.05.2025 \u2013 07:00<\/p>\n<p class=\"customer\">\n                        <a class=\"story-customer\" title=\"weiter zum newsroom von Feuerwehr Frankfurt am Main\" href=\"https:\/\/www.presseportal.de\/blaulicht\/nr\/116052\" rel=\"nofollow noopener\" target=\"_blank\">Feuerwehr Frankfurt am Main<\/a>\n                    <\/p>\n<p><a data-category=\"citylink-story-view\" data-action=\"click\" data-label=\"Citylink in Meldungsansicht\" class=\"story-city event-trigger\" href=\"https:\/\/www.presseportal.de\/regional\/Frankfurt%20am%20Main\" title=\"News aus Frankfurt am Main \" rel=\"nofollow noopener\" target=\"_blank\">Frankfurt am Main<\/a> (ots)<\/p>\n<p>Am Freitagabend, 16. Mai, kam es um kurz nach 20 Uhr zu einem Brand in einem Nebengeb\u00e4ude auf dem Gel\u00e4nde einer Seniorenwohnanlage in der  Kreuzerhohl in Frankfurt-Niederursel.<\/p>\n<p>Das Feuer brach vermutlich auf einem Balkon aus und breitete sich rasch auf das h\u00f6lzerne Pultdach und in eine Wohnung aus. Alle neun Bewohnerinnen und Bewohner konnten sich gl\u00fccklicherweise rechtzeitig und unverletzt selbst ins Freie retten.<\/p>\n<p>Die Feuerwehr Frankfurt war mit bis zu 130 Einsatzkr\u00e4ften und \u00fcber 30 Fahrzeugen im Einsatz &#8211; darunter auch drei Drehleitern. Die L\u00f6scharbeiten waren besonders aufw\u00e4ndig: Um versteckte Glutnester zu erreichen, musste die Blechverkleidung des Dachs ge\u00f6ffnet werden.<\/p>\n<p>Unterst\u00fctzt wurde die Berufsfeuerwehr von den Freiwilligen Feuerwehren aus Niederursel, Seckbach, Kalbach, Nieder-Erlenbach und Schwanheim. Die Einsatzkr\u00e4fte arbeiteten in Schichten, um die Belastung gleichm\u00e4\u00dfig zu verteilen und m\u00f6glichst schnell Einsatzerfolge zu erzielen.<\/p>\n<p>Gegen 1:30 Uhr konnten die Ma\u00dfnahmen deutlich reduziert werden. Der Brand war unter Kontrolle, und aktuell ist nur noch eine Brandwache vor Ort.<\/p>\n<p class=\"contact-headline\">R\u00fcckfragen bitte an:<\/p>\n<p class=\"contact-text\">Feuerwehr Frankfurt am Main<br \/>Informations- u. Kommunikationsmanagement<br \/>Florian Ritter<br \/>Feuerwehrstra\u00dfe 1<br \/>60435 Frankfurt am Main<br \/>Telefon: 0170 \/ 338 2008 (PvD)<br \/>E-Mail: <a href=\"https:\/\/www.presseportal.de\/blaulicht\/pm\/116052\/mailto: pressestelle.feuerwehr@stadt-frankfurt.de\" class=\"uri-mailto\" rel=\"nofollow noopener\" target=\"_blank\"> pressestelle.feuerwehr@stadt-frankfurt.de<\/a><br \/>Internet: <a target=\"_blank\" class=\"uri-ext outbound\" rel=\"noopener nofollow\" href=\"http:\/\/www.feuerwehr-frankfurt.de\">http:\/\/www.feuerwehr-frankfurt.de<\/a><\/p>\n<p class=\"originator\">Original-Content von: Feuerwehr Frankfurt am Main, \u00fcbermittelt durch news aktuell<\/p>\n","protected":false},"excerpt":{"rendered":"17.05.2025 \u2013 07:00 Feuerwehr Frankfurt am Main Frankfurt am Main (ots) Am Freitagabend, 16. Mai, kam es um&hellip;\n","protected":false},"author":2,"featured_media":108,"comment_status":"","ping_status":"","sticky":false,"template":"","format":"standard","meta":{"footnotes":""},"categories":[1829],"tags":[2919,29,985,2050,2051,30,2052,178,180,179,181],"class_list":{"0":"post-117020","1":"post","2":"type-post","3":"status-publish","4":"format-standard","5":"has-post-thumbnail","7":"category-frankfurt-am-main","8":"tag-brand","9":"tag-deutschland","10":"tag-feuerwehr","11":"tag-frankfurt","12":"tag-frankfurt-am-main","13":"tag-germany","14":"tag-hessen","15":"tag-presse","16":"tag-pressemeldung","17":"tag-pressemitteilung","18":"tag-pressemitteilungen"},"share_on_mastodon":{"url":"https:\/\/pubeurope.com\/@de\/114521651543283531","error":""},"_links":{"self":[{"href":"https:\/\/www.europesays.com\/de\/wp-json\/wp\/v2\/posts\/117020","targetHints":{"allow":["GET"]}}],"collection":[{"href":"https:\/\/www.europesays.com\/de\/wp-json\/wp\/v2\/posts"}],"about":[{"href":"https:\/\/www.europesays.com\/de\/wp-json\/wp\/v2\/types\/post"}],"author":[{"embeddable":true,"href":"https:\/\/www.europesays.com\/de\/wp-json\/wp\/v2\/users\/2"}],"replies":[{"embeddable":true,"href":"https:\/\/www.europesays.com\/de\/wp-json\/wp\/v2\/comments?post=117020"}],"version-history":[{"count":0,"href":"https:\/\/www.europesays.com\/de\/wp-json\/wp\/v2\/posts\/117020\/revisions"}],"wp:featuredmedia":[{"embeddable":true,"href":"https:\/\/www.europesays.com\/de\/wp-json\/wp\/v2\/media\/108"}],"wp:attachment":[{"href":"https:\/\/www.europesays.com\/de\/wp-json\/wp\/v2\/media?parent=117020"}],"wp:term":[{"taxonomy":"category","embeddable":true,"href":"https:\/\/www.europesays.com\/de\/wp-json\/wp\/v2\/categories?post=117020"},{"taxonomy":"post_tag","embeddable":true,"href":"https:\/\/www.europesays.com\/de\/wp-json\/wp\/v2\/tags?post=117020"}],"curies":[{"name":"wp","href":"https:\/\/api.w.org\/{rel}","templated":true}]}}