{"id":1170217,"date":"2026-07-16T05:55:21","date_gmt":"2026-07-16T05:55:21","guid":{"rendered":"https:\/\/www.europesays.com\/de\/1170217\/"},"modified":"2026-07-16T05:55:21","modified_gmt":"2026-07-16T05:55:21","slug":"muenchen-bayern-neuzugang-ismael-saibari-nach-wm-verletzung-angekommen","status":"publish","type":"post","link":"https:\/\/www.europesays.com\/de\/1170217\/","title":{"rendered":"M\u00fcnchen: Bayern-Neuzugang Ismael Saibari nach WM-Verletzung angekommen"},"content":{"rendered":"<p>WM-Star gesichtet <\/p>\n<p>Privatjet, Verletzung, 50 Millionen \u2013 so lief Saibaris Ankunft in M\u00fcnchen<\/p>\n<p>Aktualisiert am 16.07.2026 &#8211; 03:12 UhrLesedauer: 2 Min.<\/p>\n<p><a href=\"#focus-0\" class=\"transition-colors block text-current relative\" data-sctrack=\"FocusGalleryImage.Reference\"><img fetchpriority=\"high\" data-testid=\"Opener.Image\"   loading=\"eager\" src=\"https:\/\/www.europesays.com\/de\/wp-content\/uploads\/2026\/07\/ismael-saibari-der-marokkaner-spielt-in-der-kommenden-saison-bei-den-bayern.jpg\" alt=\"Ismael Saibari: Der Marokkaner spielt in der kommenden Saison bei den Bayern.\" title=\"Ismael Saibari: Der Marokkaner spielt in der kommenden Saison bei den Bayern.\" width=\"800\" height=\"450\" class=\"bg-[url:var(--lqipURL)] bg-cover bg-center flex h-full w-full max-w-full\" style=\"--lqipURL:url('https:\/\/images.t-online.de\/2026\/07\/RGGq8rTnpaDy\/0x75:800x450\/fit-in\/150x0\/filters:blur(25)\/ismael-saibari-der-marokkaner-spielt-in-der-kommenden-saison-bei-den-bayern.jpg')\" decoding=\"async\"\/><img loading=\"lazy\" src=\"https:\/\/muenchen.t-online.de\/s\/paper\/_next\/static\/media\/zoom-in.f7dae02f.svg\" alt=\"Vergr\u00f6\u00dfern des Bildes\" title=\"Vergr\u00f6\u00dfern des Bildes\" class=\"block h-[calc(var(--height)_\/_16_*_1rem)] w-[calc(var(--width)_\/_16_*_1rem)] max-w-none absolute right-8 bottom-8 rounded-4 bg-snow p-8\" style=\"--width:32;--height:32\" decoding=\"async\"\/><\/a><\/p>\n<p>Ismael Saibari: Der Marokkaner spielt in der kommenden Saison bei den Bayern. (Quelle: Frank Franklin II)<\/p>\n<p><img loading=\"lazy\" src=\"https:\/\/muenchen.t-online.de\/s\/paper\/_next\/static\/media\/audio-volume.6689034c.svg\" alt=\"\" title=\"\" class=\"block h-[calc(var(--height)_\/_16_*_1rem)] w-[calc(var(--width)_\/_16_*_1rem)] max-w-none group-hover:brightness-0 group-hover:invert\" style=\"--width:16;--height:16\" decoding=\"async\"\/>Vorlesen<\/p>\n<p>Aktuelle Zeit:0:00Gesamtdauer:0:00<\/p>\n<p>1x<\/p>\n<p class=\"text-center\">Jetzt neu bei t-online:<\/p>\n<p class=\"text-center\">Schriftgr\u00f6\u00dfe anpassen!<\/p>\n<p><img loading=\"lazy\" src=\"https:\/\/muenchen.t-online.de\/s\/paper\/_next\/static\/media\/font-sizes.32942e33.svg\" alt=\"\" title=\"\" class=\"block h-[calc(var(--height)_\/_16_*_1rem)] w-[calc(var(--width)_\/_16_*_1rem)] max-w-none group-hover:hidden group-aria-expanded:hidden\" style=\"--width:16;--height:16\" decoding=\"async\"\/><img loading=\"lazy\" src=\"https:\/\/muenchen.t-online.de\/s\/paper\/_next\/static\/media\/font-sizes-dark-mode.e382645c.svg\" alt=\"\" title=\"\" class=\"block h-[calc(var(--height)_\/_16_*_1rem)] w-[calc(var(--width)_\/_16_*_1rem)] max-w-none hidden group-hover:block group-aria-expanded:block\" style=\"--width:16;--height:16\" decoding=\"async\"\/><img loading=\"lazy\" src=\"https:\/\/muenchen.t-online.de\/s\/paper\/_next\/static\/media\/sharing-menu-icon.1eb71368.svg\" alt=\"\" title=\"\" class=\"block h-[calc(var(--height)_\/_16_*_1rem)] w-[calc(var(--width)_\/_16_*_1rem)] max-w-none group-hover:brightness-0 group-hover:invert\" style=\"--width:16;--height:16\" decoding=\"async\"\/>Artikel teilen<\/p>\n<p class=\"font-bold text-18 leading-17 user-text-lg:text-22 user-text-xl:text-24\">Er ist in M\u00fcnchen gelandet: Ismael Saibari soll den FC Bayern verst\u00e4rken. Doch eine Verletzung von der WM k\u00f6nnte seinen Start verz\u00f6gern.<\/p>\n<p class=\"text-18 leading-17 user-text-lg:text-22 user-text-xl:text-24\">Ismael Saibari hat in M\u00fcnchen zum ersten Mal die S\u00e4bener Stra\u00dfe besucht. Mit einem breiten Grinsen stieg der Neuzugang des FC Bayern am fr\u00fchen Mittwochvormittag aus dem Flugzeug und kam in die bayerische Landeshauptstadt, um sich erstmals seinen neuen Arbeitsplatz anzuschauen.<\/p>\n<p class=\"text-18 leading-17 user-text-lg:text-22 user-text-xl:text-24\">Seinen Vertrag beim FC Bayern hatte der Marokkaner bereits mehr als zwei Wochen zuvor im US-B\u00fcro des Vereins in New York unterschrieben. Hintergrund war die Weltmeisterschaft in den USA, Kanada und Mexiko, bei der Marokko sein Quartier nicht unweit der Metropole bezogen hatte. Mit seinem Land erreichte Saibari dort das Viertelfinale.<\/p>\n<p>Saibari lernt bereits die Mitarbeiter an der S\u00e4bener Stra\u00dfe kennen<\/p>\n<p class=\"text-18 leading-17 user-text-lg:text-22 user-text-xl:text-24\">&#8222;Ich freue mich vor allem auf die Allianz Arena, dort habe ich noch nie gespielt. Das erste Mal dort wird bestimmt besonders&#8220;, hatte der 25-J\u00e4hrige bei seiner Unterschrift in New York gesagt. In die Allianz Arena ging es bei seinem Kurzbesuch am Mittwoch zwar noch nicht, daf\u00fcr schaute sich Saibari mit seiner Familie ausf\u00fchrlich das Trainingszentrum des amtierenden Doublesiegers an und lernte bereits einige MItarbeiter kennen.<\/p>\n<p><a href=\"#focus-1\" class=\"transition-colors block text-current relative\" data-sctrack=\"FocusGalleryImage.Reference\"><img   loading=\"lazy\" src=\"https:\/\/www.europesays.com\/de\/wp-content\/uploads\/2026\/07\/mannschaftsarzt-jochen-hahne-und-neuzugang-ismael-saibari-der-spieler-muss-sich-noch-einem-medizinis.jpeg\" alt=\"Mannschaftsarzt Jochen Hahne und Neuzugang Ismael Saibari: Der Spieler muss sich noch einem medizinischen Check unterziehen.\" title=\"Mannschaftsarzt Jochen Hahne und Neuzugang Ismael Saibari: Der Spieler muss sich noch einem medizinischen Check unterziehen.\" width=\"623\" height=\"350\" class=\"h-full w-full max-w-full rounded-8\" decoding=\"async\"\/><img loading=\"lazy\" src=\"https:\/\/muenchen.t-online.de\/s\/paper\/_next\/static\/media\/zoom-in.f7dae02f.svg\" alt=\"Vergr\u00f6\u00dfern des Bildes\" title=\"Vergr\u00f6\u00dfern des Bildes\" class=\"block h-[calc(var(--height)_\/_16_*_1rem)] w-[calc(var(--width)_\/_16_*_1rem)] max-w-none absolute right-8 bottom-8 rounded-4 bg-snow p-8\" style=\"--width:32;--height:32\" decoding=\"async\"\/>Mannschaftsarzt Jochen Hahne und Neuzugang Ismael Saibari: Der Spieler muss sich noch einem medizinischen Check unterziehen. (Quelle: IMAGO\/Philippe Ruiz)<\/a><\/p>\n<ul class=\"text-18 leading-17 block pl-24 *:pb-16 *:before:inline-block *:before:size-8 *:before:bg-magenta *:before:mt-0 *:before:mr-12 *:before:mb-2 *:before:-ml-[20px]\">\n<li><strong class=\"font-bold\">Macht Kane den Messi?<\/strong> <a href=\"https:\/\/muenchen.t-online.de\/region\/muenchen\/id_101345580\/fc-bayern-muenchen-star-kane-laesst-teilnahme-an-wm-2030-bewusst-offen.html\" class=\"transition-colors cursor-pointer no-underline md:hover:text-magenta md:focus:text-magenta border-b border-solid border-current text-salemsfur md:hover:border-magenta\" data-tracking=\"{&quot;action&quot;:&quot;click&quot;,&quot;category&quot;:&quot;intextLink&quot;,&quot;label&quot;:&quot;\/region\/muenchen\/id_101345580\/fc-bayern-muenchen-star-kane-laesst-teilnahme-an-wm-2030-bewusst-offen.html&quot;}\" data-sctrack=\"BodyAnchor\" rel=\"nofollow noopener\" target=\"_blank\">Ein Satz l\u00e4sst England hoffen<\/a><\/li>\n<\/ul>\n<p class=\"text-18 leading-17 user-text-lg:text-22 user-text-xl:text-24\">Bei der WM in Nordamerika hatte Saibari mit starken Leistungen gegl\u00e4nzt. Als Mittelst\u00fcrmer erzielte der flexible Offensivspieler in jedem der drei Gruppenspiele gegen Brasilien, Schottland und Haiti jeweils ein Tor. Zudem verwandelte er den entscheidenden Elfmeter im Elfmeterschie\u00dfen gegen die Niederlande im Sechzehntelfinale (4:3 n.E.). Nach dem 3:0 gegen Co-Gastgeber Kanada im Achtelfinale musste Saibari im Viertelfinale gegen Frankreich (0:2) allerdings angeschlagen passen.<\/p>\n<p>Zum Mannschaftstraining wird Saibari sp\u00e4ter dazusto\u00dfen<\/p>\n<p class=\"text-18 leading-17 user-text-lg:text-22 user-text-xl:text-24\">Die M\u00fcnchner hatten den ehemaligen Spieler der PSV Eindhoven bereits l\u00e4nger beobachtet. &#8222;Entscheidend war, dass wir uns fr\u00fch bei ihm positioniert haben, weil wir von Ismaels F\u00e4higkeiten wussten und ihm von Beginn an eine konkrete Perspektive bei uns aufzeigen konnten&#8220;, erkl\u00e4rte Sportvorstand Max Eberl.<\/p>\n<p class=\"text-18 leading-17 user-text-lg:text-22 user-text-xl:text-24\">Wenn Bayern-Coach Vincent Kompany sein Team ab der kommenden Woche wieder zum Training an der S\u00e4bener Stra\u00dfe bittet, wird Saibari noch kein Teil der Trainingsgruppe sein. Der in Spanien geborene und in Belgien aufgewachsene Neuzugang genie\u00dft zun\u00e4chst seinen Urlaub und wird zu einem sp\u00e4teren Zeitpunkt nach M\u00fcnchen zur\u00fcckkehren. Dann soll sein Abenteuer beim FC Bayern so richtig beginnen.<\/p>\n","protected":false},"excerpt":{"rendered":"WM-Star gesichtet Privatjet, Verletzung, 50 Millionen \u2013 so lief Saibaris Ankunft in M\u00fcnchen Aktualisiert am 16.07.2026 &#8211; 03:12&hellip;\n","protected":false},"author":2,"featured_media":1170218,"comment_status":"","ping_status":"","sticky":false,"template":"","format":"standard","meta":{"footnotes":"","_share_on_mastodon":"0"},"categories":[1827],"tags":[722,3176,2721,772,29,458,30,3876,208,1268,944,1747,64,6319],"class_list":["post-1170217","post","type-post","status-publish","format-standard","has-post-thumbnail","category-muenchen","tag-722","tag-3176","tag-allianz-arena","tag-bayern","tag-deutschland","tag-fc-bayern-muenchen","tag-germany","tag-marokko","tag-mexiko","tag-muenchen","tag-new-york","tag-privatjet","tag-usa","tag-verletzung"],"share_on_mastodon":{"url":"https:\/\/pubeurope.com\/@de\/116928116248618899","error":""},"_links":{"self":[{"href":"https:\/\/www.europesays.com\/de\/wp-json\/wp\/v2\/posts\/1170217","targetHints":{"allow":["GET"]}}],"collection":[{"href":"https:\/\/www.europesays.com\/de\/wp-json\/wp\/v2\/posts"}],"about":[{"href":"https:\/\/www.europesays.com\/de\/wp-json\/wp\/v2\/types\/post"}],"author":[{"embeddable":true,"href":"https:\/\/www.europesays.com\/de\/wp-json\/wp\/v2\/users\/2"}],"replies":[{"embeddable":true,"href":"https:\/\/www.europesays.com\/de\/wp-json\/wp\/v2\/comments?post=1170217"}],"version-history":[{"count":0,"href":"https:\/\/www.europesays.com\/de\/wp-json\/wp\/v2\/posts\/1170217\/revisions"}],"wp:featuredmedia":[{"embeddable":true,"href":"https:\/\/www.europesays.com\/de\/wp-json\/wp\/v2\/media\/1170218"}],"wp:attachment":[{"href":"https:\/\/www.europesays.com\/de\/wp-json\/wp\/v2\/media?parent=1170217"}],"wp:term":[{"taxonomy":"category","embeddable":true,"href":"https:\/\/www.europesays.com\/de\/wp-json\/wp\/v2\/categories?post=1170217"},{"taxonomy":"post_tag","embeddable":true,"href":"https:\/\/www.europesays.com\/de\/wp-json\/wp\/v2\/tags?post=1170217"}],"curies":[{"name":"wp","href":"https:\/\/api.w.org\/{rel}","templated":true}]}}