{"id":117023,"date":"2025-05-17T06:02:09","date_gmt":"2025-05-17T06:02:09","guid":{"rendered":"https:\/\/www.europesays.com\/de\/117023\/"},"modified":"2025-05-17T06:02:09","modified_gmt":"2025-05-17T06:02:09","slug":"koeln-diese-kandidaten-stehen-im-finale-von-lets-dance","status":"publish","type":"post","link":"https:\/\/www.europesays.com\/de\/117023\/","title":{"rendered":"K\u00f6ln | Diese Kandidaten stehen im Finale von \u00abLet`s Dance\u00bb"},"content":{"rendered":"<p class=\"bodytext\">K\u00f6ln (dpa) &#8211; Die Finalisten der RTL-Tanzshow \u00abLet`s Dance\u00bb stehen fest: Reck-Olympiasieger Fabian Hamb\u00fcchen (37), Schwimmer Taliso Engel (22) und Diego Pooth (21), Sohn der Moderatorin Verona Pooth, k\u00e4mpfen im laut Moderator Daniel Hartwich ersten rein m\u00e4nnlichen Finale um den Titel. Podcasterin selfiesandra wird in dieser Staffel kein \u00abDancing Star\u00bb mehr &#8211; sie scheiterte in der elften Folge am Freitagabend im Halbfinale.<\/p>\n<p>Kandidaten begeistern beim Impro-Dance<\/p>\n<p>Wie schon im Viertelfinale fehlte den Kandidaten vor lauter Vorsicht dort zun\u00e4chst die Lockerheit. \u00abIch will einfach, dass ihr heute ausrastet\u00bb, forderte Jurorin Motsi Mabuse. So richtig zum Ausrasten brachten die Kandidaten die Jury und das Publikum aber erst mit ihrem dritten Tanz &#8211; einer Improvisation. Die Kandidaten erfuhren per Los in der Show, welchen Tanz sie tanzen mussten und hatten 30 Sekunden, um sich abzusprechen.<\/p>\n<p>Vielleicht lag es daran, dass der Kopf frei war, aber die Kandidaten lieferten beim \u00abImpro-Dance even noch more extreme\u00bb einer nach dem anderen ab: Fabian Hamb\u00fcchen und Diego Pooth holten 30 Punkte, selfiesandra 26 Punkte und Taliso Engel 27 Punkte. Das Publikum skandierte: \u00abZugabe, Zugabe!\u00bb Dort sa\u00dfen auch \u00abLet`s Dance\u00bb-Gewinner Gabriel Kelly (23) sowie die Eltern von Diego, Franjo und Verona Pooth.<\/p>\n<p>Was passiert im Finale?<\/p>\n<p>Die verbliebenen drei Kandidaten erwartet nun das Finale, in dem sie auch einen selbst choreografierten Tanz zeigen d\u00fcrfen. Ebenfalls erwartet sie und das Publikum ein Wiedersehen mit den ausgeschiedenen Kandidatinnen und Kandidaten der Staffel, die noch einmal ihre sch\u00f6nsten T\u00e4nze zeigen.<\/p>\n<p>Das Finale sehr wahrscheinlich verpassen wird Malika Dzumaev, die mit Gabriel Kelly die vergangene Staffel gewann. Auf Instagram postete die 34 Jahre alte T\u00e4nzerin einige Tage vor dem Halbfinale Fotos aus dem Krankenhaus und berichtete von einem Bandscheibenvorfall.\u00a0<\/p>\n<p>\u00abManchmal spielt das Leben ein anderes Spiel\u00bb, schrieb sie dazu. \u00abHeute vor einer Woche aus dem Nichts ? Bandscheibenvorfall an der Halswirbels\u00e4ule\u00bb, hie\u00df es in dem Post. Sie denke nur daran, wieder gesund zu werden, schrieb Dzumaev weiter. \u00abTanzen ist mein Leben, ohne k\u00f6nnte ich nicht.\u00bb<\/p>\n","protected":false},"excerpt":{"rendered":"K\u00f6ln (dpa) &#8211; Die Finalisten der RTL-Tanzshow \u00abLet`s Dance\u00bb stehen fest: Reck-Olympiasieger Fabian Hamb\u00fcchen (37), Schwimmer Taliso Engel&hellip;\n","protected":false},"author":2,"featured_media":117024,"comment_status":"","ping_status":"","sticky":false,"template":"","format":"standard","meta":{"footnotes":""},"categories":[1828],"tags":[29,441,30,1420,2549,62,1209,6907,215],"class_list":{"0":"post-117023","1":"post","2":"type-post","3":"status-publish","4":"format-standard","5":"has-post-thumbnail","7":"category-koeln","8":"tag-deutschland","9":"tag-fernsehen","10":"tag-germany","11":"tag-koeln","12":"tag-leute","13":"tag-medien","14":"tag-nordrhein-westfalen","15":"tag-tanz","16":"tag-unterhaltung"},"share_on_mastodon":{"url":"https:\/\/pubeurope.com\/@de\/114521659564584111","error":""},"_links":{"self":[{"href":"https:\/\/www.europesays.com\/de\/wp-json\/wp\/v2\/posts\/117023","targetHints":{"allow":["GET"]}}],"collection":[{"href":"https:\/\/www.europesays.com\/de\/wp-json\/wp\/v2\/posts"}],"about":[{"href":"https:\/\/www.europesays.com\/de\/wp-json\/wp\/v2\/types\/post"}],"author":[{"embeddable":true,"href":"https:\/\/www.europesays.com\/de\/wp-json\/wp\/v2\/users\/2"}],"replies":[{"embeddable":true,"href":"https:\/\/www.europesays.com\/de\/wp-json\/wp\/v2\/comments?post=117023"}],"version-history":[{"count":0,"href":"https:\/\/www.europesays.com\/de\/wp-json\/wp\/v2\/posts\/117023\/revisions"}],"wp:featuredmedia":[{"embeddable":true,"href":"https:\/\/www.europesays.com\/de\/wp-json\/wp\/v2\/media\/117024"}],"wp:attachment":[{"href":"https:\/\/www.europesays.com\/de\/wp-json\/wp\/v2\/media?parent=117023"}],"wp:term":[{"taxonomy":"category","embeddable":true,"href":"https:\/\/www.europesays.com\/de\/wp-json\/wp\/v2\/categories?post=117023"},{"taxonomy":"post_tag","embeddable":true,"href":"https:\/\/www.europesays.com\/de\/wp-json\/wp\/v2\/tags?post=117023"}],"curies":[{"name":"wp","href":"https:\/\/api.w.org\/{rel}","templated":true}]}}