{"id":117030,"date":"2025-05-17T06:06:14","date_gmt":"2025-05-17T06:06:14","guid":{"rendered":"https:\/\/www.europesays.com\/de\/117030\/"},"modified":"2025-05-17T06:06:14","modified_gmt":"2025-05-17T06:06:14","slug":"zugstrecke-nach-hamburg-gesperrt-ausfaelle-und-ersatzverkehr","status":"publish","type":"post","link":"https:\/\/www.europesays.com\/de\/117030\/","title":{"rendered":"Zugstrecke nach Hamburg gesperrt \u2013 Ausf\u00e4lle und Ersatzverkehr"},"content":{"rendered":"<p>Ausf\u00e4lle und Ersatzverkehr <\/p>\n<p>Bahn sperrt wichtige Zugverbindung nach Hamburg<\/p>\n<p>17.05.2025 &#8211; 07:51 UhrLesedauer: 1 Min.<\/p>\n<p><a href=\"#focus-0\" class=\"transition-colors duration-200 focus-within:text-magenta block text-current relative\" data-sctrack=\"FocusGalleryImage.Reference\"><img fetchpriority=\"high\" data-testid=\"Opener.Image\" style=\"--lqipURL:url('https:\/\/images.t-online.de\/2025\/05\/Y3vu3--Q0TRq\/182x176:1685x948\/fit-in\/150x0\/filters:blur(25)\/ein-ice-zug-symbolbild-auch-der-fernverkehr-ist-von-der-streckensperrung-bei-hamburg-betroffen.jpg')\"   loading=\"eager\" src=\"https:\/\/www.europesays.com\/de\/wp-content\/uploads\/2025\/05\/ein-ice-zug-symbolbild-auch-der-fernverkehr-ist-von-der-streckensperrung-bei-hamburg-betroffen.jpg\" alt=\"Ein ICE-Zug (Symbolbild: Auch der Fernverkehr ist von der Streckensperrung bei Hamburg betroffen.\" title=\"Ein ICE-Zug (Symbolbild: Auch der Fernverkehr ist von der Streckensperrung bei Hamburg betroffen.\" width=\"1685\" height=\"948\" class=\"bg-[url:var(--lqipURL)] bg-cover bg-center flex w-full max-w-full h-full\" decoding=\"async\"\/><img style=\"--width:32;--height:32\" loading=\"lazy\" src=\"https:\/\/www.europesays.com\/de\/wp-content\/uploads\/2025\/05\/zoom-in.f7dae02f.svg.svg+xml\" alt=\"Vergr\u00f6\u00dfern des Bildes\" title=\"Vergr\u00f6\u00dfern des Bildes\" class=\"&#10;        block&#10;        h-[calc(var(--height)_\/_16_*_1rem)]&#10;        w-[calc(var(--width)_\/_16_*_1rem)]&#10;        max-w-none&#10;        absolute bottom-8 right-8 rounded-4 bg-snow p-8\" decoding=\"async\"\/><\/a><\/p>\n<p>Ein ICE-Zug (Symbolbild: Auch der Fernverkehr ist von der Streckensperrung nach Hamburg betroffen. (Quelle: Julian Stratenschulte\/dpa)<\/p>\n<p class=\"font-bold text-18 leading-17\">Am Wochenende wird ein Streckenabschnitt bei Schwerin voll gesperrt. Mehrere Fernz\u00fcge ab Berlin fallen aus oder werden umgeleitet.<\/p>\n<p class=\"text-18 leading-17\">Bahnreisende, die am Wochenende Richtung <a rel=\"nofollow noopener\" target=\"_blank\" class=\"transition-colors duration-200 cursor-pointer text-inherit no-underline text-salemsfur md:hover:text-magenta md:hover:border-magenta md:focus:text-magenta border-current border-b border-solid break-words\" href=\"https:\/\/hamburg.t-online.de\/region\/hamburg\/\" data-sctrack=\"BodyAnchor\">Hamburg<\/a> fahren wollen, m\u00fcssen mit Zugausf\u00e4llen und l\u00e4ngeren Fahrzeiten rechnen. Die Strecke zwischen B\u00fcchen und Schwerin\/Ludwigslust ist von Samstag, 21 Uhr, bis Sonntag, 13 Uhr, voll gesperrt.<\/p>\n<p class=\"text-18 leading-17\">Hintergrund sind nach Angaben der Deutschen Bahn die Vorbereitungen f\u00fcr die Generalsanierung der Strecke Hamburg-Berlin, die am 1. August dieses Jahres beginnen soll.<\/p>\n<p class=\"text-18 leading-17\">Im Fernverkehr werden die ICE-Linien 18 und 28 w\u00e4hrend der Sperrung umgeleitet. Eurocity-Z\u00fcge zwischen <a class=\"transition-colors duration-200 cursor-pointer text-inherit no-underline text-salemsfur md:hover:text-magenta md:hover:border-magenta md:focus:text-magenta border-current border-b border-solid break-words\" href=\"https:\/\/www.t-online.de\/region\/berlin\/\" data-sctrack=\"BodyAnchor\" rel=\"nofollow noopener\" target=\"_blank\">Berlin<\/a> und Hamburg fallen vollst\u00e4ndig aus. Auch Fernverkehrsz\u00fcge nach Rostock und <a class=\"transition-colors duration-200 cursor-pointer text-inherit no-underline text-salemsfur md:hover:text-magenta md:hover:border-magenta md:focus:text-magenta border-current border-b border-solid break-words\" href=\"https:\/\/www.t-online.de\/themen\/stralsund\/\" data-sctrack=\"BodyAnchor\" rel=\"nofollow noopener\" target=\"_blank\">Stralsund<\/a> fahren den Angaben zufolge teilweise nicht.<\/p>\n<p class=\"text-18 leading-17\">Auf den Strecken der Regionalexpressz\u00fcge RE 1 und RE 4 werden einzelne Verbindungen durch Busse ersetzt. Das betrifft unter anderem die Abschnitte zwischen B\u00fcchen und Bad Kleinen sowie zwischen Bad Kleinen und <a class=\"transition-colors duration-200 cursor-pointer text-inherit no-underline text-salemsfur md:hover:text-magenta md:hover:border-magenta md:focus:text-magenta border-current border-b border-solid break-words\" href=\"https:\/\/www.t-online.de\/themen\/schwerin\/\" data-sctrack=\"BodyAnchor\" rel=\"nofollow noopener\" target=\"_blank\">Schwerin<\/a>.<\/p>\n<p class=\"text-18 leading-17\">Auch der Regionalverkehr der Ostdeutschen Eisenbahn GmbH (ODEG) ist von der Sperrung betroffen. Auf verschiedenen Abschnitten zwischen <a class=\"transition-colors duration-200 cursor-pointer text-inherit no-underline text-salemsfur md:hover:text-magenta md:hover:border-magenta md:focus:text-magenta border-current border-b border-solid break-words\" href=\"https:\/\/www.t-online.de\/themen\/wismar\/\" data-sctrack=\"BodyAnchor\" rel=\"nofollow noopener\" target=\"_blank\">Wismar<\/a>, Bad Kleinen, Schwerin, <a class=\"transition-colors duration-200 cursor-pointer text-inherit no-underline text-salemsfur md:hover:text-magenta md:hover:border-magenta md:focus:text-magenta border-current border-b border-solid break-words\" href=\"https:\/\/www.t-online.de\/themen\/ludwigslust\/\" data-sctrack=\"BodyAnchor\" rel=\"nofollow noopener\" target=\"_blank\">Ludwigslust<\/a> und Hagenow wird ein Ersatzverkehr mit Bussen eingerichtet.<\/p>\n<p class=\"text-18 leading-17\">Die <a class=\"transition-colors duration-200 cursor-pointer text-inherit no-underline text-salemsfur md:hover:text-magenta md:hover:border-magenta md:focus:text-magenta border-current border-b border-solid break-words\" href=\"https:\/\/www.t-online.de\/themen\/deutsche-bahn\/\" data-sctrack=\"BodyAnchor\" rel=\"nofollow noopener\" target=\"_blank\">Deutsche Bahn<\/a> empfiehlt Fahrg\u00e4sten, sich vor Fahrtantritt \u00fcber \u00c4nderungen zu informieren.<\/p>\n","protected":false},"excerpt":{"rendered":"Ausf\u00e4lle und Ersatzverkehr Bahn sperrt wichtige Zugverbindung nach Hamburg 17.05.2025 &#8211; 07:51 UhrLesedauer: 1 Min. Ein ICE-Zug (Symbolbild:&hellip;\n","protected":false},"author":2,"featured_media":117031,"comment_status":"","ping_status":"","sticky":false,"template":"","format":"standard","meta":{"footnotes":""},"categories":[1826],"tags":[722,1325,45108,296,19088,29,3600,45107,30,692,35835,14844,22899,35798,45106],"class_list":{"0":"post-117030","1":"post","2":"type-post","3":"status-publish","4":"format-standard","5":"has-post-thumbnail","7":"category-hamburg","8":"tag-722","9":"tag-ausfall","10":"tag-bad-kleinen","11":"tag-berlin","12":"tag-buchen","13":"tag-deutschland","14":"tag-fernverkehr","15":"tag-fernzug","16":"tag-germany","17":"tag-hamburg","18":"tag-ludwigslust","19":"tag-schwerin","20":"tag-streckenabschnitt","21":"tag-streckensperrung","22":"tag-zugverbindung"},"share_on_mastodon":{"url":"https:\/\/pubeurope.com\/@de\/114521675156743260","error":""},"_links":{"self":[{"href":"https:\/\/www.europesays.com\/de\/wp-json\/wp\/v2\/posts\/117030","targetHints":{"allow":["GET"]}}],"collection":[{"href":"https:\/\/www.europesays.com\/de\/wp-json\/wp\/v2\/posts"}],"about":[{"href":"https:\/\/www.europesays.com\/de\/wp-json\/wp\/v2\/types\/post"}],"author":[{"embeddable":true,"href":"https:\/\/www.europesays.com\/de\/wp-json\/wp\/v2\/users\/2"}],"replies":[{"embeddable":true,"href":"https:\/\/www.europesays.com\/de\/wp-json\/wp\/v2\/comments?post=117030"}],"version-history":[{"count":0,"href":"https:\/\/www.europesays.com\/de\/wp-json\/wp\/v2\/posts\/117030\/revisions"}],"wp:featuredmedia":[{"embeddable":true,"href":"https:\/\/www.europesays.com\/de\/wp-json\/wp\/v2\/media\/117031"}],"wp:attachment":[{"href":"https:\/\/www.europesays.com\/de\/wp-json\/wp\/v2\/media?parent=117030"}],"wp:term":[{"taxonomy":"category","embeddable":true,"href":"https:\/\/www.europesays.com\/de\/wp-json\/wp\/v2\/categories?post=117030"},{"taxonomy":"post_tag","embeddable":true,"href":"https:\/\/www.europesays.com\/de\/wp-json\/wp\/v2\/tags?post=117030"}],"curies":[{"name":"wp","href":"https:\/\/api.w.org\/{rel}","templated":true}]}}