{"id":1170345,"date":"2026-07-16T07:07:14","date_gmt":"2026-07-16T07:07:14","guid":{"rendered":"https:\/\/www.europesays.com\/de\/1170345\/"},"modified":"2026-07-16T07:07:14","modified_gmt":"2026-07-16T07:07:14","slug":"basf-in-duesseldorf-investiert-50-millionen-euro-in-emollients-anlage","status":"publish","type":"post","link":"https:\/\/www.europesays.com\/de\/1170345\/","title":{"rendered":"BASF in D\u00fcsseldorf investiert 50 Millionen Euro in Emollients-Anlage"},"content":{"rendered":"<p class=\"text_ohne_einzug richtext text-em-55 !leading-serif mx-6 desktop:mx-0\">Wenn die Leiterin des D\u00fcsseldorfer BASF-Werks den Vorteil der frisch eingeweihten Anlage allgemein verst\u00e4ndlich erkl\u00e4ren will, greift sie zu einer K\u00fcchenmetapher. \u201eStellen Sie sich einen Herd vor\u201c, sagt Helya Masoud. \u201eBisher hatten wir hier vier herk\u00f6mmliche Herdplatten. Jetzt kommt ein neues Induktionsfeld hinzu, das deutlich effizienter kocht \u2013 und verschiedenste Gerichte erm\u00f6glicht.\u201c<\/p>\n","protected":false},"excerpt":{"rendered":"Wenn die Leiterin des D\u00fcsseldorfer BASF-Werks den Vorteil der frisch eingeweihten Anlage allgemein verst\u00e4ndlich erkl\u00e4ren will, greift sie&hellip;\n","protected":false},"author":2,"featured_media":1170346,"comment_status":"","ping_status":"","sticky":false,"template":"","format":"standard","meta":{"footnotes":"","_share_on_mastodon":"0"},"categories":[1831],"tags":[2164,3948,3364,29,3405,245166,30,245167,25633,18153,1209,842,136817,82201,109,38348,42674],"class_list":["post-1170345","post","type-post","status-publish","format-standard","has-post-thumbnail","category-duesseldorf","tag-anlage","tag-basf","tag-de","tag-deutschland","tag-duesseldorf","tag-emollients","tag-germany","tag-hautcreme","tag-holthausen","tag-nachfrage","tag-nordrhein-westfalen","tag-produktion","tag-produktionsanlage","tag-produziert","tag-rohstoff","tag-sonnenschutz","tag-stoff"],"share_on_mastodon":{"url":"https:\/\/pubeurope.com\/@de\/116928397180227880","error":""},"_links":{"self":[{"href":"https:\/\/www.europesays.com\/de\/wp-json\/wp\/v2\/posts\/1170345","targetHints":{"allow":["GET"]}}],"collection":[{"href":"https:\/\/www.europesays.com\/de\/wp-json\/wp\/v2\/posts"}],"about":[{"href":"https:\/\/www.europesays.com\/de\/wp-json\/wp\/v2\/types\/post"}],"author":[{"embeddable":true,"href":"https:\/\/www.europesays.com\/de\/wp-json\/wp\/v2\/users\/2"}],"replies":[{"embeddable":true,"href":"https:\/\/www.europesays.com\/de\/wp-json\/wp\/v2\/comments?post=1170345"}],"version-history":[{"count":0,"href":"https:\/\/www.europesays.com\/de\/wp-json\/wp\/v2\/posts\/1170345\/revisions"}],"wp:featuredmedia":[{"embeddable":true,"href":"https:\/\/www.europesays.com\/de\/wp-json\/wp\/v2\/media\/1170346"}],"wp:attachment":[{"href":"https:\/\/www.europesays.com\/de\/wp-json\/wp\/v2\/media?parent=1170345"}],"wp:term":[{"taxonomy":"category","embeddable":true,"href":"https:\/\/www.europesays.com\/de\/wp-json\/wp\/v2\/categories?post=1170345"},{"taxonomy":"post_tag","embeddable":true,"href":"https:\/\/www.europesays.com\/de\/wp-json\/wp\/v2\/tags?post=1170345"}],"curies":[{"name":"wp","href":"https:\/\/api.w.org\/{rel}","templated":true}]}}