{"id":117038,"date":"2025-05-17T06:10:09","date_gmt":"2025-05-17T06:10:09","guid":{"rendered":"https:\/\/www.europesays.com\/de\/117038\/"},"modified":"2025-05-17T06:10:09","modified_gmt":"2025-05-17T06:10:09","slug":"berlin-lass-harry-styles-in-ruhe","status":"publish","type":"post","link":"https:\/\/www.europesays.com\/de\/117038\/","title":{"rendered":"Berlin, lass Harry Styles in Ruhe!"},"content":{"rendered":"<p class=\"tspAUhl tspAUhm\">In Berlin kannst du alles sein. Du kannst mit Taucheranzug und Flossen bekleidet Ringbahn fahren, als Lack-und-Leder-Hund dein \u201eHerrchen\u201c zum n\u00e4chsten Stra\u00dfenfest begleiten oder sonntagmorgens im Bademantel Br\u00f6tchen kaufen. Kein Problem, juckt niemanden. Der Berliner ist ge\u00fcbt darin wegzuschauen und Individualit\u00e4t kein Kriterium, ein zweites Mal hinzuschauen.<\/p>\n<p class=\"tspAUhl\">Leben und leben lassen! Das ist und bleibt in dieser Stadt der oberste Leitgedanke, das letzte St\u00fcck Freiheit, das man sich hier noch leistet. Vielleicht sogar das Letzte, was in Berlin \u00fcberhaupt noch leistbar ist.<\/p>\n<p class=\"tspAUhl\">Es sei denn, Achtung! Du bist Harry Styles. <\/p>\n<p><a href=\"https:\/\/abo.tagesspiegel.de\/tagesspiegel-app?icid=single-topic_13693996___\" data-gtm-class=\"article-mzt-link\" class=\"tspCCmu\" target=\"_blank\" rel=\"noopener\">Die Tagesspiegel-App Aktuelle Nachrichten, Hintergr\u00fcnde und Analysen direkt auf Ihr Smartphone. Dazu die digitale Zeitung. Hier gratis herunterladen.  <\/a><\/p>\n<p class=\"tspAUhl\">Seit Wochen h\u00e4lt der Mann, der mit der Band \u201eOne Direction\u201c ber\u00fchmt wurde, mit \u201e<a href=\"https:\/\/www.tagesspiegel.de\/kultur\/der-beste-popstar-aller-zeiten-warum-harry-styles-alles-richtig-macht-547677.html?icid=in-text-link_13693996\" class=\"link link--internal\" data-gtm-class=\"article-text-link\" data-gtm-val=\"internal\" target=\"_blank\" rel=\"noopener\">Watermelon Sugar<\/a>\u201c den weiblichen Orgasmus besang und zuletzt mit seiner \u201eLove on\u201c-Tour Herzen und Hallen f\u00fcllte, Berlin in Atem. Instagram und Tiktok sind voll von Fotos und Videos, in denen er wahlweise in einem Caf\u00e9, mit Leihfahrrad oder vor den Hansa-Studios gesichtet wird, mal mit seinem Produzenten Kid Harpoon, mal mit einer \u201eunbekannten Frau\u201c, mal alleine.<\/p>\n<p class=\"tspTef\">Empfohlener redaktioneller Inhalt<\/p>\n<p> An dieser Stelle finden Sie einen von unseren Redakteuren ausgew\u00e4hlten, externen Inhalt, der den Artikel f\u00fcr Sie mit zus\u00e4tzlichen Informationen anreichert. Sie k\u00f6nnen sich hier den externen Inhalt mit einem Klick anzeigen lassen oder wieder ausblenden. <\/p>\n<p> Externen Inhalt anzeigen <\/p>\n<p class=\"tspTel\"> Ich bin damit einverstanden, dass mir der externe Inhalt angezeigt wird. Damit k\u00f6nnen personenbezogene Daten an Drittplattformen \u00fcbermittelt werden.  Mehr Informationen dazu erhalten Sie in den Datenschutz-Einstellungen. Diese finden Sie ganz unten auf unserer Seite im Footer, sodass Sie Ihre Einstellungen jederzeit verwalten oder widerrufen k\u00f6nnen. <\/p>\n<p><img decoding=\"async\" src=\"https:\/\/www.europesays.com\/de\/wp-content\/uploads\/2025\/05\/ann-kathrin-hipp-rad-02.jpeg\"   alt=\"\" width=\"767\" height=\"767\" loading=\"lazy\" class=\"tspA4iu\"\/><\/p>\n<p class=\"tspB0lm\"><strong>Ann-Kathrin Hipp<\/strong> Ann-Kathrin Hipp hat beim Tagesspiegel volontiert und leitet mittlerweile den preisgekr\u00f6nten Newsletter \u201eCheckpoint\u201c. Einmal im Monat hostet sie zudem den Ringbahn-Podcast \u201eEine Runde Berlin\u201c.  Auf Radioeins kommentiert sie regelm\u00e4\u00dfig das politische Geschehen in Berlin &amp; Bund.<\/p>\n<p class=\"tspAUhl\">\u201eAn diesen Orten liegt sein Vanilleparf\u00fcm noch in der Luft\u201c, schreibt die Berliner Zeitung. \u201eAugen auf! Hier k\u00f6nnten Sie auf Harry Styles treffen\u201c, schreibt die Berliner Morgenpost. \u201eGanz Berlin sucht Harry. Wir suchen mit\u201c, schreibt Zeit Online. Das ProSieben-Magazin \u201etaff\u201c ist dem \u201eSuperstar auf der Spur\u201c und die Macher des digitalen Stadtmagazins \u201eMit Vergn\u00fcgen\u201c empfehlen praktischerweise gleich f\u00fcnf Orte, wenn auch ihr \u201e<a href=\"https:\/\/www.tagesspiegel.de\/berlin\/paparazzi-und-kichernde-teenies-berlin-ist-im-harry-styles-wahn-13645480.html?icid=in-text-link_13693996\" class=\"link link--internal\" data-gtm-class=\"article-text-link\" data-gtm-val=\"internal\" target=\"_blank\" rel=\"noopener\">auf seinen Spuren<\/a> durch Berlin wandern wollt\u201c. \u201eBrisant\u201c berichtet. <\/p>\n<p class=\"tspAUhl\">Kaum ist ein internationaler Star hier Dauergast, verliert sich die Stadt, die sich gerne selbst zu cool ist, in einer Mischung aus britischem Paparazzitum und deutscher Provinzialit\u00e4t. Alles f\u00fcr den perfekten Schnappschuss, alles f\u00fcr den Hype, alles gegen jegliche Privatsph\u00e4re. Und jede Sichtung eine Schlagzeile. Nichts und niemanden hat Berlin in den vergangenen Jahren mit vergleichbarer Penetranz gejagt \u2013 vielleicht noch das <a href=\"https:\/\/www.tagesspiegel.de\/gesellschaft\/das-sommermarchen-vom-wildschwein-und-der-lowin-ein-jahr-nach-dem-grossalarm--so-denken-die-grosswildjager-von-damals-heute-12052376.html?icid=in-text-link_13693996\" class=\"link link--internal\" data-gtm-class=\"article-text-link\" data-gtm-val=\"internal\" target=\"_blank\" rel=\"noopener\">als L\u00f6win verkleidete Wildschwein<\/a> in Kleinmachnow.<\/p>\n<p> Mehr zu Superstars in Berlin <a href=\"https:\/\/www.tagesspiegel.de\/berlin\/bester-fangirl-moment-billie-eilish-trifft-und-umarmt-fans-am-berliner-kudamm-13662169.html?icid=topic-list_13693996___\" data-gtm-class=\"article-mzt-link\" class=\"tspCCmu\" target=\"_blank\" rel=\"noopener\">\u201eBester Fangirl-Moment\u201c Billie Eilish trifft und umarmt Fans am Berliner Ku\u2019damm <\/a><a href=\"https:\/\/www.tagesspiegel.de\/berlin\/berliner_kultur\/us-superstar-in-der-uber-arena-in-berlin-es-kann-eben-nur-einen-timberlake-geben-12118319.html?icid=topic-list_13693996___\" data-gtm-class=\"article-mzt-link\" class=\"tspCCmu\" target=\"_blank\" rel=\"noopener\">US-Superstar in der Uber-Arena in Berlin Es kann eben nur einen Timberlake geben <\/a><a href=\"https:\/\/www.tagesspiegel.de\/kultur\/reinhard-kleist-zeichnet-david-bowie-mit-dem-rad-durch-west-berlin-12770324.html?icid=topic-list_13693996___\" data-gtm-class=\"article-mzt-link\" class=\"tspCCmu\" target=\"_blank\" rel=\"noopener\">Reinhard Kleist zeichnet David Bowie Mit dem Rad durch West-Berlin <\/a><\/p>\n<p class=\"tspAUhl\">Dabei wird im Dauertakt auch \u00fcber die Gr\u00fcnde f\u00fcr den (Dauer-)Aufenthalt des Popstars spekuliert. Wenn der schon so eisern und seit jeher \u00fcber sein Privatleben schweigt, dann werden doch wenigstens andere was dazu zu sagen haben. Oder? Na klar! Je nachdem, wen man fragt (oder welcher Insider sich gerade ungefragt meldet), nimmt Harry hier sein neues Album auf, eifert David Bowie nach, liebt Berlin oder eine Berlinerin. Die \u201eBild\u201c will wissen, dass sich der Musiker eine Immobilie zugelegt hat, eine Tiktokerin feiert sich \u00f6ffentlich als neue Nachbarin, nachdem er den Schl\u00fcssel vergessen und bei ihr geklingelt haben soll.<\/p>\n<p class=\"tspAUhl\">Ach Berlin, wie kannste dir so ver\u00e4ndern. Fr\u00fcher h\u00e4tte man Prominente hier prominent ignoriert statt angehimmelt, sich damit gebr\u00fcstet, nicht zu wissen, wer dieser Harry ist, statt zu wissen, wo er gerade seinen Matcha Latte trinkt. Vielleicht sollten wir wieder mehr L\u00e4ssigkeit wagen. Ihm zuliebe \u2013 und auch uns.<\/p>\n","protected":false},"excerpt":{"rendered":"In Berlin kannst du alles sein. Du kannst mit Taucheranzug und Flossen bekleidet Ringbahn fahren, als Lack-und-Leder-Hund dein&hellip;\n","protected":false},"author":2,"featured_media":117039,"comment_status":"","ping_status":"","sticky":false,"template":"","format":"standard","meta":{"footnotes":""},"categories":[1825],"tags":[296,29,30,26392,2272],"class_list":{"0":"post-117038","1":"post","2":"type-post","3":"status-publish","4":"format-standard","5":"has-post-thumbnail","7":"category-berlin","8":"tag-berlin","9":"tag-deutschland","10":"tag-germany","11":"tag-harry-styles","12":"tag-popstar"},"share_on_mastodon":{"url":"https:\/\/pubeurope.com\/@de\/114521690851225410","error":""},"_links":{"self":[{"href":"https:\/\/www.europesays.com\/de\/wp-json\/wp\/v2\/posts\/117038","targetHints":{"allow":["GET"]}}],"collection":[{"href":"https:\/\/www.europesays.com\/de\/wp-json\/wp\/v2\/posts"}],"about":[{"href":"https:\/\/www.europesays.com\/de\/wp-json\/wp\/v2\/types\/post"}],"author":[{"embeddable":true,"href":"https:\/\/www.europesays.com\/de\/wp-json\/wp\/v2\/users\/2"}],"replies":[{"embeddable":true,"href":"https:\/\/www.europesays.com\/de\/wp-json\/wp\/v2\/comments?post=117038"}],"version-history":[{"count":0,"href":"https:\/\/www.europesays.com\/de\/wp-json\/wp\/v2\/posts\/117038\/revisions"}],"wp:featuredmedia":[{"embeddable":true,"href":"https:\/\/www.europesays.com\/de\/wp-json\/wp\/v2\/media\/117039"}],"wp:attachment":[{"href":"https:\/\/www.europesays.com\/de\/wp-json\/wp\/v2\/media?parent=117038"}],"wp:term":[{"taxonomy":"category","embeddable":true,"href":"https:\/\/www.europesays.com\/de\/wp-json\/wp\/v2\/categories?post=117038"},{"taxonomy":"post_tag","embeddable":true,"href":"https:\/\/www.europesays.com\/de\/wp-json\/wp\/v2\/tags?post=117038"}],"curies":[{"name":"wp","href":"https:\/\/api.w.org\/{rel}","templated":true}]}}