{"id":1170387,"date":"2026-07-16T07:33:23","date_gmt":"2026-07-16T07:33:23","guid":{"rendered":"https:\/\/www.europesays.com\/de\/1170387\/"},"modified":"2026-07-16T07:33:23","modified_gmt":"2026-07-16T07:33:23","slug":"wm-2026-jude-bellingham-schlaegt-argentinier-nach-abpfiff-auf-den-hinterkopf-sport","status":"publish","type":"post","link":"https:\/\/www.europesays.com\/de\/1170387\/","title":{"rendered":"WM 2026: Jude Bellingham schl\u00e4gt Argentinier nach Abpfiff auf den Hinterkopf | Sport"},"content":{"rendered":"<p><a class=\"skip-content skip-content--link\" href=\"#in-content-skip-link-target-v-0-0\">TTS-Player \u00fcberspringen\u21b5<\/a><a id=\"in-content-skip-link-target-v-0-0\" class=\"skip-content--target-link-hidden skip-content skip-content--target-link\" href=\"#in-content-skip-link-target-v-0-0\">Artikel weiterlesen<\/a><\/p>\n<p data-21134c99=\"0-1433\"><b>Der Frust und die Entt\u00e4uschung bei den Engl\u00e4ndern sitzt richtig tief! Nach dem Drama im <\/b><a href=\"https:\/\/www.bild.de\/sport\/fussball\/fifa-wm-2026-QNToDBgFYEJ5vy2KN6mE\" class=\"text-link\" rel=\"nofollow noopener\" target=\"_blank\"><b>WM<\/b><\/a><b>-Halbfinale gegen Argentinien (1:2) und dem geplatzten Final-Traum durch zwei sp\u00e4te Gegentore kochen die Emotionen bei den Three Lions noch einmal richtig hoch.<\/b><\/p>\n<p data-21134c99=\"0-1433\">Im Mittelpunkt: Jude Bellingham (23). W\u00e4hrend die Argentinier nach Abpfiff den Finaleinzug feiern, n\u00e4hert sich der Real-Star Valent\u00edn Barco (21) von hinten und gibt dem Ersatzspieler mit der rechten Hand einen Schlag gegen den Hinterkopf. Der Argentinier ist sichtlich perplex, dreht sich zu Bellingham um und revanchiert sich mit einem kleinen Schubser.<\/p>\n<p><img decoding=\"async\" width=\"992\" height=\"558\" alt=\"Patsch! Bellingham (l.) schl\u00e4gt Valent\u00edn Barco (21) mit der flachen Hand gegen den Hinterkopf\" loading=\"lazy\" src=\"https:\/\/www.europesays.com\/de\/wp-content\/uploads\/2026\/07\/b1ff69b24ad4b461df9d950c7df4a0ce,ef0c03ee.jpeg\"   class=\"landscape\"\/><\/p>\n<p class=\"fig__caption__text\">Patsch! Bellingham (l.) schl\u00e4gt Valent\u00edn Barco (21) mit der flachen Hand gegen den Hinterkopf<\/p>\n<p>Foto: ARD<\/p>\n<p><img decoding=\"async\" width=\"992\" height=\"558\" alt=\"Die Streith\u00e4hne T\u00eate-\u00e0-T\u00eate: Bellingham (l.) und Barco\" loading=\"lazy\" src=\"https:\/\/www.europesays.com\/de\/wp-content\/uploads\/2026\/07\/4e073fd137f0c9d215f7487acaca43b1,3c2f3515.jpeg\"   class=\"landscape\"\/><\/p>\n<p class=\"fig__caption__text\">Die Streith\u00e4hne T\u00eate-\u00e0-T\u00eate: Bellingham (l.) und Barco<\/p>\n<p>Foto: ARD<\/p>\n<p data-21134c99=\"0-1433\">M\u00f6glicher Hintergrund: Barco ist nach dem Ausgleich von Fern\u00e1ndez (85.) zu der englischen Bank und den Spielern gegangen und hat provozierend gefeiert. Das hat Bellingham wohl nicht vergessen und gibt dem Mittelfeldspieler nach Abpfiff einen Klaps gegen den Hinterkopf.<\/p>\n<p>Mehr zum Thema<\/p>\n<p data-21134c99=\"0-1433\">Direkt nach Abpfiff des Halbfinal-Dramas gibt es noch eine Rudelbildung mit mehreren Spielern beider Nationen. Dabei schubst 2:1-Siegtorsch\u00fctze <a href=\"https:\/\/www.bild.de\/sport\/fussball\/wm-halbfinale-argentinien-dreht-spiel-lautaro-martinez-trifft-und-weint-im-interview-6a57fa97c0375e9136c4b69e\" class=\"text-link\" rel=\"nofollow noopener\" target=\"_blank\">Lautaro Mart\u00ednez<\/a> Englands Rogers. Schiri Ismail Elfath (44\/USA) geht dazwischen, h\u00e4lt die Streith\u00e4lse mit seinen Assistenten zur\u00fcck.<\/p>\n<p><img decoding=\"async\" width=\"992\" height=\"558\" alt=\"Rudelbildung nach Abpfiff zwischen einigen Spielern von Argentinien und England\" loading=\"lazy\" src=\"https:\/\/www.europesays.com\/de\/wp-content\/uploads\/2026\/07\/008756ef8966a7f11dd154706b015aa3,533e7fed.jpeg\"   class=\"landscape\"\/><\/p>\n<p class=\"fig__caption__text\">Rudelbildung nach Abpfiff zwischen einigen Spielern von Argentinien und England<\/p>\n<p>Foto: FIFA via Getty Images<\/p>\n<p data-21134c99=\"0-1433\">W\u00e4hrend mehrere Profis aneinandergeraten, feiert Superstar <a href=\"https:\/\/www.bild.de\/themen\/personen\/lionel-messi\/sport-fussball-mix-nachrichten-news-fotos-videos-15817194.bild.html\" class=\"text-link\" rel=\"nofollow noopener\" target=\"_blank\">Lionel Messi<\/a> (39) den Finaleinzug, reckt beide F\u00e4uste in unmittelbarer N\u00e4he der Rudelbildung in den Himmel. F\u00fcr Messi und Co. geht es jetzt am Sonntag im Finale gegen Spanien um den zweiten Titel in Serie.<\/p>\n<p>Nachspielzeit-Drama gegen England: Der MESSI-WAHNSINN im Video!<a class=\"anchor video-teaser__anchor\" href=\"https:\/\/www.bild.de\/sport\/fussball\/nachspielzeit-daram-gegen-england-der-messi-wahnsinn-im-video-6a57a785b471d7a3ad0a3400\" rel=\"nofollow noopener\" target=\"_blank\"><img decoding=\"async\" width=\"992\" height=\"558\" alt=\"\" loading=\"lazy\" src=\"https:\/\/www.europesays.com\/de\/wp-content\/uploads\/2026\/07\/b4c4019ef2a34c9e6b1da7db3ee61784,c795b783.jpeg\"   class=\"landscape teaser__image\"\/><\/a><\/p>\n<p>Quelle: MagentaTV16.07.2026<\/p>\n","protected":false},"excerpt":{"rendered":"TTS-Player \u00fcberspringen\u21b5Artikel weiterlesen Der Frust und die Entt\u00e4uschung bei den Engl\u00e4ndern sitzt richtig tief! Nach dem Drama im&hellip;\n","protected":false},"author":2,"featured_media":1170388,"comment_status":"","ping_status":"","sticky":false,"template":"","format":"standard","meta":{"footnotes":"","_share_on_mastodon":"0"},"categories":[136],"tags":[27636,29,347,38029,30,2245,232646,61497,265],"class_list":["post-1170387","post","type-post","status-publish","format-standard","has-post-thumbnail","category-sport","tag-bellingham-jude","tag-deutschland","tag-fussball","tag-fussball-wm-2026","tag-germany","tag-halbfinale","tag-nationalmannschaft-argentinien","tag-nationalmannschaft-england","tag-sport"],"share_on_mastodon":{"url":"https:\/\/pubeurope.com\/@de\/116928499904735432","error":""},"_links":{"self":[{"href":"https:\/\/www.europesays.com\/de\/wp-json\/wp\/v2\/posts\/1170387","targetHints":{"allow":["GET"]}}],"collection":[{"href":"https:\/\/www.europesays.com\/de\/wp-json\/wp\/v2\/posts"}],"about":[{"href":"https:\/\/www.europesays.com\/de\/wp-json\/wp\/v2\/types\/post"}],"author":[{"embeddable":true,"href":"https:\/\/www.europesays.com\/de\/wp-json\/wp\/v2\/users\/2"}],"replies":[{"embeddable":true,"href":"https:\/\/www.europesays.com\/de\/wp-json\/wp\/v2\/comments?post=1170387"}],"version-history":[{"count":0,"href":"https:\/\/www.europesays.com\/de\/wp-json\/wp\/v2\/posts\/1170387\/revisions"}],"wp:featuredmedia":[{"embeddable":true,"href":"https:\/\/www.europesays.com\/de\/wp-json\/wp\/v2\/media\/1170388"}],"wp:attachment":[{"href":"https:\/\/www.europesays.com\/de\/wp-json\/wp\/v2\/media?parent=1170387"}],"wp:term":[{"taxonomy":"category","embeddable":true,"href":"https:\/\/www.europesays.com\/de\/wp-json\/wp\/v2\/categories?post=1170387"},{"taxonomy":"post_tag","embeddable":true,"href":"https:\/\/www.europesays.com\/de\/wp-json\/wp\/v2\/tags?post=1170387"}],"curies":[{"name":"wp","href":"https:\/\/api.w.org\/{rel}","templated":true}]}}