{"id":1170416,"date":"2026-07-16T07:49:20","date_gmt":"2026-07-16T07:49:20","guid":{"rendered":"https:\/\/www.europesays.com\/de\/1170416\/"},"modified":"2026-07-16T07:49:20","modified_gmt":"2026-07-16T07:49:20","slug":"neuer-leitfaden-zum-thema-zwangsheirat-und-kinderehen","status":"publish","type":"post","link":"https:\/\/www.europesays.com\/de\/1170416\/","title":{"rendered":"Neuer Leitfaden zum Thema Zwangsheirat und Kinderehen"},"content":{"rendered":"<p><img loading=\"lazy\" decoding=\"async\" src=\"https:\/\/www.europesays.com\/de\/wp-content\/uploads\/2026\/07\/1-45.jpg\" alt=\"1\" width=\"792\" height=\"580\" class=\"alignnone size-full wp-image-645843\"  \/>Mannheim \/ Metropolregion Rhein-Neckar. Die Stadt Mannheim hat gemeinsam mit Kooperationspartnern einen neuen Leitfaden zum Thema Zwangsheirat und Kinderehen entwickelt. Er richtet sich an Beh\u00f6rden und Fachkr\u00e4fte und soll dabei unterst\u00fctzen, Anzeichen fr\u00fchzeitig zu erkennen, angemessen zu handeln und Betroffene sicher zu begleiten.<\/p>\n<p>Mit Blick auf die bevorstehenden Sommerferien weist die Stadt Mannheim auf eine besondere Risikophase f\u00fcr junge Menschen hin. W\u00e4hrend l\u00e4ngerer Auslandsaufenthalte besteht in einzelnen F\u00e4llen die Gefahr, dass Jugendliche gegen ihren Willen verlobt oder verheiratet werden. Fachkr\u00e4fte, Freundinnen und Freunde sowie andere Personen aus dem sozialen Umfeld sollten aufmerksam sein, wenn junge Menschen vor den Ferien Sorgen oder \u00c4ngste im Zusammenhang mit einer Reise \u00e4u\u00dfern.<\/p>\n<p>\u201eZwangsheirat ist eine schwere Menschenrechtsverletzung, die h\u00e4ufig im Verborgenen geschieht und von den eigenen Eltern ausgeht\u201c, betont die Gleichstellungsbeauftragte der Stadt Mannheim, Zahra Deilami. \u201eBetroffene ben\u00f6tigen Menschen, die Warnsignale erkennen und wissen, wie sie richtig handeln k\u00f6nnen. Gerade vor den Sommerferien m\u00f6chten wir f\u00fcr m\u00f6gliche Risiken sensibilisieren und Betroffene ermutigen, sich fr\u00fchzeitig Hilfe zu holen.\u201c<\/p>\n<p>Der Leitfaden b\u00fcndelt rechtliche Grundlagen, beschreibt Interventionswege und enth\u00e4lt wichtige Kontaktadressen f\u00fcr Beratungs- und Unterst\u00fctzungsangebote. Erg\u00e4nzt wird er durch Hinweise zur Pr\u00e4vention und Sensibilisierung.<\/p>\n<p>M\u00e4dchen und Frauen sowie Jungen und M\u00e4nner, die von Zwangsheirat bedroht oder betroffen sind, k\u00f6nnen sich an das Hilfetelefon \u201eGewalt gegen Frauen\u201c wenden. Auch Angeh\u00f6rige, Freundinnen und Freunde sowie Fachkr\u00e4fte erhalten dort Beratung und Informationen zu Unterst\u00fctzungsm\u00f6glichkeiten. Bei Bedarf vermitteln die Mitarbeiterinnen auch an geeignete Beratungs- und Schutzeinrichtungen vor Ort.<\/p>\n<p>F\u00fcr Mannheim ist zudem die Fachberatungsstelle YASEMIN zust\u00e4ndig. Sie ber\u00e4t und unterst\u00fctzt Betroffene sowie Fachkr\u00e4fte im Umgang mit F\u00e4llen von Zwangsheirat und Gewalt im Namen der Ehre.<\/p>\n<p>Der Leitfaden sowie die dazugeh\u00f6rigen Interventionsketten stehen auf <a href=\"http:\/\/www.mannheim.de\/zwangsheirat\" rel=\"noopener nofollow\" target=\"_blank\">www.mannheim.de\/zwangsheirat<\/a> unter den Downloads zur Verf\u00fcgung.<\/p>\n<p>Hilfetelefon \u201eGewalt gegen Frauen\u201c<br \/>Telefon: 08000\/116 016<br \/>Anonyme, kostenfreie und mehrsprachige Beratung \u2013 an 365 Tagen im Jahr, rund um die Uhr. Das Angebot richtet sich an Frauen, M\u00e4nner sowie LSBTIQ*-Personen.<\/p>\n<p>Fachberatungsstelle YASEMIN (zust\u00e4ndig f\u00fcr Mannheim)<br \/>Telefon: 0711\/65 86 95 26<br \/>E-Mail:info@eva-yasemin.de<br \/>Internet: <a href=\"http:\/\/www.eva-stuttgart.de\" rel=\"noopener nofollow\" target=\"_blank\">www.eva-stuttgart.de<\/a><br \/>Quelle Bild\/Text Stadt Mannheim <\/p>\n<p class=\"post-modified-info\">Zuletzt aktualisiert am 16. Juli 2026, 09:05<\/p>\n","protected":false},"excerpt":{"rendered":"Mannheim \/ Metropolregion Rhein-Neckar. Die Stadt Mannheim hat gemeinsam mit Kooperationspartnern einen neuen Leitfaden zum Thema Zwangsheirat und&hellip;\n","protected":false},"author":2,"featured_media":1170417,"comment_status":"","ping_status":"","sticky":false,"template":"","format":"standard","meta":{"footnotes":"","_share_on_mastodon":"0"},"categories":[1845],"tags":[5114,48519,1634,61984,15252,36942,3364,29,1459,548,663,3934,22554,3236,2464,30,1000,35842,13,2917,14996,259,198,1722,8342,5402,2096,9834,25488,25489,61987,14,14480,15,23148,435,4562,5206,28951,12,11290,3041,64611,1441,1464,39146,16725],"class_list":["post-1170416","post","type-post","status-publish","format-standard","has-post-thumbnail","category-mannheim","tag-angebot","tag-angehoerige","tag-baden-wuerttemberg","tag-bedarf","tag-beratung","tag-betroffene","tag-de","tag-deutschland","tag-eltern","tag-eu","tag-europa","tag-europe","tag-fachkraefte","tag-frauen","tag-gefahr","tag-germany","tag-gewalt","tag-gleichstellungsbeauftragte","tag-headlines","tag-hilfe","tag-hinweise","tag-informationen","tag-internet","tag-jugendliche","tag-junge-menschen","tag-maenner","tag-mannheim","tag-menschen","tag-metropolregion","tag-metropolregion-rhein-neckar","tag-mitarbeiterinnen","tag-nachrichten","tag-neckar","tag-news","tag-personen","tag-praevention","tag-reise","tag-rhein","tag-rhein-neckar","tag-schlagzeilen","tag-sommerferien","tag-stadt","tag-stadt-mannheim","tag-stuttgart","tag-telefon","tag-thema","tag-umgang"],"share_on_mastodon":{"url":"","error":"Validation failed: Text character limit of 500 exceeded"},"_links":{"self":[{"href":"https:\/\/www.europesays.com\/de\/wp-json\/wp\/v2\/posts\/1170416","targetHints":{"allow":["GET"]}}],"collection":[{"href":"https:\/\/www.europesays.com\/de\/wp-json\/wp\/v2\/posts"}],"about":[{"href":"https:\/\/www.europesays.com\/de\/wp-json\/wp\/v2\/types\/post"}],"author":[{"embeddable":true,"href":"https:\/\/www.europesays.com\/de\/wp-json\/wp\/v2\/users\/2"}],"replies":[{"embeddable":true,"href":"https:\/\/www.europesays.com\/de\/wp-json\/wp\/v2\/comments?post=1170416"}],"version-history":[{"count":0,"href":"https:\/\/www.europesays.com\/de\/wp-json\/wp\/v2\/posts\/1170416\/revisions"}],"wp:featuredmedia":[{"embeddable":true,"href":"https:\/\/www.europesays.com\/de\/wp-json\/wp\/v2\/media\/1170417"}],"wp:attachment":[{"href":"https:\/\/www.europesays.com\/de\/wp-json\/wp\/v2\/media?parent=1170416"}],"wp:term":[{"taxonomy":"category","embeddable":true,"href":"https:\/\/www.europesays.com\/de\/wp-json\/wp\/v2\/categories?post=1170416"},{"taxonomy":"post_tag","embeddable":true,"href":"https:\/\/www.europesays.com\/de\/wp-json\/wp\/v2\/tags?post=1170416"}],"curies":[{"name":"wp","href":"https:\/\/api.w.org\/{rel}","templated":true}]}}