{"id":117043,"date":"2025-05-17T06:13:09","date_gmt":"2025-05-17T06:13:09","guid":{"rendered":"https:\/\/www.europesays.com\/de\/117043\/"},"modified":"2025-05-17T06:13:09","modified_gmt":"2025-05-17T06:13:09","slug":"trennungsgeruechte-um-michelle-und-eric-philippi-ist-das-schlager-traumpaar-nicht-mehr-zusammen","status":"publish","type":"post","link":"https:\/\/www.europesays.com\/de\/117043\/","title":{"rendered":"Trennungsger\u00fcchte um Michelle und Eric Philippi: Ist das Schlager-Traumpaar nicht mehr zusammen?"},"content":{"rendered":"<p>Lange wurde spekuliert, dann machten die beiden Musiker <a href=\"https:\/\/www.suedkurier.de\/ueberregional\/rundblick\/michelle-im-portraet-die-hoehen-und-tiefen-ihrer-karriere;art1373253,11574066\" title=\"Michelle im Portr\u00e4t: Die H\u00f6hen und Tiefen ihrer Karriere\" rel=\"nofollow noopener\" target=\"_blank\">Michelle<\/a> und Eric Philippi ihre Liebe \u00f6ffentlich. Das <a href=\"https:\/\/www.suedkurier.de\/ueberregional\/kultur\/schlager\/\" title=\"Schlager\" rel=\"nofollow noopener\" target=\"_blank\">Schlager<\/a>-Traumpaar erlebte daraufhin in der Branche und dar\u00fcber hinaus allerdings nicht nur Gl\u00fcckw\u00fcnsche. Was die beiden nach au\u00dfen hin zun\u00e4chst noch n\u00e4her zusammenr\u00fccken lie\u00df, kehrte sich in j\u00fcngster Vergangenheit fast um: Es brandeten Ger\u00fcchte auf, dass sich das Paar bereits getrennt hat oder mittendrin steckt in einer Trennung. W\u00e4hrend sich Michelle bisher nur minimal zu den Ger\u00fcchten \u00e4u\u00dfert, hat sich nun der S\u00e4nger und Trompeter etwas ausgiebiger an seine Fans gerichtet: Seine Aussagen waren klar und gingen in eine Richtung.<\/p>\n<p>Seit wann sind Michelle und Eric Philippi zusammen?<\/p>\n<p>Eigentlich, so hatten Michelle und Eric Philippi einst betont, h\u00e4tten sie ihre Beziehung geheim halten wollen. Es sei \u201ealles andere als in unserem Interesse\u201c gewesen, dass die breite \u00d6ffentlichkeit \u00fcber den Status der beiden Bescheid wisse. Oft sei ihm unterstellt worden, <a href=\"https:\/\/www.suedkurier.de\/ueberregional\/kultur\/schlager\/schlagerpaar-michelle-eric-philippi-uns-hat-jemand-verraten-18-1-25;art1373670,12215336\" title=\"Michelle und Eric Philippi \u00fcber ihre Liebe: \u201eUns hat jemand verraten\u201c\" rel=\"nofollow noopener\" target=\"_blank\">teilte er selbst auf Instagram<\/a> im Herbst 2024 mit, es handle sich um eine PR-Aktion, nicht um Liebe. Im Juni zuvor hatte es die <a href=\"https:\/\/www.suedkurier.de\/ueberregional\/kultur\/schlager\/michelle-und-eric-philippi-frau-seines-lebens-schlager-saenger-hat-besondere-ueberraschung-9-11-24;art1373670,12201636\" title=\"Michelle und Eric Philippi: F\u00fcr die \u201eFrau seines Lebens\u201c hat der Schlager-S\u00e4nger eine besondere \u00dcberraschung\" rel=\"nofollow noopener\" target=\"_blank\">offizielle Verlobung<\/a> gegeben. Sp\u00e4testens dann war es nicht nur Spekulation, sondern nach Angabe der Musiker Tatsache: Ja, Michelle und Eric Philippi sind zusammen.<\/p>\n<p>Seitdem ist allen voran auf Philippis Instagram-Profil das Liebesverh\u00e4ltnis immer wieder Thema. So pr\u00e4sentierte er sich beispielsweise <a href=\"https:\/\/www.suedkurier.de\/ueberregional\/kultur\/schlager\/aus-liebe-zu-michelle-schlagersaenger-eric-philippi-macht-sich-auf-foto-aelter-8-6-24;art1373670,12045358\" title=\"Aus Liebe zu Michelle: Schlagers\u00e4nger Eric Philippi macht sich auf Foto \u00e4lter\" rel=\"nofollow noopener\" target=\"_blank\">in einer Fotomontage deutlich \u00e4lter als er ist<\/a> &#8211; eine Anspielung auf die Diskussionen des Altersunterschieds des Paares von 25 Jahren. Auch wenn Michelle, wie sie in der WDR-Talkshow \u201eK\u00f6lner Treff\u201c bekr\u00e4ftigte, <a href=\"https:\/\/www.suedkurier.de\/ueberregional\/kultur\/schlager\/schlager-star-michelle-ueber-beziehung-zu-eric-philippi-noch-nie-so-ein-gefuehl-11-8-24;art1373670,11979302\" title=\"Schlager-Star Michelle \u00fcber Beziehung zu Eric Philippi: &quot;Noch nie so ein Gef\u00fchl&quot;\" rel=\"nofollow noopener\" target=\"_blank\">noch nie \u201eso ein Gef\u00fchl\u201c<\/a> wie mit Philippi gehabt habe, bringt die \u00d6ffentlichkeit auch ihre Schattenseite mit &#8211; <a href=\"https:\/\/www.suedkurier.de\/ueberregional\/kultur\/schlager\/schlager-stars-michelle-und-eric-philippi-haben-sie-morddrohungen-wegen-ihrer-beziehung-erhalten-3-2-24;art1373670,11818376\" title=\"Schlager-Stars Michelle und Eric Philippi: Haben sie Morddrohungen wegen ihrer Beziehung erhalten?\" rel=\"nofollow noopener\" target=\"_blank\">bis hin zu Morddrohungen.<\/a><\/p>\n<p>Und auch einige Monate sp\u00e4ter sind es die negativen Folgen der Prominenz, die \u00f6ffentlich vorwiegend ihn besch\u00e4ftigen. W\u00e4hrend Michelle sich dazu kaum \u00e4u\u00dfert und ihr Management RTL-Angaben zufolge \u201ezu den genannten Themen aktuell keinen Kommentar abgeben\u201c m\u00f6chte, hat sich Philippi trotz Social-Media-Pause nun an seine Follower gewandt.<\/p>\n<p>\u00dcbrigens: Eine ihrer drei T\u00f6chter macht <a href=\"https:\/\/www.suedkurier.de\/ueberregional\/kultur\/schlager\/schlager-babyalarm-bei-schlager-star-michelle-verraet-wer-sie-zur-stolzen-oma-macht;art1373670,11922515\" title=\"Babyalarm bei Schlager-Star: Michelle verr\u00e4t, wer sie zur stolzen Oma macht\" rel=\"nofollow noopener\" target=\"_blank\">Michelle bald zur stolzen Oma<\/a>.<\/p>\n<p>Ist Michelle immer noch mit Eric Philippi zusammen?<\/p>\n<p>Es ist weniger die Kunst der beiden Schlager-Musiker, die aktuell Wellen schl\u00e4gt &#8211; Michelle hatte ohnehin angek\u00fcndigt, <a href=\"https:\/\/www.suedkurier.de\/ueberregional\/kultur\/schlager\/abschied-von-michelle-aus-der-schlager-szene-war-es-nur-ein-pr-gag-4-8-24;art1373670,12135440\" title=\"Abschied von Michelle aus der Schlager-Szene: Meint sie es wirklich ernst?\" rel=\"nofollow noopener\" target=\"_blank\">nach mehr als 30 Jahren\u00a0im Musikgesch\u00e4ft bald aufzuh\u00f6ren<\/a> -, sondern die Ger\u00fcchtek\u00fcche. Diese ist auch der Grund, warum sich Philippi eigener Aussage zufolge aktuell nicht mehr allzu viel auf Instagram blicken l\u00e4sst. In seiner Instagram-Story vom 6. Mai erkl\u00e4rte er daher: \u201eGru\u00df aus dem Studio. Hier verbringe ich meine letzten Tage und Wochen und dachte, ich brauch mal ein bisschen Abstand von Social Media und dem ganzen Trara.\u201c Eigentlich habe er sich ja gar nicht melden wollen. Die Pause funktioniere, t\u00e4te ihm gut, bringe viele neue Ideen: \u201eEs ist viel passiert hinter den Kulissen.\u201c<\/p>\n<p>In seinem Beitrag, der nach 24 Stunden wieder verschwindet, hatte er seine Michelle markiert mit den Worten \u201eNur Liebe\u201c und einem roten Herz. Es sei ihm ein Anliegen, sagte er dann, da die Telefone nicht mehr stillstehen und das Ger\u00fccht aufgekommen sei, sie h\u00e4tten sich getrennt, \u201edas direkt einmal zu dementieren: Wir sind nach wie vor zusammen\u201c. Daraufhin atmete er tief durch und erg\u00e4nzte: \u201eWir lieben uns, halten uns und nur, weil wir unser Leben nicht 24\/7 in Social Media breittreten, bedeutet das nicht, dass wir uns getrennt haben oder irgendetwas nicht okay ist.\u201c Und was sagt Michelle dazu? Sie teilte die Instagram-Story auf ihrem Profil und erwiderte kurz und knapp: \u201eNur Liebe zur\u00fcck\u201c, gefolgt von drei Herz-Emojis.<\/p>\n<p>\u00dcbrigens: Zusammen mit ihrem <a href=\"https:\/\/www.suedkurier.de\/ueberregional\/kultur\/schlager\/schlagerstar-michelle-das-sagt-sie-ueber-ihre-beziehung-zu-ex-partner-matthias-reim-13-1-25;art1373670,12119379\" title=\"Schlagerstar Michelle: Das sagt sie \u00fcber ihre Beziehung zu Ex-Partner Matthias Reim\" rel=\"nofollow noopener\" target=\"_blank\">Ex-Partner Matthias Reim<\/a> hat Michelle eine gemeinsame Tochter. Marie Reim ist selbst erfolgreich, hatte aber zuletzt selbst zu k\u00e4mpfen: <a href=\"https:\/\/www.suedkurier.de\/ueberregional\/kultur\/schlager\/liebes-aus-in-der-schlagerwelt-marie-reim-ist-wieder-single-und-total-gluecklich-9-1-25;art1373670,12275759\" title=\"Liebes-Aus in der Schlagerwelt: Marie Reim ist wieder Single und \u201etotal gl\u00fccklich\u201c\" rel=\"nofollow noopener\" target=\"_blank\">nicht wegen ihres Beziehungsstatus<\/a>, sondern aufgrund der <a href=\"https:\/\/www.suedkurier.de\/ueberregional\/kultur\/schlager\/marie-reim-erleidet-zusammenbruch-in-neuem-tv-format-darum-sprach-die-schlagersaengerin-mit-einer-psychologin;art1373670,12377023\" title=\"Marie Reim erleidet Zusammenbruch in neuem TV-Format: Darum sprach die Schlagers\u00e4ngerin mit einer Psychologin\" rel=\"nofollow noopener\" target=\"_blank\">Teilnahme an einem etwas anderen TV-Format<\/a>.<\/p>\n","protected":false},"excerpt":{"rendered":"Lange wurde spekuliert, dann machten die beiden Musiker Michelle und Eric Philippi ihre Liebe \u00f6ffentlich. Das Schlager-Traumpaar erlebte&hellip;\n","protected":false},"author":2,"featured_media":117044,"comment_status":"","ping_status":"","sticky":false,"template":"","format":"standard","meta":{"footnotes":""},"categories":[1776],"tags":[1801,29,214,30,1802,215],"class_list":{"0":"post-117043","1":"post","2":"type-post","3":"status-publish","4":"format-standard","5":"has-post-thumbnail","7":"category-prominente","8":"tag-celebrities","9":"tag-deutschland","10":"tag-entertainment","11":"tag-germany","12":"tag-prominente","13":"tag-unterhaltung"},"share_on_mastodon":{"url":"https:\/\/pubeurope.com\/@de\/114521702910632653","error":""},"_links":{"self":[{"href":"https:\/\/www.europesays.com\/de\/wp-json\/wp\/v2\/posts\/117043","targetHints":{"allow":["GET"]}}],"collection":[{"href":"https:\/\/www.europesays.com\/de\/wp-json\/wp\/v2\/posts"}],"about":[{"href":"https:\/\/www.europesays.com\/de\/wp-json\/wp\/v2\/types\/post"}],"author":[{"embeddable":true,"href":"https:\/\/www.europesays.com\/de\/wp-json\/wp\/v2\/users\/2"}],"replies":[{"embeddable":true,"href":"https:\/\/www.europesays.com\/de\/wp-json\/wp\/v2\/comments?post=117043"}],"version-history":[{"count":0,"href":"https:\/\/www.europesays.com\/de\/wp-json\/wp\/v2\/posts\/117043\/revisions"}],"wp:featuredmedia":[{"embeddable":true,"href":"https:\/\/www.europesays.com\/de\/wp-json\/wp\/v2\/media\/117044"}],"wp:attachment":[{"href":"https:\/\/www.europesays.com\/de\/wp-json\/wp\/v2\/media?parent=117043"}],"wp:term":[{"taxonomy":"category","embeddable":true,"href":"https:\/\/www.europesays.com\/de\/wp-json\/wp\/v2\/categories?post=117043"},{"taxonomy":"post_tag","embeddable":true,"href":"https:\/\/www.europesays.com\/de\/wp-json\/wp\/v2\/tags?post=117043"}],"curies":[{"name":"wp","href":"https:\/\/api.w.org\/{rel}","templated":true}]}}