{"id":117045,"date":"2025-05-17T06:14:08","date_gmt":"2025-05-17T06:14:08","guid":{"rendered":"https:\/\/www.europesays.com\/de\/117045\/"},"modified":"2025-05-17T06:14:08","modified_gmt":"2025-05-17T06:14:08","slug":"weimar-architektur-highlight-haus-hohe-pappeln-wird-saniert","status":"publish","type":"post","link":"https:\/\/www.europesays.com\/de\/117045\/","title":{"rendered":"Weimar: Architektur Highlight Haus Hohe Pappeln wird saniert"},"content":{"rendered":"<p class=\"text\">\nAb dem 2. Juni wird in Weimar das &#8222;Haus Hohe Pappeln&#8220; des belgischen Architekten <a href=\"https:\/\/www.mdr.de\/nachrichten\/sachsen\/chemnitz\/chemnitz-stollberg\/henry-velde-ausstellung-kultur-news-100.html\" title=\"Kulturhauptstadt 2025: So entdeckt Chemnitz Henry van de Velde neu\" target=\"_blank\" rel=\"noopener\">Henry van de Velde<\/a> f\u00fcr Sanierungsarbeiten geschlossen. Wie die Klassik Stiftung Weimar am Freitag bekanntgab, soll das Geb\u00e4ude generalsaniert und das Museum erweitert werden. Vor der Schlie\u00dfung bietet die Stiftung gesonderte F\u00fchrungen an, die auch auf die Umbauma\u00dfnahmen eingehen.<\/p>\n<p>Das &#8222;Haus Hohe Pappeln&#8220; ist ein weltweit bekanntes Gesamtkunstwerk im Jugendstil in Weimar. Darin lebte ab 1902 der belgische Jugendstilk\u00fcnstler Henry van de Velde mit seiner Familie. Das Werk sei ein Gesamtkunstwerk aus Farben und Formen, &#8222;ein <a href=\"https:\/\/www.mdr.de\/kultur\/ausflug-tipps\/chemnitz-villa-esche-museum-van-de-velde-102.html\" title=\"Architektur in Chemnitz: Jugendstil-Juwel Villa Esche entdecken\" target=\"_blank\" rel=\"noopener\">Juwel des Jugendstils<\/a>&#8222;, sagte Kustodin Sabine Walter MDR KULTUR. Ein <a href=\"https:\/\/www.mdr.de\/nachrichten\/thueringen\/ost-thueringen\/gera\/auszeichnung-haus-schulenburg-kultur-news-102.html\" title=\"Gera: Haus Schulenburg mit Europ\u00e4ischem Preis f\u00fcr Kulturerbe 2024 ausgezeichnet \" target=\"_blank\" rel=\"noopener\">weiteres Van de Velde Haus<\/a> in Th\u00fcringen ist in Gera zu finden. Die Arbeiten am &#8222;Haus Hohe Pappeln&#8220; in Weimar sollen mindestens eineinhalb Jahre dauern.<\/p>\n","protected":false},"excerpt":{"rendered":"Ab dem 2. Juni wird in Weimar das &#8222;Haus Hohe Pappeln&#8220; des belgischen Architekten Henry van de Velde&hellip;\n","protected":false},"author":2,"featured_media":117046,"comment_status":"","ping_status":"","sticky":false,"template":"","format":"standard","meta":{"footnotes":""},"categories":[1775],"tags":[2252,2250,1793,29,214,30,45109,91,45111,80,66,1794,81,2264,4108,45112,8928,861,215,45110,11556],"class_list":{"0":"post-117045","1":"post","2":"type-post","3":"status-publish","4":"format-standard","5":"has-post-thumbnail","7":"category-kunst-und-design","8":"tag-architekt","9":"tag-architektur","10":"tag-art-and-design","11":"tag-deutschland","12":"tag-entertainment","13":"tag-germany","14":"tag-jugendstil","15":"tag-klassik","16":"tag-klassikstiftung","17":"tag-kultur","18":"tag-kulturnachrichten","19":"tag-kunst-und-design","20":"tag-mdr","21":"tag-museum","22":"tag-sanierung","23":"tag-schliesst","24":"tag-stiftung","25":"tag-thueringen","26":"tag-unterhaltung","27":"tag-van-de-velde","28":"tag-weimar"},"share_on_mastodon":{"url":"https:\/\/pubeurope.com\/@de\/114521706589905311","error":""},"_links":{"self":[{"href":"https:\/\/www.europesays.com\/de\/wp-json\/wp\/v2\/posts\/117045","targetHints":{"allow":["GET"]}}],"collection":[{"href":"https:\/\/www.europesays.com\/de\/wp-json\/wp\/v2\/posts"}],"about":[{"href":"https:\/\/www.europesays.com\/de\/wp-json\/wp\/v2\/types\/post"}],"author":[{"embeddable":true,"href":"https:\/\/www.europesays.com\/de\/wp-json\/wp\/v2\/users\/2"}],"replies":[{"embeddable":true,"href":"https:\/\/www.europesays.com\/de\/wp-json\/wp\/v2\/comments?post=117045"}],"version-history":[{"count":0,"href":"https:\/\/www.europesays.com\/de\/wp-json\/wp\/v2\/posts\/117045\/revisions"}],"wp:featuredmedia":[{"embeddable":true,"href":"https:\/\/www.europesays.com\/de\/wp-json\/wp\/v2\/media\/117046"}],"wp:attachment":[{"href":"https:\/\/www.europesays.com\/de\/wp-json\/wp\/v2\/media?parent=117045"}],"wp:term":[{"taxonomy":"category","embeddable":true,"href":"https:\/\/www.europesays.com\/de\/wp-json\/wp\/v2\/categories?post=117045"},{"taxonomy":"post_tag","embeddable":true,"href":"https:\/\/www.europesays.com\/de\/wp-json\/wp\/v2\/tags?post=117045"}],"curies":[{"name":"wp","href":"https:\/\/api.w.org\/{rel}","templated":true}]}}