{"id":117050,"date":"2025-05-17T06:17:11","date_gmt":"2025-05-17T06:17:11","guid":{"rendered":"https:\/\/www.europesays.com\/de\/117050\/"},"modified":"2025-05-17T06:17:11","modified_gmt":"2025-05-17T06:17:11","slug":"ein-lied-in-den-charts-das-andere-ist-verboten","status":"publish","type":"post","link":"https:\/\/www.europesays.com\/de\/117050\/","title":{"rendered":"Ein Lied in den Charts, das andere ist verboten"},"content":{"rendered":"<p class=\"mb-6 text-xs md:text-m lg:text-l font-serif group-[.font-sans]:font-sans \">\n    Kanye West hat lange genug am Rad gedreht. Jetzt hat er das Rad abmontiert und schleudert es durch die Welt. <a href=\"https:\/\/www.augsburger-allgemeine.de\/panorama\/portraet-ist-skandal-rapper-kanye-west-genie-oder-groessenwahnsinniger-id64304741.html\" rel=\"nofollow noopener\" target=\"_blank\" class=\"underline \">West, einer der erfolgreichsten Musiker<\/a> \u00fcberhaupt, hat vor wenigen Tagen eine Nazi-Hymne ver\u00f6ffentlicht. Und ein bizarres Lied \u00fcber sich selbst und Adolf Hitler. Die Songs sorgen f\u00fcr internationalen Wirbel \u2013 einer davon belegt aktuell Platz eins der viralen Spotify-Charts in Deutschland. Auch in <a href=\"https:\/\/www.augsburger-allgemeine.de\/103025260\" target=\"_self\" class=\"underline \" rel=\"nofollow noopener\">Israel<\/a> und in den weltweiten Viral-Charts steht West ganz oben. Die Frage ist: Wer kann ihn stoppen?\n  <\/p>\n<p>            Kanye West schockiert mit Lieder \u00fcber Hitler<\/p>\n<p class=\"mb-6 text-xs md:text-m lg:text-l font-serif group-[.font-sans]:font-sans \">\n    Die Nazi-Hymne \u201eHH\u201c wurde auf den meisten Plattformen gesperrt, auf Spotify bleibt jedoch die Soundtrack-Version mit dem Namen \u201eThe Hail Symphony\u201c weiter abrufbar. Sie ist nur 1 Minute und 16 Sekunden lang und zeigt ein k\u00fcnstlerisch verstelltes Hakenkreuz. Offenbar entspricht das gerade noch den Richtlinien von Spotify, der wichtigsten Musikplattform in Deutschland. In der Originalversion beklagt West, er k\u00f6nne trotz seines Geldes und Ruhmes seine Kinder nicht sehen. Und: \u201eSie sehen meine Twitter-Posts, aber sie sehen nicht, wie ich f\u00fchle. So wurde ich zum Nazi. Ich wurde zum B\u00f6sewicht.\u201c Dann folgt das N-Wort, und die Nazi-Gru\u00dfformel wird mehrfach wiederholt.\n  <\/p>\n<p>            Kanye West Lied: Auf den meisten Seiten ist es verboten<\/p>\n<p class=\"mb-6 text-xs md:text-m lg:text-l font-serif group-[.font-sans]:font-sans \">\n    Im Netz verbreiten sich einzelne Videoschnipsel. Nutzer diskutieren, auf welchen Webseiten und in welchen L\u00e4ndern die komplette Version noch zu sehen ist. Der Ton ist meist zustimmend: \u201eUnser Freund hat eine Instagram-Hymne erschaffen\u201c, schreibt ein Nutzer \u2013 rund 100.000 Usern gef\u00e4llt das. Ein anderer meint: \u201eHitler w\u00e4re verwirrt.\u201c Doch auch Warnungen gibt es: \u201eMit Nazis zu sympathisieren ist nicht cool.\u201c\n  <\/p>\n<p>    <img decoding=\"async\" src=\"https:\/\/images.mgpd.de\/img\/109068423\/crop\/c1_1-w100\/1141792866\/627730203\/ganz-entspannt-kim-kardashian-und-kayne-west-foto-jason-szenes.jpg\" alt=\"Sie waren das Medien-Superstar-Paar schlechthin: US-Rapper Kanye West und &#10;Reality-Star Kim Kardashian. Inzwischen sind die beiden getrennt.\" title=\"Sie waren das Medien-Superstar-Paar schlechthin: US-Rapper Kanye West und &#10;Reality-Star Kim Kardashian. Inzwischen sind die beiden getrennt.\" class=\"group-[.is-overlay]:w-full\"\/><\/p>\n<p>      Icon Vergr\u00f6\u00dfern<\/p>\n<p>    Sie waren das Medien-Superstar-Paar schlechthin: US-Rapper Kanye West und<br \/>\nReality-Star Kim Kardashian. Inzwischen sind die beiden getrennt.<br \/>\n    Foto: dpa, Jason Szenes (Archiv)<\/p>\n<p>      Icon Schlie\u00dfen<\/p>\n<p>   Schlie\u00dfen<\/p>\n<p>    <img decoding=\"async\" src=\"https:\/\/images.mgpd.de\/img\/109068423\/crop\/c1_1-w100\/1141792866\/627730203\/ganz-entspannt-kim-kardashian-und-kayne-west-foto-jason-szenes.jpg\" alt=\"Sie waren das Medien-Superstar-Paar schlechthin: US-Rapper Kanye West und &#10;Reality-Star Kim Kardashian. Inzwischen sind die beiden getrennt.\" title=\"Sie waren das Medien-Superstar-Paar schlechthin: US-Rapper Kanye West und &#10;Reality-Star Kim Kardashian. Inzwischen sind die beiden getrennt.\" class=\"group-[.is-overlay]:w-full\"\/><\/p>\n<p>    Sie waren das Medien-Superstar-Paar schlechthin: US-Rapper Kanye West und<br \/>\nReality-Star Kim Kardashian. Inzwischen sind die beiden getrennt.<br \/>\n    Foto: dpa, Jason Szenes (Archiv)<\/p>\n<p>            11 Millionen Streams in wenigen Tagen, Spotify hat es nicht gel\u00f6scht<\/p>\n<p class=\"mb-6 text-xs md:text-m lg:text-l font-serif group-[.font-sans]:font-sans \">\n    Das zweite Lied \u201eWW3\u201c ist bislang nicht gesperrt. Binnen weniger Tage wurde es mehr als elf Millionen Mal gestreamt. Darin wehrt sich West gegen den Vorwurf, Antisemit zu sein. Die <a href=\"https:\/\/www.juedische-allgemeine.de\/kultur\/kanye-wests-antisemitischer-song-ww3-ist-hit-auf-spotify\/\" rel=\"nofollow noopener\" target=\"_blank\" class=\"underline \">J\u00fcdische Allgemeine<\/a> \u00fcbersetzt einen Auszug aus \u201eWW3\u201c wie folgt: \u201eSie sagen, ich sei ein R\u00fcpel und vollkommen antisemitisch. Sie sagen, ich benehme mich wie Hitler. Aber wie kann ich mich wie Hitler benehmen, wenn ich ein verdammter N***** bin?\u201c\n  <\/p>\n<p class=\"mb-6 text-xs md:text-m lg:text-l font-serif group-[.font-sans]:font-sans \">\n    So was kann sich offenbar nur \u201eYe\u201c erlauben. Der 47-J\u00e4hrige hat viele Talente, doch seine st\u00e4rkste Waffe ist sein Charisma, das Millionen junger Menschen anzieht. West gilt als einer der einflussreichsten Rapper des 21. Jahrhunderts. Laut <a href=\"https:\/\/www.deutschlandfunkkultur.de\/rueckblick-auf-den-hip-hop-der-zehner-jahre-als-kanye-west-100.html\" rel=\"nofollow noopener\" target=\"_blank\" class=\"underline \">Deutschlandfunk<\/a> sorgte er mit \u201eMy Beautiful Dark Twisted Fantasy\u201c (2010) f\u00fcr einen neuen Hip-Hop-Hype. Er pr\u00e4gte den Autotune-Stil und kombinierte elektronische, akustische und orchestrale Elemente. Auch in seinen neuen Songs bleibt er diesem Sound treu.\n  <\/p>\n<p>            Selbst die hartgesottesten Fans, so glaubte man, w\u00fcrden sich abwenden<\/p>\n<p class=\"mb-6 text-xs md:text-m lg:text-l font-serif group-[.font-sans]:font-sans \">\n    West hat 21 Grammys gewonnen und in den USA \u00fcber 30 Millionen Alben verkauft. Doch der Afroamerikaner aus Chicago kam aus der Spur. Zun\u00e4chst, nach einem Zusammenbruch 2016, wandte er sich dem Gospel zu und warnte Jugendliche vor einem s\u00fcndhaften Leben. Dann kam es anders: West <a href=\"https:\/\/www.augsburger-allgemeine.de\/panorama\/familie-von-george-floyd-reicht-klage-gegen-kanye-west-ein-ye-soll-an-todesursache-zweifeln-102197963\" rel=\"nofollow noopener\" target=\"_blank\" class=\"underline \">stellte sich gegen<\/a> \u201eBlack Lives Matter\u201c, warnte vor Mikrochips in Coronaimpfungen und verbreitete Verschw\u00f6rungstheorien \u00fcber Juden.\n  <\/p>\n<p class=\"mb-6 text-xs md:text-m lg:text-l font-serif group-[.font-sans]:font-sans \">\n    Es folgte die Trennung von seiner Ehefrau Kim Kardashian, dem Reality-Superstar. Viele spekulierten \u00fcber seinen <a href=\"https:\/\/www.augsburger-allgemeine.de\/panorama\/Rapper-Es-ist-eine-Superkraft-Kanye-West-spricht-offen-ueber-seine-Erkrankung-id51283281.html\" rel=\"nofollow noopener\" target=\"_blank\" class=\"underline \">psychischen Zustand<\/a>. Doch West blieb pr\u00e4sent, inszenierte sich und kandidierte 2020 sogar f\u00fcr das Pr\u00e4sidentenamt. Anfang dieses Jahres nahm er seine neue Freundin splitterfasernackt mit zur Grammy-Verleihung und verkaufte online Pullover mit Hakenkreuzen. Selbst die hartgesottensten Fans, so glaubte man, w\u00fcrden sich nun abwenden. Doch West ist wieder da und zieht Millionen in seinen Bann. Was kommt als N\u00e4chstes?\n  <\/p>\n<ul data-module-id=\"DragDropModule\" class=\"flex flex-wrap justify-start group-[.no-bookmarks]:hidden\">\n<li class=\"mb-3 mr-3\">\n    Philipp Scheuerl<\/p>\n<p>      Icon Haken im Kreis gesetzt<\/p>\n<p>      Icon Plus im Kreis<\/p>\n<\/li>\n<li class=\"mb-3 mr-3\">\n    Kanye West<\/p>\n<p>      Icon Haken im Kreis gesetzt<\/p>\n<p>      Icon Plus im Kreis<\/p>\n<\/li>\n<li class=\"mb-3 mr-3\">\n    Adolf Hitler<\/p>\n<p>      Icon Haken im Kreis gesetzt<\/p>\n<p>      Icon Plus im Kreis<\/p>\n<\/li>\n<\/ul>\n","protected":false},"excerpt":{"rendered":"Kanye West hat lange genug am Rad gedreht. Jetzt hat er das Rad abmontiert und schleudert es durch&hellip;\n","protected":false},"author":2,"featured_media":117051,"comment_status":"","ping_status":"","sticky":false,"template":"","format":"standard","meta":{"footnotes":""},"categories":[1772],"tags":[29,214,30,1779,810,215],"class_list":{"0":"post-117050","1":"post","2":"type-post","3":"status-publish","4":"format-standard","5":"has-post-thumbnail","7":"category-musik","8":"tag-deutschland","9":"tag-entertainment","10":"tag-germany","11":"tag-music","12":"tag-musik","13":"tag-unterhaltung"},"share_on_mastodon":{"url":"https:\/\/pubeurope.com\/@de\/114521718892080227","error":""},"_links":{"self":[{"href":"https:\/\/www.europesays.com\/de\/wp-json\/wp\/v2\/posts\/117050","targetHints":{"allow":["GET"]}}],"collection":[{"href":"https:\/\/www.europesays.com\/de\/wp-json\/wp\/v2\/posts"}],"about":[{"href":"https:\/\/www.europesays.com\/de\/wp-json\/wp\/v2\/types\/post"}],"author":[{"embeddable":true,"href":"https:\/\/www.europesays.com\/de\/wp-json\/wp\/v2\/users\/2"}],"replies":[{"embeddable":true,"href":"https:\/\/www.europesays.com\/de\/wp-json\/wp\/v2\/comments?post=117050"}],"version-history":[{"count":0,"href":"https:\/\/www.europesays.com\/de\/wp-json\/wp\/v2\/posts\/117050\/revisions"}],"wp:featuredmedia":[{"embeddable":true,"href":"https:\/\/www.europesays.com\/de\/wp-json\/wp\/v2\/media\/117051"}],"wp:attachment":[{"href":"https:\/\/www.europesays.com\/de\/wp-json\/wp\/v2\/media?parent=117050"}],"wp:term":[{"taxonomy":"category","embeddable":true,"href":"https:\/\/www.europesays.com\/de\/wp-json\/wp\/v2\/categories?post=117050"},{"taxonomy":"post_tag","embeddable":true,"href":"https:\/\/www.europesays.com\/de\/wp-json\/wp\/v2\/tags?post=117050"}],"curies":[{"name":"wp","href":"https:\/\/api.w.org\/{rel}","templated":true}]}}