{"id":1170521,"date":"2026-07-16T08:47:22","date_gmt":"2026-07-16T08:47:22","guid":{"rendered":"https:\/\/www.europesays.com\/de\/1170521\/"},"modified":"2026-07-16T08:47:22","modified_gmt":"2026-07-16T08:47:22","slug":"nach-jahrelanger-pause-giovanni-zarrella-wieder-mit-krankheitssymptomen-konfrontiert","status":"publish","type":"post","link":"https:\/\/www.europesays.com\/de\/1170521\/","title":{"rendered":"Nach jahrelanger Pause: Giovanni Zarrella wieder mit Krankheitssymptomen konfrontiert"},"content":{"rendered":"<p>Auf der B\u00fchne sieht man Giovanni Zarrella (48) stets mit einem L\u00e4cheln im Gesicht. Der Moderator und S\u00e4nger gilt als Stimmungsmacher \u2013 in seiner eigenen ZDF-Show oder bei Konzerten begeistert er das Publikum mit seiner positiven Ausstrahlung. Doch auch dem selbst ernannten Italo-Schwaben ist nicht immer zum Lachen zumute, denn: Privat hat Zarrella mit einer l\u00e4stigen Allergie zu k\u00e4mpfen.<\/p>\n<p>Giovanni Zarrella k\u00e4mpft mit Erkrankung: &#8222;Hat mich voll erwischt&#8220;<\/p>\n<p>Der 48-J\u00e4hrige sieht sich derzeit mit &#8222;gro\u00dfen Problemen&#8220; konfrontiert, wie er im Gespr\u00e4ch mit seinem Bruder Stefano Zarrella (35) offenbart. Im gemeinsamen Podcast &#8222;<a href=\"https:\/\/open.spotify.com\/episode\/6QAQYypFdePEq7TV9OU54p?si=FZk_NBP-SBqALo5mmVdaKA\" target=\"_blank\" rel=\"noopener nofollow\" title=\"https:\/\/open.spotify.com\/episode\/6QAQYypFdePEq7TV9OU54p?si=FZk_NBP-SBqALo5mmVdaKA\" class=\"ext_links\">Tutto bene!<\/a>&#8220; verr\u00e4t der Moderator, dass er an Heuschnupfen leide. F\u00fcr den Moderator hat die warme Jahreszeit demnach auch ihre Schattenseiten \u2013 der Pollenflug setzt ihm zu. &#8222;Diesen Sommer hat&#8217;s mich wieder voll erwischt. Ich bin wieder richtig heiser&#8220;, meint Giovanni Zarrella genervt.<\/p>\n<p>&#8222;K.o. gegangen&#8220;: Giovanni Zarrella \u00fcber Allergie-Beschwerden im Sommer<\/p>\n<p>Dabei habe der Entertainer die allergische Erkrankung einst im Griff gehabt: &#8222;Ich habe jahrelang so eine Desensibilisierung gemacht, hier bei einem Doc. Jahrelang war es gut und normal.&#8220; In der Zeit davor sei Zarrella geradezu &#8222;k.o. gegangen&#8220;, seine Augen h\u00e4tten st\u00e4ndig getr\u00e4nt und seine Nase sei permanent gelaufen. Die sogenannte Hyposensibilisierung habe ihm also Erleichterung verschafft und er konnte den Alltag \u2013 auch zur Heuschnupfen-Hochsaison in den warmen Monaten \u2013 besser genie\u00dfen. Wie &#8222;<a href=\"https:\/\/www.gesundheitsinformation.de\/hyposensibilisierung-spezifische-immuntherapie-bei-heuschnupfen.html\" target=\"_blank\" rel=\"noopener nofollow\" title=\"https:\/\/www.gesundheitsinformation.de\/hyposensibilisierung-spezifische-immuntherapie-bei-heuschnupfen.html\" class=\"ext_links\">IQWiG<\/a>&#8220; berichtet, handelt es sich dabei um eine Behandlung, bei der das Immunsystem schrittweise an Pollen gew\u00f6hnt wird. Heuschnupfen-Symptome k\u00f6nnen um bis zu 80 Prozent gelindert werden.<\/p>\n<p>     <img decoding=\"async\" loading=\"lazy\" src=\"https:\/\/www.europesays.com\/de\/wp-content\/uploads\/2026\/07\/1714182_stefano-zarrella-und-giovanni-zarrella-beim-tribute-to-bambi-2024-im-jw-mar_artikelbild-75pr.jpeg\" alt=\"Im Gespr\u00e4ch mit seinem Bruder Stefano (li.) erz\u00e4hlt Giovanni Zarrella von seinen Heuschnupfen-Beschwerden.\" title=\"Im Gespr\u00e4ch mit seinem Bruder Stefano (li.) erz\u00e4hlt Giovanni Zarrella von seinen Heuschnupfen-Beschwerden.\" width=\"609\" height=\"405\"\/><\/p>\n<p>      Im Gespr\u00e4ch mit seinem Bruder Stefano (li.) erz\u00e4hlt Giovanni Zarrella von seinen Heuschnupfen-Beschwerden.<br \/>\n      \u00a9 imago\/Future Image<\/p>\n<p>    Im Gespr\u00e4ch mit seinem Bruder Stefano (li.) erz\u00e4hlt Giovanni Zarrella von seinen Heuschnupfen-Beschwerden.<\/p>\n<p>von imago\/Future Image <\/p>\n<p>&#8222;}&#8220;&gt; <\/p>\n<p>Giovanni Zarrella habe anschlie\u00dfend im Sommer &#8222;vielleicht zwei, dreimal eine Tablette gegen die Allergie&#8220; nehmen m\u00fcssen. Mehr sei nicht n\u00f6tig gewesen, um die Heuschnupfen-Symptome in Schach zu halten. Doch dieses Jahr kehrten die Beschwerden offenbar mit voller Wucht zur\u00fcck.<\/p>\n<p>    Qual nach Shows: &#8222;Das ist voll bescheuert&#8220;<\/p>\n<p>Stefano Zarrella sei vom Heuschnupfen verschont geblieben. Von seinem ber\u00fchmten Bruder will der Foodblogger wissen: &#8222;Wie machst du das eigentlich, wenn du auf Tour bist?&#8220; Giovanni betritt im Sommer f\u00fcr einzelne Konzerte die B\u00fchne. Auch die n\u00e4chste Ausgabe seiner &#8222;Giovanni Zarrella Show&#8220; steht an \u2013 diese wird am 8. August auf dem Gel\u00e4nde des &#8222;ZDF-Fernsehgarten&#8220; aufgezeichnet. Mit Heuschnupfen-Symptomen k\u00f6nnten diese Auftritte zur Belastungsprobe werden. &#8222;Das ist voll bescheuert. [&#8230;] Wei\u00dft du, ich gehe dann da hin und denk nur: &#8218;Boah'&#8220;, antwortet der 48-J\u00e4hrige seinem j\u00fcngeren Bruder.<\/p>\n<p>Zarrella k\u00f6nne trotz der Allergie-Beschwerden normal singen und seine Stimme kontrollieren. Doch nach Show-Ende seien die Symptome dann umso qualvoller: &#8222;Ich merke halt einfach, dass ich danach richtig heiser bin.&#8220; Ob der Musiker seinen Heuschnupfen bald wieder in den Griff bekommt, bleibt abzuwarten. Bis dahin hei\u00dft es wohl: Augen zu und durch.<\/p>\n","protected":false},"excerpt":{"rendered":"Auf der B\u00fchne sieht man Giovanni Zarrella (48) stets mit einem L\u00e4cheln im Gesicht. Der Moderator und S\u00e4nger&hellip;\n","protected":false},"author":2,"featured_media":1170522,"comment_status":"","ping_status":"","sticky":false,"template":"","format":"standard","meta":{"footnotes":"","_share_on_mastodon":"0"},"categories":[1776],"tags":[13602,1801,29,214,318,30,13720,2315,3881,1802,2045,2270,27141,215],"class_list":["post-1170521","post","type-post","status-publish","format-standard","has-post-thumbnail","category-prominente","tag-allergie","tag-celebrities","tag-deutschland","tag-entertainment","tag-erkrankung","tag-germany","tag-giovanni-zarrella","tag-konzerte","tag-moderator","tag-prominente","tag-promis","tag-saenger","tag-tv-show","tag-unterhaltung"],"share_on_mastodon":{"url":"https:\/\/pubeurope.com\/@de\/116928790325880619","error":""},"_links":{"self":[{"href":"https:\/\/www.europesays.com\/de\/wp-json\/wp\/v2\/posts\/1170521","targetHints":{"allow":["GET"]}}],"collection":[{"href":"https:\/\/www.europesays.com\/de\/wp-json\/wp\/v2\/posts"}],"about":[{"href":"https:\/\/www.europesays.com\/de\/wp-json\/wp\/v2\/types\/post"}],"author":[{"embeddable":true,"href":"https:\/\/www.europesays.com\/de\/wp-json\/wp\/v2\/users\/2"}],"replies":[{"embeddable":true,"href":"https:\/\/www.europesays.com\/de\/wp-json\/wp\/v2\/comments?post=1170521"}],"version-history":[{"count":0,"href":"https:\/\/www.europesays.com\/de\/wp-json\/wp\/v2\/posts\/1170521\/revisions"}],"wp:featuredmedia":[{"embeddable":true,"href":"https:\/\/www.europesays.com\/de\/wp-json\/wp\/v2\/media\/1170522"}],"wp:attachment":[{"href":"https:\/\/www.europesays.com\/de\/wp-json\/wp\/v2\/media?parent=1170521"}],"wp:term":[{"taxonomy":"category","embeddable":true,"href":"https:\/\/www.europesays.com\/de\/wp-json\/wp\/v2\/categories?post=1170521"},{"taxonomy":"post_tag","embeddable":true,"href":"https:\/\/www.europesays.com\/de\/wp-json\/wp\/v2\/tags?post=1170521"}],"curies":[{"name":"wp","href":"https:\/\/api.w.org\/{rel}","templated":true}]}}