{"id":1170585,"date":"2026-07-16T09:24:18","date_gmt":"2026-07-16T09:24:18","guid":{"rendered":"https:\/\/www.europesays.com\/de\/1170585\/"},"modified":"2026-07-16T09:24:18","modified_gmt":"2026-07-16T09:24:18","slug":"herzogin-meghan-fuehlt-sich-nach-chaos-bei-uk-trip-gedemuetigt","status":"publish","type":"post","link":"https:\/\/www.europesays.com\/de\/1170585\/","title":{"rendered":"Herzogin Meghan f\u00fchlt sich nach Chaos bei UK-Trip gedem\u00fctigt"},"content":{"rendered":"<p>Alles andere als reibungslosHerzogin Meghan f\u00fchlt sich nach Chaos bei UK-Trip gedem\u00fctigt<img alt=\"Meghan Markle, the Duchess of Sussex, meets volunteer first responders from the Bondi Surf Bathers' Life Saving Club during a visit to Bondi Beach, Australia, Friday, April 17, 2026. (Jonathan Brady\/Pool Photo via AP)\" fetchpriority=\"high\" width=\"940\" height=\"529\" decoding=\"async\" data-nimg=\"1\" class=\"Image_image__SdgLQ Picture_image__vGN9W\" style=\"color:transparent\"   src=\"https:\/\/www.europesays.com\/de\/wp-content\/uploads\/2026\/07\/meghan-markle-the-duchess-of-sussex-meets-volunteer-first-responders-from-the-bondi-surf-bathers-lif.webp\"\/><\/p>\n<p>Der \u00f6ffentliche Streit zwischen ihrem Mann und dem K\u00f6nigshaus macht Meghan zu schaffen. (Archiv) <\/p>\n<p>AP \/ Jonathan Brady<\/p>\n<p class=\"AnnotatedMarkup_paragraph__IUT9l\"><strong>Hinter Meghan (44) und Harry (41) liegen turbulente Wochen!<\/strong><br \/>Gemeinsam mit ihren Kindern wollte das Paar zu einem Besuch der K\u00f6nigsfamilie nach England reisen. Doch Sicherheitsbedenken und ein Hin und Her bei der \u00dcbernachtungsplanung werfen einen dunklen Schatten \u00fcber das lang ausstehende Familientreffen.<\/p>\n<p>Hin und Her bei der Reiseplanung von Harry und Meghan<\/p>\n<p class=\"AnnotatedMarkup_paragraph__IUT9l\">Bereits bevor es \u00fcberhaupt losgeht, laufen die Wochen vor ihrem Aufenthalt in London alles andere als reibungslos. Einer der Ausl\u00f6ser ist ein ungel\u00f6stes Sicherheitsproblem. Denn Meghan, Harry und ihren Kindern wurde vom Palast kein steuerfinanzierter Personenschutz des Palasts gew\u00e4hrt.<\/p>\n<p class=\"AnnotatedMarkup_paragraph__IUT9l\"><strong>Lese-Tipp: <\/strong><a href=\"https:\/\/www.rtl.de\/unterhaltung\/royals\/prinz-harry-verraet-das-ist-heute-sein-vollzeit-job-id31082736.html\" target=\"_self\" rel=\"nofollow noopener\">Prinz Harry beschreibt seinen aktuellen Beruf als \u201eVollzeit-Vater\u201d<\/a><\/p>\n<p class=\"AnnotatedMarkup_paragraph__IUT9l\">Auch in einer royalen Residenz \u00fcbernachten d\u00fcrfen die Sussexes nicht. F\u00fcr die Hintergr\u00fcnde dazu gibt es verschiedene Darstellungen. Anscheinend hatte Prinz Harry eine urspr\u00fcngliche Einladung des Buckingham Palace abgelehnt. Als der Prinz diese dann doch annehmen wollte, sei es zu sp\u00e4t gewesen.<\/p>\n<p class=\"AnnotatedMarkup_paragraph__IUT9l\">Ein \u00f6ffentliches Hin und Her, das vor allem Meghan zu schaffen mache, habe eine Quelle dem People Magazin erkl\u00e4rt. Die Herzogin f\u00fchle sich gedem\u00fctigt.<\/p>\n<p>K\u00f6nig Charles sieht Enkel nach vier Jahren wieder<\/p>\n<p class=\"AnnotatedMarkup_paragraph__IUT9l\">Schlie\u00dflich verbringt Harry einen Gro\u00dfteil der Woche allein im Vereinigten K\u00f6nigreich. Herzogin Meghan und die gemeinsamen Kinder Archie und Lilibet reisten kurzfristig nach, um zumindest doch das erwartete Treffen mit K\u00f6nig Charles (77) und K\u00f6nigin Camilla (78) m\u00f6glich zu machen.<\/p>\n<p class=\"AnnotatedMarkup_paragraph__IUT9l\"><strong>Lese-Tipp: <\/strong><a href=\"https:\/\/www.rtl.de\/unterhaltung\/royals\/prinz-harry-scherzt-ueber-haarausfall-versuche-nicht-hinzusehen-id31086954.html\" target=\"_self\" rel=\"nofollow noopener\">\u201eVersuche, nicht hinzusehen\u201c \u2013 Prinz Harry scherzt \u00fcber Haarausfall<\/a><\/p>\n<p class=\"AnnotatedMarkup_paragraph__IUT9l\">F\u00fcr Charles war es das erste Wiedersehen mit seinen Enkelkindern seit vier Jahren, berichtet People. F\u00fcr Prinz Harry sei lautdem Magazin ein gro\u00dfer Wunsch in Erf\u00fcllung gegangen: Seine Kinder und deren Gro\u00dfeltern enger zusammenzubringen.<\/p>\n<p>Anzeige:<\/p>\n<p>Empfehlungen unserer Partner<\/p>\n<p>Kein Treffen zwischen Harry und William<\/p>\n<p class=\"AnnotatedMarkup_paragraph__IUT9l\">Meghan unterst\u00fctze ihren Mann so gut sie k\u00f6nne, betont eine Quelle im Gespr\u00e4ch mit dem People Magazin. \u00dcber dem Aufenthalt habe jedoch \u201eviel Traurigkeit\u201d gelegen. <strong>Zu einem Treffen zwischen dem Prinzen und seinem entfremdeten Bruder Prinz William (44) kam es w\u00e4hrend des Besuchs nicht.<\/strong> \u201eEs ist so zerbrochen\u201c, erkl\u00e4rt der Insider und behauptet, es habe \u201ekeine Bewegung gegeben, besonders nicht von Williams Seite.\u201d (okr) <\/p>\n<p class=\"AnnotatedMarkup_paragraph__IUT9l\">Verwendete Quellen: <a rel=\"noopener noreferrer nofollow\" href=\"https:\/\/people.com\/prince-harry-reunited-prince-archie-princess-lilibet-king-charles-after-nightmare-week-exclusive-12019043\" target=\"_blank\">People Magazin<\/a><\/p>\n","protected":false},"excerpt":{"rendered":"Alles andere als reibungslosHerzogin Meghan f\u00fchlt sich nach Chaos bei UK-Trip gedem\u00fctigt Der \u00f6ffentliche Streit zwischen ihrem Mann&hellip;\n","protected":false},"author":2,"featured_media":1170586,"comment_status":"","ping_status":"","sticky":false,"template":"","format":"standard","meta":{"footnotes":"","_share_on_mastodon":"0"},"categories":[3976],"tags":[331,332,34937,214,13,565,14,15,5276,34935,34933,34934,34936,8206,12,3992,3993,3994,215,3995,3996,3997],"class_list":["post-1170585","post","type-post","status-publish","format-standard","has-post-thumbnail","category-vereinigtes-koenigreich","tag-aktuelle-nachrichten","tag-aktuelle-news","tag-ems_unterhaltung_royals","tag-entertainment","tag-headlines","tag-koenigshaeuser","tag-nachrichten","tag-news","tag-promi-news","tag-royal-baby","tag-royal-news","tag-royal-wedding","tag-royale-hochzeit","tag-royals","tag-schlagzeilen","tag-uk","tag-united-kingdom","tag-united-kingdom-of-great-britain-and-northern-ireland","tag-unterhaltung","tag-vereinigtes-koenigreich","tag-vereinigtes-koenigreich-grossbritannien-und-nordirland","tag-vereinigtes-koenigreich-von-grossbritannien-und-nordirland"],"share_on_mastodon":{"url":"https:\/\/pubeurope.com\/@de\/116928937642800175","error":""},"_links":{"self":[{"href":"https:\/\/www.europesays.com\/de\/wp-json\/wp\/v2\/posts\/1170585","targetHints":{"allow":["GET"]}}],"collection":[{"href":"https:\/\/www.europesays.com\/de\/wp-json\/wp\/v2\/posts"}],"about":[{"href":"https:\/\/www.europesays.com\/de\/wp-json\/wp\/v2\/types\/post"}],"author":[{"embeddable":true,"href":"https:\/\/www.europesays.com\/de\/wp-json\/wp\/v2\/users\/2"}],"replies":[{"embeddable":true,"href":"https:\/\/www.europesays.com\/de\/wp-json\/wp\/v2\/comments?post=1170585"}],"version-history":[{"count":0,"href":"https:\/\/www.europesays.com\/de\/wp-json\/wp\/v2\/posts\/1170585\/revisions"}],"wp:featuredmedia":[{"embeddable":true,"href":"https:\/\/www.europesays.com\/de\/wp-json\/wp\/v2\/media\/1170586"}],"wp:attachment":[{"href":"https:\/\/www.europesays.com\/de\/wp-json\/wp\/v2\/media?parent=1170585"}],"wp:term":[{"taxonomy":"category","embeddable":true,"href":"https:\/\/www.europesays.com\/de\/wp-json\/wp\/v2\/categories?post=1170585"},{"taxonomy":"post_tag","embeddable":true,"href":"https:\/\/www.europesays.com\/de\/wp-json\/wp\/v2\/tags?post=1170585"}],"curies":[{"name":"wp","href":"https:\/\/api.w.org\/{rel}","templated":true}]}}