{"id":117060,"date":"2025-05-17T06:24:07","date_gmt":"2025-05-17T06:24:07","guid":{"rendered":"https:\/\/www.europesays.com\/de\/117060\/"},"modified":"2025-05-17T06:24:07","modified_gmt":"2025-05-17T06:24:07","slug":"piloten-fehlen-lufthansa-tochter-swiss-muss-im-sommer-1400-fluege-streichen","status":"publish","type":"post","link":"https:\/\/www.europesays.com\/de\/117060\/","title":{"rendered":"Piloten fehlen: Lufthansa-Tochter Swiss muss im Sommer 1400 Fl\u00fcge streichen"},"content":{"rendered":"<p>                    Piloten fehlen<br \/>\n                Lufthansa-Tochter Swiss muss im Sommer 1400 Fl\u00fcge streichen<\/p>\n<p>\t\t\t\t              17.05.2025, 07:54 Uhr<\/p>\n<p>\t\t\t\t\t       Artikel anh\u00f6ren<\/p>\n<p>\t\t\t\t\t\t\tDiese Audioversion wurde k\u00fcnstlich generiert. <a href=\"https:\/\/www.n-tv.de\/23249898\" target=\"_blank\" rel=\"noopener\">Mehr Infos<\/a><\/p>\n<p><strong>Gerade im Sommer m\u00f6chten viele Menschen in den Urlaub fliegen. Bei der Schweizer Lufthansa-Tochter Swiss wird ihnen das schwerer fallen als bisher. Hunderte Fl\u00fcge fallen bis Oktober aus. An der Nachfrage fehlt es nicht, die Gr\u00fcnde sind hausgemacht. <\/strong><\/p>\n<p>Die Schweizer Lufthansa-Tochter Swiss streicht wegen fehlender Pilotinnen und Piloten im Sommer 1400 Fl\u00fcge. Der Fluggesellschaft zufolge liegt der Mangel an einer Reihe unerwarteter Entwicklungen und einer zu optimistischen Planung. Betroffen sind Langstreckenfl\u00fcge sowie diverse Fl\u00fcge im Kurz- und Mittelstreckennetz. Eine Swiss-Sprecherin best\u00e4tigte entsprechende Informationen des Branchenportals &#8222;Aerotelegraph&#8220;.<\/p>\n<p>Insgesamt entsprechen die Streichungen 1,5 Prozent des Flugplans zwischen April und Oktober. Laut &#8222;Aerotelegraph&#8220; sind ungew\u00f6hnlich viele Pilotinnen und Piloten \u00fcber l\u00e4ngere Zeit nicht im Dienst. Dies liege etwa an Schwangerschaften und Unf\u00e4llen. Auch die Umschulung von Crews auf den neuen Airbus A350 bindet Kapazit\u00e4ten. Au\u00dferdem hat ein neuer Gesamtarbeitsvertrag mit verbesserten Arbeitszeitregelungen den Bedarf an Personal um rund 70 Vollzeitstellen erh\u00f6ht.<\/p>\n<p>Hinzu kommt auch die Wartung der Airbus-A220-Jets wegen Triebwerksproblemen, wie Swiss-Manager Oliver Buchhofer dem Fachportal erkl\u00e4rte. Bei den gr\u00f6\u00dferen A320-Mittelstreckenjets gebe es zwar ausreichend Maschinen, aber zu wenig Besatzungen. Die m\u00f6gliche externe Hilfe durch Partner und die Lufthansa sei bereits ausgesch\u00f6pft.<\/p>\n<p>Zur kurzfristigen Entlastung verschieben den Angaben zufolge einige \u00e4ltere Pilotinnen und Piloten ihren Ruhestand und Teilzeitkr\u00e4fte stocken vor\u00fcbergehend ihre Arbeitszeiten auf. Langfristig plant Swiss, die Ausbildungskapazit\u00e4t im Cockpit auszubauen und j\u00e4hrlich bis zu 110 neue Pilotinnen und Piloten zu \u00fcbernehmen.<\/p>\n","protected":false},"excerpt":{"rendered":"Piloten fehlen Lufthansa-Tochter Swiss muss im Sommer 1400 Fl\u00fcge streichen 17.05.2025, 07:54 Uhr Artikel anh\u00f6ren Diese Audioversion wurde&hellip;\n","protected":false},"author":2,"featured_media":117061,"comment_status":"","ping_status":"","sticky":false,"template":"","format":"standard","meta":{"footnotes":""},"categories":[134],"tags":[175,170,169,29,1707,30,2108,171,174,834,173,172,55],"class_list":{"0":"post-117060","1":"post","2":"type-post","3":"status-publish","4":"format-standard","5":"has-post-thumbnail","7":"category-unternehmen-maerkte","8":"tag-business","9":"tag-companies","10":"tag-companies-markets","11":"tag-deutschland","12":"tag-fachkraeftemangel","13":"tag-germany","14":"tag-lufthansa","15":"tag-markets","16":"tag-maerkte","17":"tag-schwangerschaft","18":"tag-unternehmen","19":"tag-unternehmen-maerkte","20":"tag-wirtschaft"},"share_on_mastodon":{"url":"https:\/\/pubeurope.com\/@de\/114521745835093388","error":""},"_links":{"self":[{"href":"https:\/\/www.europesays.com\/de\/wp-json\/wp\/v2\/posts\/117060","targetHints":{"allow":["GET"]}}],"collection":[{"href":"https:\/\/www.europesays.com\/de\/wp-json\/wp\/v2\/posts"}],"about":[{"href":"https:\/\/www.europesays.com\/de\/wp-json\/wp\/v2\/types\/post"}],"author":[{"embeddable":true,"href":"https:\/\/www.europesays.com\/de\/wp-json\/wp\/v2\/users\/2"}],"replies":[{"embeddable":true,"href":"https:\/\/www.europesays.com\/de\/wp-json\/wp\/v2\/comments?post=117060"}],"version-history":[{"count":0,"href":"https:\/\/www.europesays.com\/de\/wp-json\/wp\/v2\/posts\/117060\/revisions"}],"wp:featuredmedia":[{"embeddable":true,"href":"https:\/\/www.europesays.com\/de\/wp-json\/wp\/v2\/media\/117061"}],"wp:attachment":[{"href":"https:\/\/www.europesays.com\/de\/wp-json\/wp\/v2\/media?parent=117060"}],"wp:term":[{"taxonomy":"category","embeddable":true,"href":"https:\/\/www.europesays.com\/de\/wp-json\/wp\/v2\/categories?post=117060"},{"taxonomy":"post_tag","embeddable":true,"href":"https:\/\/www.europesays.com\/de\/wp-json\/wp\/v2\/tags?post=117060"}],"curies":[{"name":"wp","href":"https:\/\/api.w.org\/{rel}","templated":true}]}}