{"id":1170626,"date":"2026-07-16T09:47:18","date_gmt":"2026-07-16T09:47:18","guid":{"rendered":"https:\/\/www.europesays.com\/de\/1170626\/"},"modified":"2026-07-16T09:47:18","modified_gmt":"2026-07-16T09:47:18","slug":"a12-richtung-utrecht-gesperrt-umleitung-fuer-reisende-aus-dortmund","status":"publish","type":"post","link":"https:\/\/www.europesays.com\/de\/1170626\/","title":{"rendered":"A12 Richtung Utrecht gesperrt: Umleitung f\u00fcr Reisende aus Dortmund"},"content":{"rendered":"<p>Bis zu 30 Minuten l\u00e4nger <\/p>\n<p>Wichtige Holland-Route gesperrt \u2013 das m\u00fcssen Dortmunder Urlauber wissen<\/p>\n<p>16.07.2026 &#8211; 11:43 UhrLesedauer: 1 Min.<\/p>\n<p><a href=\"#focus-0\" class=\"transition-colors block text-current relative\" data-sctrack=\"FocusGalleryImage.Reference\"><img fetchpriority=\"high\" data-testid=\"Opener.Image\"   loading=\"eager\" src=\"https:\/\/www.europesays.com\/de\/wp-content\/uploads\/2026\/07\/9-km-langer-stau-auf-der-autobahn-a40-in-richtung-osten-zwischen-der-niederlaendischen-grenze-bei-ve.jpeg\" alt=\"imago images 0581012739\" title=\"imago images 0581012739\" width=\"8974\" height=\"5048\" class=\"bg-[url:var(--lqipURL)] bg-cover bg-center flex h-full w-full max-w-full\" style=\"--lqipURL:url('https:\/\/images.t-online.de\/2026\/07\/R5wwxYcK7PRW\/0x468:8974x5048\/fit-in\/150x0\/filters:blur(25)\/9-km-langer-stau-auf-der-autobahn-a40-in-richtung-osten-zwischen-der-niederlaendischen-grenze-bei-venlo-vor-der-anschlussstelle-wankum-wegen-einer-baustelle-verkehrsfuehrung-auf-eine-spur-viele-lkw-im-stau-nrw-deutschland-autobahnstau-9-km-long-traffic-jam-on-the-highway-a40-eastbound-between-the-dutch-border-near-venlo-before-the-junction-wankum-due-to-a-construction-site-traffic-routing-on-one-lane-many-trucks-in-traffic-jam-nrw-germany-highway-traffic-jam.jpg')\" decoding=\"async\"\/><img loading=\"lazy\" src=\"https:\/\/dortmund.t-online.de\/s\/paper\/_next\/static\/media\/zoom-in.f7dae02f.svg\" alt=\"Vergr\u00f6\u00dfern des Bildes\" title=\"Vergr\u00f6\u00dfern des Bildes\" class=\"block h-[calc(var(--height)_\/_16_*_1rem)] w-[calc(var(--width)_\/_16_*_1rem)] max-w-none absolute right-8 bottom-8 rounded-4 bg-snow p-8\" style=\"--width:32;--height:32\" decoding=\"async\"\/><\/a><\/p>\n<p>Stau auf einer Autobahn in Richtung Niederlande (Symbolbild): (Quelle: IMAGO\/Jochen Tack\/imago)<\/p>\n<p><img loading=\"lazy\" src=\"https:\/\/dortmund.t-online.de\/s\/paper\/_next\/static\/media\/audio-volume.6689034c.svg\" alt=\"\" title=\"\" class=\"block h-[calc(var(--height)_\/_16_*_1rem)] w-[calc(var(--width)_\/_16_*_1rem)] max-w-none group-hover:brightness-0 group-hover:invert\" style=\"--width:16;--height:16\" decoding=\"async\"\/>Vorlesen<\/p>\n<p>Aktuelle Zeit:0:00Gesamtdauer:0:00<\/p>\n<p>1x<\/p>\n<p class=\"text-center\">Jetzt neu bei t-online:<\/p>\n<p class=\"text-center\">Schriftgr\u00f6\u00dfe anpassen!<\/p>\n<p><img loading=\"lazy\" src=\"https:\/\/dortmund.t-online.de\/s\/paper\/_next\/static\/media\/font-sizes.32942e33.svg\" alt=\"\" title=\"\" class=\"block h-[calc(var(--height)_\/_16_*_1rem)] w-[calc(var(--width)_\/_16_*_1rem)] max-w-none group-hover:hidden group-aria-expanded:hidden\" style=\"--width:16;--height:16\" decoding=\"async\"\/><img loading=\"lazy\" src=\"https:\/\/dortmund.t-online.de\/s\/paper\/_next\/static\/media\/font-sizes-dark-mode.e382645c.svg\" alt=\"\" title=\"\" class=\"block h-[calc(var(--height)_\/_16_*_1rem)] w-[calc(var(--width)_\/_16_*_1rem)] max-w-none hidden group-hover:block group-aria-expanded:block\" style=\"--width:16;--height:16\" decoding=\"async\"\/><img loading=\"lazy\" src=\"https:\/\/dortmund.t-online.de\/s\/paper\/_next\/static\/media\/sharing-menu-icon.1eb71368.svg\" alt=\"\" title=\"\" class=\"block h-[calc(var(--height)_\/_16_*_1rem)] w-[calc(var(--width)_\/_16_*_1rem)] max-w-none group-hover:brightness-0 group-hover:invert\" style=\"--width:16;--height:16\" decoding=\"async\"\/>Artikel teilen<\/p>\n<p class=\"font-bold text-18 leading-17 user-text-lg:text-22 user-text-xl:text-24\">Kurz nach Beginn der Sommerferien wird eine zentrale Autobahnverbindung in den Niederlanden gesperrt. Reisende aus Dortmund in Richtung Utrecht und Nordseek\u00fcste m\u00fcssen Umwege einplanen.<\/p>\n<p class=\"text-18 leading-17 user-text-lg:text-22 user-text-xl:text-24\">Wer aus Dortmund in Richtung Utrecht oder an die niederl\u00e4ndische Nordseek\u00fcste f\u00e4hrt, muss Ende Juli mehr Zeit einplanen. Die <a href=\"https:\/\/koeln.t-online.de\/region\/koeln\/id_101345320\/beliebter-nordseestrand-wird-veraendert-touristen-aus-nrw-betroffen.html\" class=\"transition-colors cursor-pointer no-underline md:hover:text-magenta md:focus:text-magenta border-b border-solid border-current text-salemsfur md:hover:border-magenta\" data-tracking=\"{&quot;action&quot;:&quot;click&quot;,&quot;category&quot;:&quot;intextLink&quot;,&quot;label&quot;:&quot;https:\/\/koeln.t-online.de\/region\/koeln\/id_101345320\/beliebter-nordseestrand-wird-veraendert-touristen-aus-nrw-betroffen.html&quot;}\" data-sctrack=\"BodyAnchor\" rel=\"nofollow noopener\" target=\"_blank\">niederl\u00e4ndische Stra\u00dfenbeh\u00f6rde Rijkswaterstaat<\/a> sperrt die A12 in Richtung Utrecht f\u00fcr ein komplettes Wochenende.<\/p>\n<p class=\"text-18 leading-17 user-text-lg:text-22 user-text-xl:text-24\">Betroffen ist der Abschnitt zwischen dem Autobahnkreuz Grijsoord bei Arnheim und Maanderbroek bei Veenendaal. Die Sperrung beginnt am Freitag, 24. Juli, um 21 Uhr und dauert bis Montag, 27. Juli, um 5 Uhr. Nach Angaben der Beh\u00f6rde kann sich die Fahrt um bis zu 30 Minuten verl\u00e4ngern.<\/p>\n<p>Sommerferien in NRW: A2-Sperrung trifft Dortmunder Reisende<\/p>\n<p class=\"text-18 leading-17 user-text-lg:text-22 user-text-xl:text-24\">F\u00fcr Reisende aus Dortmund ist die Verbindung relevant: Die \u00fcbliche Strecke nach Utrecht f\u00fchrt \u00fcber die A2, die A3 in Richtung Arnheim und anschlie\u00dfend \u00fcber die niederl\u00e4ndische A12. Auch Urlauber mit Zielen wie Den Haag oder Scheveningen k\u00f6nnen von der Sperrung betroffen sein.<\/p>\n<p class=\"text-18 leading-17 user-text-lg:text-22 user-text-xl:text-24\">Der Verkehr wird unter anderem \u00fcber die Autobahnen A50, A1, A30 sowie \u00fcber A15, A2 und A27 umgeleitet. <a href=\"https:\/\/duesseldorf.t-online.de\/region\/duesseldorf\/id_101345368\/sommerferien-in-nrw-autobahn-komplett-gesperrt-verkehrschaos-droht.html\" class=\"transition-colors cursor-pointer no-underline md:hover:text-magenta md:focus:text-magenta border-b border-solid border-current text-salemsfur md:hover:border-magenta\" data-tracking=\"{&quot;action&quot;:&quot;click&quot;,&quot;category&quot;:&quot;intextLink&quot;,&quot;label&quot;:&quot;https:\/\/duesseldorf.t-online.de\/region\/duesseldorf\/id_101345368\/sommerferien-in-nrw-autobahn-komplett-gesperrt-verkehrschaos-droht.html&quot;}\" data-sctrack=\"BodyAnchor\" rel=\"nofollow noopener\" target=\"_blank\">Rijkswaterstaat warnt wegen der Ferienzeit zus\u00e4tzlich vor erh\u00f6htem Verkehrsaufkommen<\/a>. Autofahrer sollten ihre Route unmittelbar vor der Abfahrt noch einmal pr\u00fcfen.<\/p>\n<p class=\"text-18 leading-17 user-text-lg:text-22 user-text-xl:text-24\">W\u00e4hrend der Sperrung wird alter Asphalt entfernt und durch teilweise l\u00e4rmmindernden Stra\u00dfenbelag ersetzt. Au\u00dferdem werden Fahrbahn\u00fcberg\u00e4nge bearbeitet und neue Messschleifen eingebaut, die unter anderem Verkehrsaufkommen und Gl\u00e4tte erfassen.<\/p>\n","protected":false},"excerpt":{"rendered":"Bis zu 30 Minuten l\u00e4nger Wichtige Holland-Route gesperrt \u2013 das m\u00fcssen Dortmunder Urlauber wissen 16.07.2026 &#8211; 11:43 UhrLesedauer:&hellip;\n","protected":false},"author":2,"featured_media":1170627,"comment_status":"","ping_status":"","sticky":false,"template":"","format":"standard","meta":{"footnotes":"","_share_on_mastodon":"0"},"categories":[1833],"tags":[722,17161,63484,108159,3364,29,217,30,965,1209,48166,11290,245240],"class_list":["post-1170626","post","type-post","status-publish","format-standard","has-post-thumbnail","category-dortmund","tag-722","tag-17161","tag-arnheim","tag-autobahnverbindung","tag-de","tag-deutschland","tag-dortmund","tag-germany","tag-niederlande","tag-nordrhein-westfalen","tag-nordseekueste","tag-sommerferien","tag-veenendaal"],"share_on_mastodon":{"url":"https:\/\/pubeurope.com\/@de\/116929026668798012","error":""},"_links":{"self":[{"href":"https:\/\/www.europesays.com\/de\/wp-json\/wp\/v2\/posts\/1170626","targetHints":{"allow":["GET"]}}],"collection":[{"href":"https:\/\/www.europesays.com\/de\/wp-json\/wp\/v2\/posts"}],"about":[{"href":"https:\/\/www.europesays.com\/de\/wp-json\/wp\/v2\/types\/post"}],"author":[{"embeddable":true,"href":"https:\/\/www.europesays.com\/de\/wp-json\/wp\/v2\/users\/2"}],"replies":[{"embeddable":true,"href":"https:\/\/www.europesays.com\/de\/wp-json\/wp\/v2\/comments?post=1170626"}],"version-history":[{"count":0,"href":"https:\/\/www.europesays.com\/de\/wp-json\/wp\/v2\/posts\/1170626\/revisions"}],"wp:featuredmedia":[{"embeddable":true,"href":"https:\/\/www.europesays.com\/de\/wp-json\/wp\/v2\/media\/1170627"}],"wp:attachment":[{"href":"https:\/\/www.europesays.com\/de\/wp-json\/wp\/v2\/media?parent=1170626"}],"wp:term":[{"taxonomy":"category","embeddable":true,"href":"https:\/\/www.europesays.com\/de\/wp-json\/wp\/v2\/categories?post=1170626"},{"taxonomy":"post_tag","embeddable":true,"href":"https:\/\/www.europesays.com\/de\/wp-json\/wp\/v2\/tags?post=1170626"}],"curies":[{"name":"wp","href":"https:\/\/api.w.org\/{rel}","templated":true}]}}