{"id":1170633,"date":"2026-07-16T09:51:16","date_gmt":"2026-07-16T09:51:16","guid":{"rendered":"https:\/\/www.europesays.com\/de\/1170633\/"},"modified":"2026-07-16T09:51:16","modified_gmt":"2026-07-16T09:51:16","slug":"duesseldorf-rheinkirmes-2026-der-beste-tag-fuer-den-besuch","status":"publish","type":"post","link":"https:\/\/www.europesays.com\/de\/1170633\/","title":{"rendered":"D\u00fcsseldorf Rheinkirmes 2026: Der beste Tag f\u00fcr den Besuch"},"content":{"rendered":"<p class=\"text_ohne_einzug richtext text-em-55 !leading-serif mx-6 desktop:mx-0\">Die D\u00fcsseldorfer Rheinkirmes feiert vom 17. bis 26. Juli 2026 ihr 125. Jubil\u00e4um, auf den Oberkasseler Rheinwiesen werden erneut mehrere Millionen Besucherinnen und Besucher erwartet. Wer schon einmal am Feuerwerksabend eine Stunde f\u00fcr die letzten 200 Meter zur F\u00e4hre gebraucht hat, wei\u00df: Der richtige Tag entscheidet mit dar\u00fcber, ob der Kirmesbesuch entspannt wird oder zur Geduldsprobe. Wir haben das Programm, den Rheinbahn-Sonderfahrplan und die Erfahrungswerte aus den Vorjahren ausgewertet, um genau das planbarer zu machen.<\/p>\n","protected":false},"excerpt":{"rendered":"Die D\u00fcsseldorfer Rheinkirmes feiert vom 17. bis 26. Juli 2026 ihr 125. Jubil\u00e4um, auf den Oberkasseler Rheinwiesen werden&hellip;\n","protected":false},"author":2,"featured_media":1170634,"comment_status":"","ping_status":"","sticky":false,"template":"","format":"standard","meta":{"footnotes":"","_share_on_mastodon":"0"},"categories":[1831],"tags":[242,15630,5114,3364,40857,29,3405,30,46437,2508,212327,1209,4102,39173,19299,18054,1781],"class_list":["post-1170633","post","type-post","status-publish","format-standard","has-post-thumbnail","category-duesseldorf","tag-242","tag-andrang","tag-angebot","tag-de","tag-detail","tag-deutschland","tag-duesseldorf","tag-germany","tag-gesamten","tag-kirmes","tag-nachtangebot","tag-nordrhein-westfalen","tag-rheinbahn","tag-rheinkirmes","tag-rheinwiesen","tag-sonderfahrplan","tag-tag"],"share_on_mastodon":{"url":"https:\/\/pubeurope.com\/@de\/116929042216323328","error":""},"_links":{"self":[{"href":"https:\/\/www.europesays.com\/de\/wp-json\/wp\/v2\/posts\/1170633","targetHints":{"allow":["GET"]}}],"collection":[{"href":"https:\/\/www.europesays.com\/de\/wp-json\/wp\/v2\/posts"}],"about":[{"href":"https:\/\/www.europesays.com\/de\/wp-json\/wp\/v2\/types\/post"}],"author":[{"embeddable":true,"href":"https:\/\/www.europesays.com\/de\/wp-json\/wp\/v2\/users\/2"}],"replies":[{"embeddable":true,"href":"https:\/\/www.europesays.com\/de\/wp-json\/wp\/v2\/comments?post=1170633"}],"version-history":[{"count":0,"href":"https:\/\/www.europesays.com\/de\/wp-json\/wp\/v2\/posts\/1170633\/revisions"}],"wp:featuredmedia":[{"embeddable":true,"href":"https:\/\/www.europesays.com\/de\/wp-json\/wp\/v2\/media\/1170634"}],"wp:attachment":[{"href":"https:\/\/www.europesays.com\/de\/wp-json\/wp\/v2\/media?parent=1170633"}],"wp:term":[{"taxonomy":"category","embeddable":true,"href":"https:\/\/www.europesays.com\/de\/wp-json\/wp\/v2\/categories?post=1170633"},{"taxonomy":"post_tag","embeddable":true,"href":"https:\/\/www.europesays.com\/de\/wp-json\/wp\/v2\/tags?post=1170633"}],"curies":[{"name":"wp","href":"https:\/\/api.w.org\/{rel}","templated":true}]}}