{"id":1170645,"date":"2026-07-16T09:57:19","date_gmt":"2026-07-16T09:57:19","guid":{"rendered":"https:\/\/www.europesays.com\/de\/1170645\/"},"modified":"2026-07-16T09:57:19","modified_gmt":"2026-07-16T09:57:19","slug":"flughafen-koeln-bonn-neues-flug-ziel-fuer-sommerferien-in-nrw-angekuendigt","status":"publish","type":"post","link":"https:\/\/www.europesays.com\/de\/1170645\/","title":{"rendered":"Flughafen K\u00f6ln\/Bonn: Neues Flug-Ziel f\u00fcr Sommerferien in NRW angek\u00fcndigt"},"content":{"rendered":"<p>Schon ab den Sommerferien <\/p>\n<p>Neue Airline in K\u00f6ln\/Bonn: Sie fliegt in beliebten Urlaubsort<\/p>\n<p>16.07.2026 &#8211; 11:43 UhrLesedauer: 2 Min.<\/p>\n<p><a href=\"#focus-0\" class=\"transition-colors block text-current relative\" data-sctrack=\"FocusGalleryImage.Reference\"><img fetchpriority=\"high\" data-testid=\"Opener.Image\"   loading=\"eager\" src=\"https:\/\/www.europesays.com\/de\/wp-content\/uploads\/2026\/07\/ein-airbus-a320-der-aegyptischen-fluggesellschaft-nesma-airlines-nesma-fliegt-ab-sofort-mehrmals-die.jpeg\" alt=\"Ein Airbus A320 der \u00e4gyptischen Fluggesellschaft Nesma Airlines: Nesma fliegt ab sofort mehrmals die Woche vom Flughafen K\u00f6ln\/Bonn nach Hurghada.\" title=\"Ein Airbus A320 der \u00e4gyptischen Fluggesellschaft Nesma Airlines: Nesma fliegt ab sofort mehrmals die Woche vom Flughafen K\u00f6ln\/Bonn nach Hurghada.\" width=\"7430\" height=\"4180\" class=\"bg-[url:var(--lqipURL)] bg-cover bg-center flex h-full w-full max-w-full\" style=\"--lqipURL:url('https:\/\/images.t-online.de\/2026\/07\/--baaftfWVme\/381x442:7430x4180\/fit-in\/150x0\/filters:blur(25)\/ein-airbus-a320-der-aegyptischen-fluggesellschaft-nesma-airlines-nesma-fliegt-ab-sofort-mehrmals-die-woche-vom-flughafen-koeln-bonn-nach-hurghada.jpg')\" decoding=\"async\"\/><img loading=\"lazy\" src=\"https:\/\/koeln.t-online.de\/s\/paper\/_next\/static\/media\/zoom-in.f7dae02f.svg\" alt=\"Vergr\u00f6\u00dfern des Bildes\" title=\"Vergr\u00f6\u00dfern des Bildes\" class=\"block h-[calc(var(--height)_\/_16_*_1rem)] w-[calc(var(--width)_\/_16_*_1rem)] max-w-none absolute right-8 bottom-8 rounded-4 bg-snow p-8\" style=\"--width:32;--height:32\" decoding=\"async\"\/><\/a><\/p>\n<p>Ein Airbus A320 der \u00e4gyptischen Fluggesellschaft Nesma Airlines: Nesma fliegt ab sofort mehrmals die Woche vom Flughafen K\u00f6ln\/Bonn nach Hurghada. (Quelle: Andreas Haas \/ imago images)<\/p>\n<p><img loading=\"lazy\" src=\"https:\/\/koeln.t-online.de\/s\/paper\/_next\/static\/media\/audio-volume.6689034c.svg\" alt=\"\" title=\"\" class=\"block h-[calc(var(--height)_\/_16_*_1rem)] w-[calc(var(--width)_\/_16_*_1rem)] max-w-none group-hover:brightness-0 group-hover:invert\" style=\"--width:16;--height:16\" decoding=\"async\"\/>Vorlesen<\/p>\n<p>Aktuelle Zeit:0:00Gesamtdauer:0:00<\/p>\n<p>1x<\/p>\n<p class=\"text-center\">Jetzt neu bei t-online:<\/p>\n<p class=\"text-center\">Schriftgr\u00f6\u00dfe anpassen!<\/p>\n<p><img loading=\"lazy\" src=\"https:\/\/koeln.t-online.de\/s\/paper\/_next\/static\/media\/font-sizes.32942e33.svg\" alt=\"\" title=\"\" class=\"block h-[calc(var(--height)_\/_16_*_1rem)] w-[calc(var(--width)_\/_16_*_1rem)] max-w-none group-hover:hidden group-aria-expanded:hidden\" style=\"--width:16;--height:16\" decoding=\"async\"\/><img loading=\"lazy\" src=\"https:\/\/koeln.t-online.de\/s\/paper\/_next\/static\/media\/font-sizes-dark-mode.e382645c.svg\" alt=\"\" title=\"\" class=\"block h-[calc(var(--height)_\/_16_*_1rem)] w-[calc(var(--width)_\/_16_*_1rem)] max-w-none hidden group-hover:block group-aria-expanded:block\" style=\"--width:16;--height:16\" decoding=\"async\"\/><img loading=\"lazy\" src=\"https:\/\/koeln.t-online.de\/s\/paper\/_next\/static\/media\/sharing-menu-icon.1eb71368.svg\" alt=\"\" title=\"\" class=\"block h-[calc(var(--height)_\/_16_*_1rem)] w-[calc(var(--width)_\/_16_*_1rem)] max-w-none group-hover:brightness-0 group-hover:invert\" style=\"--width:16;--height:16\" decoding=\"async\"\/>Artikel teilen<\/p>\n<p class=\"font-bold text-18 leading-17 user-text-lg:text-22 user-text-xl:text-24\">Der Flughafen K\u00f6ln\/Bonn erweitert kurz vor Beginn der Sommerferien in NRW sein Angebot. Eine neue Fluggesellschaft geht an den Start.<\/p>\n<p class=\"text-18 leading-17 user-text-lg:text-22 user-text-xl:text-24\"><a href=\"https:\/\/koeln.t-online.de\/region\/koeln\/id_101318142\/koeln-bonn-airport-bietet-neue-direktverbindung-nach-fuerteventura.html\" class=\"transition-colors cursor-pointer no-underline md:hover:text-magenta md:focus:text-magenta border-b border-solid border-current text-salemsfur md:hover:border-magenta\" data-tracking=\"{&quot;action&quot;:&quot;click&quot;,&quot;category&quot;:&quot;intextLink&quot;,&quot;label&quot;:&quot;\/region\/koeln\/id_101318142\/koeln-bonn-airport-bietet-neue-direktverbindung-nach-fuerteventura.html&quot;}\" data-sctrack=\"BodyAnchor\" rel=\"nofollow noopener\" target=\"_blank\">Urlauber am Flughafen K\u00f6ln\/Bonn<\/a> k\u00f6nnen sich ab sofort auf eine neue Verbindung freuen. Die \u00e4gyptische Fluggesellschaft Nesma Airlines verbindet den Airport ab sofort mit der <a href=\"https:\/\/www.t-online.de\/leben\/aktuelles\/id_101189378\/aegypten-urlaub-energiesparregeln-gelten-nicht-fuer-touristen.html\" class=\"transition-colors cursor-pointer no-underline md:hover:text-magenta md:focus:text-magenta border-b border-solid border-current text-salemsfur md:hover:border-magenta\" data-tracking=\"{&quot;action&quot;:&quot;click&quot;,&quot;category&quot;:&quot;intextLink&quot;,&quot;label&quot;:&quot;https:\/\/www.t-online.de\/leben\/aktuelles\/id_101189378\/aegypten-urlaub-energiesparregeln-gelten-nicht-fuer-touristen.html&quot;}\" data-sctrack=\"BodyAnchor\" rel=\"nofollow noopener\" target=\"_blank\">K\u00fcstenstadt Hurghada am Roten Meer<\/a>. Das teilten die Verantwortlichen am Donnerstag (17. Juli) mit. Schon in den kommenden Tagen sollen die ersten Fl\u00fcge aus K\u00f6ln mit Nesma Airlines starten.<\/p>\n<p class=\"text-18 leading-17 user-text-lg:text-22 user-text-xl:text-24\">Die Fluggesellschaft ist damit neu in K\u00f6ln\/Bonn. Bislang bietet sie unter anderem <a href=\"https:\/\/duesseldorf.t-online.de\/region\/duesseldorf\/id_101341290\/flughafen-duesseldorf-diese-fehler-kosten-reisenden-zum-ferien-start-zeit.html\" class=\"transition-colors cursor-pointer no-underline md:hover:text-magenta md:focus:text-magenta border-b border-solid border-current text-salemsfur md:hover:border-magenta\" data-tracking=\"{&quot;action&quot;:&quot;click&quot;,&quot;category&quot;:&quot;intextLink&quot;,&quot;label&quot;:&quot;https:\/\/duesseldorf.t-online.de\/region\/duesseldorf\/id_101341290\/flughafen-duesseldorf-diese-fehler-kosten-reisenden-zum-ferien-start-zeit.html&quot;}\" data-sctrack=\"BodyAnchor\" rel=\"nofollow noopener\" target=\"_blank\">Fl\u00fcge aus Berlin, M\u00fcnchen oder D\u00fcsseldorf<\/a> an, ebenfalls nach Hurghada. Die K\u00fcstenstadt ist seit Jahren bei deutschen Touristen beliebt. Der Flughafen rechnet in den Sommerferien mit insgesamt 1,8 Millionen Passagieren, die zu mehr als 100 Zielen reisen werden.<\/p>\n<p>Flughafen K\u00f6ln\/Bonn: Nesma Airlines fliegt ab sofort nach Hurghada<\/p>\n<p class=\"text-18 leading-17 user-text-lg:text-22 user-text-xl:text-24\">Flughafen-Chef Thilo Schmid freut sich \u00fcber das neue Angebot: &#8222;Wir freuen uns sehr, dass Nesma Airlines diese beliebte Destination nun wieder direkt ab K\u00f6ln\/Bonn anbietet und unser touristisches Streckenangebot weiter st\u00e4rkt.&#8220; Aufgrund des anhaltenden Konflikts im Nahen Osten hatten Passagiere zuletzt zur\u00fcckhaltender gebucht \u2013 vor allem bei Zielen im Norden Afrikas oder dem Nahen Osten selbst.<\/p>\n<p class=\"text-18 leading-17 user-text-lg:text-22 user-text-xl:text-24\">Nesma Airlines bietet zun\u00e4chst zwei Verbindungen in der Woche nach Hurghada an. Die Airline will dienstags und samstags nach Hurghada fl\u00fcgen. In den Herbstferien soll ein weiterer Flug hinzukommen. Daf\u00fcr setzt die Fluggesellschaft einen Airbus A321 ab K\u00f6ln\/Bonn ein, wie der Flughafen weiter mitteilte.<\/p>\n<p>Sommerferien in NRW: Beliebtestes Ziel in K\u00f6ln\/Bonn ist nicht Mallorca<\/p>\n<p class=\"text-18 leading-17 user-text-lg:text-22 user-text-xl:text-24\">Zum Start der Sommerferien in Nordrhein-Westfalen erwarten die Verantwortlichen einen Ansturm am Flughafen. Tausende Urlauber k\u00f6nnen sich dabei \u00fcber eine Erleichterung freuen: <a href=\"https:\/\/koeln.t-online.de\/region\/koeln\/id_101343284\/flughafen-koeln-bonn-erlaubt-fluessigkeiten-im-handgepaeck-neue-obergrenze.html\" class=\"transition-colors cursor-pointer no-underline md:hover:text-magenta md:focus:text-magenta border-b border-solid border-current text-salemsfur md:hover:border-magenta\" data-tracking=\"{&quot;action&quot;:&quot;click&quot;,&quot;category&quot;:&quot;intextLink&quot;,&quot;label&quot;:&quot;\/region\/koeln\/id_101343284\/flughafen-koeln-bonn-erlaubt-fluessigkeiten-im-handgepaeck-neue-obergrenze.html&quot;}\" data-sctrack=\"BodyAnchor\" rel=\"nofollow noopener\" target=\"_blank\">Seit Mitte Juli ist nun die gesamte Sicherheitskontrolle mit sogenannten CT-Scannern ausgestattet.<\/a> Sie k\u00f6nnen das Handgep\u00e4ck besser scannen, Flugg\u00e4ste ben\u00f6tigen in K\u00f6ln\/Bonn also keinen Fl\u00fcssigkeitsbeutel mehr.<\/p>\n<p class=\"text-18 leading-17 user-text-lg:text-22 user-text-xl:text-24\">In den Sommerferien bietet der Flughafen Fl\u00fcge zu 115 Zielen in 38 L\u00e4ndern an. Die beliebtesten Urlaubsorte liegen dabei wie gewohnt in Spanien und die T\u00fcrkei, gefolgt von Griechenland und Italien. <a href=\"https:\/\/duesseldorf.t-online.de\/region\/duesseldorf\/id_101134346\/duesseldorf-airport-eurowings-und-sunexpress-erweitern-angebot-deutlich.html\" class=\"transition-colors cursor-pointer no-underline md:hover:text-magenta md:focus:text-magenta border-b border-solid border-current text-salemsfur md:hover:border-magenta\" data-tracking=\"{&quot;action&quot;:&quot;click&quot;,&quot;category&quot;:&quot;intextLink&quot;,&quot;label&quot;:&quot;https:\/\/duesseldorf.t-online.de\/region\/duesseldorf\/id_101134346\/duesseldorf-airport-eurowings-und-sunexpress-erweitern-angebot-deutlich.html&quot;}\" data-sctrack=\"BodyAnchor\" rel=\"nofollow noopener\" target=\"_blank\">Antalya ist erneut das beliebteste Flugziel ab K\u00f6ln\/Bonn \u2013 dicht gefolgt vom Flughafen Palma de Mallorca auf der Balearen-Insel<\/a>.<\/p>\n","protected":false},"excerpt":{"rendered":"Schon ab den Sommerferien Neue Airline in K\u00f6ln\/Bonn: Sie fliegt in beliebten Urlaubsort 16.07.2026 &#8211; 11:43 UhrLesedauer: 2&hellip;\n","protected":false},"author":2,"featured_media":1170646,"comment_status":"","ping_status":"","sticky":false,"template":"","format":"standard","meta":{"footnotes":"","_share_on_mastodon":"0"},"categories":[1828],"tags":[90938,44757,33287,3091,296,1741,29,3405,18006,30,122619,1420,1268,245244,1209,20940,11290,4026,143],"class_list":["post-1170645","post","type-post","status-publish","format-standard","has-post-thumbnail","category-koeln","tag-90938","tag-airbus-a320","tag-airbus-s-a-s","tag-airline","tag-berlin","tag-bonn","tag-deutschland","tag-duesseldorf","tag-fluggesellschaft","tag-germany","tag-hurghada","tag-koeln","tag-muenchen","tag-nesma","tag-nordrhein-westfalen","tag-rote-meer","tag-sommerferien","tag-spanien","tag-tuerkei"],"share_on_mastodon":{"url":"https:\/\/pubeurope.com\/@de\/116929067735523252","error":""},"_links":{"self":[{"href":"https:\/\/www.europesays.com\/de\/wp-json\/wp\/v2\/posts\/1170645","targetHints":{"allow":["GET"]}}],"collection":[{"href":"https:\/\/www.europesays.com\/de\/wp-json\/wp\/v2\/posts"}],"about":[{"href":"https:\/\/www.europesays.com\/de\/wp-json\/wp\/v2\/types\/post"}],"author":[{"embeddable":true,"href":"https:\/\/www.europesays.com\/de\/wp-json\/wp\/v2\/users\/2"}],"replies":[{"embeddable":true,"href":"https:\/\/www.europesays.com\/de\/wp-json\/wp\/v2\/comments?post=1170645"}],"version-history":[{"count":0,"href":"https:\/\/www.europesays.com\/de\/wp-json\/wp\/v2\/posts\/1170645\/revisions"}],"wp:featuredmedia":[{"embeddable":true,"href":"https:\/\/www.europesays.com\/de\/wp-json\/wp\/v2\/media\/1170646"}],"wp:attachment":[{"href":"https:\/\/www.europesays.com\/de\/wp-json\/wp\/v2\/media?parent=1170645"}],"wp:term":[{"taxonomy":"category","embeddable":true,"href":"https:\/\/www.europesays.com\/de\/wp-json\/wp\/v2\/categories?post=1170645"},{"taxonomy":"post_tag","embeddable":true,"href":"https:\/\/www.europesays.com\/de\/wp-json\/wp\/v2\/tags?post=1170645"}],"curies":[{"name":"wp","href":"https:\/\/api.w.org\/{rel}","templated":true}]}}