{"id":1170726,"date":"2026-07-16T10:39:17","date_gmt":"2026-07-16T10:39:17","guid":{"rendered":"https:\/\/www.europesays.com\/de\/1170726\/"},"modified":"2026-07-16T10:39:17","modified_gmt":"2026-07-16T10:39:17","slug":"grosseinsatz-mit-heli-wuppertaler-arbeiter-hoeren-hilfeschreie-von-einem-kind-aus-dem-wald","status":"publish","type":"post","link":"https:\/\/www.europesays.com\/de\/1170726\/","title":{"rendered":"Gro\u00dfeinsatz mit Heli: Wuppertaler Arbeiter h\u00f6ren Hilfeschreie von einem Kind aus dem Wald"},"content":{"rendered":"<p class=\"text_ohne_einzug richtext text-em-55 !leading-serif mx-6 desktop:mx-0\">Aktuell l\u00e4uft im Waldgebiet in Boltenheide, in der N\u00e4he des Wuppertaler Kl\u00e4rwerks Buchenhofen, ein Gro\u00dfeinsatz von Feuerwehr und Polizei. Laut Angaben eines Polizeisprechers haben zwei Mitarbeiter des Kl\u00e4rwerks Hilfeschreie eines Kindes aus dem Wald geh\u00f6rt. In der N\u00e4he befinden sich ein Kinderheim sowie eine Grundschule. Derzeit kl\u00e4rt die Polizei, ob irgendwo ein Kind vermisst wird.<\/p>\n<p class=\"richtext text-em-55 !leading-serif mx-6 desktop:mx-0\">Die Lage ist laut Polizei noch ziemlich unklar. Es wurde ein Heli zur Hilfe bei der Suche angefordert. Auch um 12 Uhr l\u00e4uft die Suche im Waldgebiet noch. <\/p>\n","protected":false},"excerpt":{"rendered":"Aktuell l\u00e4uft im Waldgebiet in Boltenheide, in der N\u00e4he des Wuppertaler Kl\u00e4rwerks Buchenhofen, ein Gro\u00dfeinsatz von Feuerwehr und&hellip;\n","protected":false},"author":2,"featured_media":1170727,"comment_status":"","ping_status":"","sticky":false,"template":"","format":"standard","meta":{"footnotes":"","_share_on_mastodon":"0"},"categories":[1840],"tags":[4652,5511,3364,29,588,30,3786,245255,2917,245254,1460,245253,15907,18419,1209,120,9034,4418,6226],"class_list":["post-1170726","post","type-post","status-publish","format-standard","has-post-thumbnail","category-wuppertal","tag-wald","tag-kinderheim","tag-de","tag-deutschland","tag-einsatz","tag-germany","tag-grosseinsatz","tag-heli","tag-hilfe","tag-hilfeschreie","tag-kind","tag-klaerwerks","tag-laeuft","tag-naehe","tag-nordrhein-westfalen","tag-vermisst","tag-waldgebiet","tag-wuppertal","tag-wuppertaler"],"share_on_mastodon":{"url":"https:\/\/pubeurope.com\/@de\/116929230584152664","error":""},"_links":{"self":[{"href":"https:\/\/www.europesays.com\/de\/wp-json\/wp\/v2\/posts\/1170726","targetHints":{"allow":["GET"]}}],"collection":[{"href":"https:\/\/www.europesays.com\/de\/wp-json\/wp\/v2\/posts"}],"about":[{"href":"https:\/\/www.europesays.com\/de\/wp-json\/wp\/v2\/types\/post"}],"author":[{"embeddable":true,"href":"https:\/\/www.europesays.com\/de\/wp-json\/wp\/v2\/users\/2"}],"replies":[{"embeddable":true,"href":"https:\/\/www.europesays.com\/de\/wp-json\/wp\/v2\/comments?post=1170726"}],"version-history":[{"count":0,"href":"https:\/\/www.europesays.com\/de\/wp-json\/wp\/v2\/posts\/1170726\/revisions"}],"wp:featuredmedia":[{"embeddable":true,"href":"https:\/\/www.europesays.com\/de\/wp-json\/wp\/v2\/media\/1170727"}],"wp:attachment":[{"href":"https:\/\/www.europesays.com\/de\/wp-json\/wp\/v2\/media?parent=1170726"}],"wp:term":[{"taxonomy":"category","embeddable":true,"href":"https:\/\/www.europesays.com\/de\/wp-json\/wp\/v2\/categories?post=1170726"},{"taxonomy":"post_tag","embeddable":true,"href":"https:\/\/www.europesays.com\/de\/wp-json\/wp\/v2\/tags?post=1170726"}],"curies":[{"name":"wp","href":"https:\/\/api.w.org\/{rel}","templated":true}]}}