{"id":117082,"date":"2025-05-17T06:37:08","date_gmt":"2025-05-17T06:37:08","guid":{"rendered":"https:\/\/www.europesays.com\/de\/117082\/"},"modified":"2025-05-17T06:37:08","modified_gmt":"2025-05-17T06:37:08","slug":"pol-ma-mannheim-mehrere-geparkte-fahrzeuge-beschaedigt-und-gefluechtet-zeugen-gesucht","status":"publish","type":"post","link":"https:\/\/www.europesays.com\/de\/117082\/","title":{"rendered":"POL-MA: Mannheim: Mehrere geparkte Fahrzeuge besch\u00e4digt und gefl\u00fcchtet &#8211; Zeugen gesucht"},"content":{"rendered":"<p class=\"date\">17.05.2025 \u2013 08:06<\/p>\n<p class=\"customer\">\n                        <a class=\"story-customer\" title=\"weiter zum newsroom von Polizeipr\u00e4sidium Mannheim\" href=\"https:\/\/www.presseportal.de\/blaulicht\/nr\/14915\" rel=\"nofollow noopener\" target=\"_blank\">Polizeipr\u00e4sidium Mannheim<\/a>\n                    <\/p>\n<p><a data-category=\"citylink-story-view\" data-action=\"click\" data-label=\"Citylink in Meldungsansicht\" class=\"story-city event-trigger\" href=\"https:\/\/www.presseportal.de\/regional\/Mannheim\" title=\"News aus Mannheim \" rel=\"nofollow noopener\" target=\"_blank\">Mannheim<\/a> (ots)<\/p>\n<p>In der Nacht von Freitag auf Samstag, gegen 23:15 Uhr, kam es in der Meerwiesenstra\u00dfe zu einer Unfallflucht mit erheblichem Sachschaden. Der Vorfall wurde durch mehrere aufmerksame Zeugen \u00fcber den Notruf der Polizei gemeldet.<br \/>\nLaut den ersten Ermittlungen besch\u00e4digte das fl\u00fcchtige Fahrzeug, ein blauer 7er BMW, vier geparkte Pkw. Nachdem die Polizei alarmiert wurde, konnte der BMW nach kurzer Zeit in der Haardtstra\u00dfe aufgefunden werden. Es wies deutliche, frische Unfallsch\u00e4den auf. Ein weiterer Zeuge konnte beobachten, wie zwei junge M\u00e4nner sich fluchtartig zu Fu\u00df von dem BMW entfernten. Eine sofort eingeleitete Fahndung verlief ergebnislos. Bei der Durchsuchung des BMWs konnten die Beamten Cannabis und Haschisch auffinden. Der entstandene Gesamtschaden bel\u00e4uft sich auf sch\u00e4tzungsweise 18.000 Euro. Das Unfallfahrzeug wurde von der Polizei sichergestellt und abgeschleppt.<\/p>\n<p>Zeugen, die den Unfall beobachtet haben und sachdienliche Angaben zum Unfallhergang oder zu den Insassen des BMWs machen k\u00f6nnen, werden gebeten, sich unter der Telefonnummer 0621\/833970 beim Polizeirevier Mannheim-Neckarau zu melden.<\/p>\n<p class=\"contact-headline\">R\u00fcckfragen bitte an:<\/p>\n<p class=\"contact-text\">Polizeipr\u00e4sidium Mannheim<br \/>F\u00fchrungs- und Lagezentrum<br \/>Niklas Jakob<br \/>Telefon: 0621 174-1111<br \/>E-Mail: <a href=\"https:\/\/www.presseportal.de\/blaulicht\/pm\/14915\/mailto: mannheim.pp@polizei.bwl.de\" class=\"uri-mailto\" rel=\"nofollow noopener\" target=\"_blank\"> mannheim.pp@polizei.bwl.de<\/a><br \/><a target=\"_blank\" class=\"uri-ext outbound\" rel=\"noopener nofollow\" href=\"http:\/\/www.polizei-bw.de\/\">http:\/\/www.polizei-bw.de\/<\/a><\/p>\n<p class=\"originator\">Original-Content von: Polizeipr\u00e4sidium Mannheim, \u00fcbermittelt durch news aktuell<\/p>\n","protected":false},"excerpt":{"rendered":"17.05.2025 \u2013 08:06 Polizeipr\u00e4sidium Mannheim Mannheim (ots) In der Nacht von Freitag auf Samstag, gegen 23:15 Uhr, kam&hellip;\n","protected":false},"author":2,"featured_media":108,"comment_status":"","ping_status":"","sticky":false,"template":"","format":"standard","meta":{"footnotes":""},"categories":[1845],"tags":[1634,6187,3364,29,548,663,3934,30,13,177,2096,14,15,121,178,180,179,181,12],"class_list":{"0":"post-117082","1":"post","2":"type-post","3":"status-publish","4":"format-standard","5":"has-post-thumbnail","7":"category-mannheim","8":"tag-baden-wuerttemberg","9":"tag-bw","10":"tag-de","11":"tag-deutschland","12":"tag-eu","13":"tag-europa","14":"tag-europe","15":"tag-germany","16":"tag-headlines","17":"tag-kriminalitt","18":"tag-mannheim","19":"tag-nachrichten","20":"tag-news","21":"tag-polizei","22":"tag-presse","23":"tag-pressemeldung","24":"tag-pressemitteilung","25":"tag-pressemitteilungen","26":"tag-schlagzeilen"},"share_on_mastodon":{"url":"https:\/\/pubeurope.com\/@de\/114521797135007987","error":""},"_links":{"self":[{"href":"https:\/\/www.europesays.com\/de\/wp-json\/wp\/v2\/posts\/117082","targetHints":{"allow":["GET"]}}],"collection":[{"href":"https:\/\/www.europesays.com\/de\/wp-json\/wp\/v2\/posts"}],"about":[{"href":"https:\/\/www.europesays.com\/de\/wp-json\/wp\/v2\/types\/post"}],"author":[{"embeddable":true,"href":"https:\/\/www.europesays.com\/de\/wp-json\/wp\/v2\/users\/2"}],"replies":[{"embeddable":true,"href":"https:\/\/www.europesays.com\/de\/wp-json\/wp\/v2\/comments?post=117082"}],"version-history":[{"count":0,"href":"https:\/\/www.europesays.com\/de\/wp-json\/wp\/v2\/posts\/117082\/revisions"}],"wp:featuredmedia":[{"embeddable":true,"href":"https:\/\/www.europesays.com\/de\/wp-json\/wp\/v2\/media\/108"}],"wp:attachment":[{"href":"https:\/\/www.europesays.com\/de\/wp-json\/wp\/v2\/media?parent=117082"}],"wp:term":[{"taxonomy":"category","embeddable":true,"href":"https:\/\/www.europesays.com\/de\/wp-json\/wp\/v2\/categories?post=117082"},{"taxonomy":"post_tag","embeddable":true,"href":"https:\/\/www.europesays.com\/de\/wp-json\/wp\/v2\/tags?post=117082"}],"curies":[{"name":"wp","href":"https:\/\/api.w.org\/{rel}","templated":true}]}}