{"id":1170856,"date":"2026-07-16T12:01:15","date_gmt":"2026-07-16T12:01:15","guid":{"rendered":"https:\/\/www.europesays.com\/de\/1170856\/"},"modified":"2026-07-16T12:01:15","modified_gmt":"2026-07-16T12:01:15","slug":"ein-sommerfrischer-plausch-der-bildhauer-karl-heinz-deutsch-jockgrim","status":"publish","type":"post","link":"https:\/\/www.europesays.com\/de\/1170856\/","title":{"rendered":"Ein sommerfrischer Plausch: Der Bildhauer Karl-Heinz Deutsch &#8211; Jockgrim"},"content":{"rendered":"<p class=\"rhp-dpa-teaser\"><b>Der  86-j\u00e4hriger Bildhauer erz\u00e4hlt bei einem sommerlichen Kaffeeplausch auf seiner heimischen Terrasse in Jockgrim von Pl\u00e4nen f\u00fcr eine gro\u00dfe Familienschau.<\/b><\/p>\n<p>Karl-Heinz Deutsch ist derzeit  nur einmal in der Woche in seinem Atelier in <a class=\"rtr-entity\" data-rtr-entity=\"Germersheim\" data-rtr-id=\"d7b602fbab4b8b937cfc27c1ac1879f6b4ca215d\" data-rtr-score=\"14.74304068522484\" data-rtr-etype=\"location\" data-rtr-index=\"4\" href=\"http:\/\/rheinpfalz.de\/lokal\/kreis-germersheim.html\" rel=\"nofollow noopener\" target=\"_blank\">Germersheim<\/a> anzutreffen. \u201eMeine Arbeitsr\u00e4ume heizen sich durch die gro\u00dfe Glasscheibe bis weit \u00fcber 30 Grad auf\u201c,  dort k\u00f6nne er im Moment nicht arbeiten. Vor rund 25 Jahren bezog er sein Bildhauer-Atelier in der Fronte Lamotte, einem Teil der Germersheimer Festung. <\/p>\n<p>Sein fr\u00fcheres Atelier neben seinem Wohnhaus in <a class=\"rtr-entity\" data-rtr-entity=\"Jockgrim\" data-rtr-id=\"a3991e8c9cd2ee8cd0c7ebc20e3512299d4d60d5\" data-rtr-score=\"93.26338329764454\" data-rtr-etype=\"location\" data-rtr-index=\"7\" href=\"https:\/\/www.rheinpfalz.de\/themen\/jockgrim\" rel=\"nofollow noopener\" target=\"_blank\">Jockgrim<\/a>, in dem er mit seinem Ehefrau Waltraud lebt, hat<\/p>\n<p class=\"rhp-teaser\"><b>Der  86-j\u00e4hriger Bildhauer erz\u00e4hlt bei einem sommerlichen Kaffeeplausch auf seiner heimischen Terrasse in Jockgrim von Pl\u00e4nen f\u00fcr eine gro\u00dfe Familienschau.<\/b><\/p>\n","protected":false},"excerpt":{"rendered":"Der 86-j\u00e4hriger Bildhauer erz\u00e4hlt bei einem sommerlichen Kaffeeplausch auf seiner heimischen Terrasse in Jockgrim von Pl\u00e4nen f\u00fcr eine&hellip;\n","protected":false},"author":2,"featured_media":1170857,"comment_status":"","ping_status":"","sticky":false,"template":"","format":"standard","meta":{"footnotes":"","_share_on_mastodon":"0"},"categories":[1844],"tags":[1634,296,3364,29,30,16534,27726,245278,8903,80,16535,4060,36042,4544],"class_list":["post-1170856","post","type-post","status-publish","format-standard","has-post-thumbnail","category-karlsruhe","tag-baden-wuerttemberg","tag-berlin","tag-de","tag-deutschland","tag-germany","tag-germersheim","tag-jockgrim","tag-karl-heinz-deutsch","tag-karlsruhe","tag-kultur","tag-landau","tag-lokal","tag-plausch","tag-wiesbaden"],"share_on_mastodon":{"url":"https:\/\/pubeurope.com\/@de\/116929553154683200","error":""},"_links":{"self":[{"href":"https:\/\/www.europesays.com\/de\/wp-json\/wp\/v2\/posts\/1170856","targetHints":{"allow":["GET"]}}],"collection":[{"href":"https:\/\/www.europesays.com\/de\/wp-json\/wp\/v2\/posts"}],"about":[{"href":"https:\/\/www.europesays.com\/de\/wp-json\/wp\/v2\/types\/post"}],"author":[{"embeddable":true,"href":"https:\/\/www.europesays.com\/de\/wp-json\/wp\/v2\/users\/2"}],"replies":[{"embeddable":true,"href":"https:\/\/www.europesays.com\/de\/wp-json\/wp\/v2\/comments?post=1170856"}],"version-history":[{"count":0,"href":"https:\/\/www.europesays.com\/de\/wp-json\/wp\/v2\/posts\/1170856\/revisions"}],"wp:featuredmedia":[{"embeddable":true,"href":"https:\/\/www.europesays.com\/de\/wp-json\/wp\/v2\/media\/1170857"}],"wp:attachment":[{"href":"https:\/\/www.europesays.com\/de\/wp-json\/wp\/v2\/media?parent=1170856"}],"wp:term":[{"taxonomy":"category","embeddable":true,"href":"https:\/\/www.europesays.com\/de\/wp-json\/wp\/v2\/categories?post=1170856"},{"taxonomy":"post_tag","embeddable":true,"href":"https:\/\/www.europesays.com\/de\/wp-json\/wp\/v2\/tags?post=1170856"}],"curies":[{"name":"wp","href":"https:\/\/api.w.org\/{rel}","templated":true}]}}