{"id":117087,"date":"2025-05-17T06:40:13","date_gmt":"2025-05-17T06:40:13","guid":{"rendered":"https:\/\/www.europesays.com\/de\/117087\/"},"modified":"2025-05-17T06:40:13","modified_gmt":"2025-05-17T06:40:13","slug":"und-leben-de-zdk-chefin-kontert-kloeckner-nicht-dritte-entscheiden-ueber-unsere-themen","status":"publish","type":"post","link":"https:\/\/www.europesays.com\/de\/117087\/","title":{"rendered":"und-Leben.de &#8211; ZdK-Chefin kontert Kl\u00f6ckner: \u201eNicht Dritte entscheiden \u00fcber unsere Themen\u201c"},"content":{"rendered":"<p>Die Laien-Vertreterin verwies auf Zahlen der <a href=\"https:\/\/www.kirche-und-leben.de\/artikel\/katholische-kirche-am-kipppunkt-halbierung-viel-schneller-als-erwartet\" target=\"_blank\" rel=\"nofollow noopener\">j\u00fcngsten Kirchenmitgliedschafts-Untersuchung<\/a>. Demnach engagieren sich 49 Prozent der katholischen Christen ehrenamtlich, auch au\u00dferhalb der Kirchen, und 46 Prozent der Protestanten. Bei Konfessionslosen seien es nur 32 Prozent. Deshalb verstehe sie, dass es Stimmen in der Gesellschaft gebe, die ein <a href=\"https:\/\/www.kirche-und-leben.de\/artikel\/studien-beirat-loffeld-womit-kirche-jetzt-noch-punkten-kann\" target=\"_blank\" rel=\"nofollow noopener\">Nachlassen kirchlichen Engagements<\/a> f\u00fcrchten.<\/p>\n<p>Stetter-Karp nannte es ein \u201estarkes Zeichen\u201c, dass Laien im Bistum M\u00fcnster seit 60 Jahren im Di\u00f6zesankomitee Mitverantwortung \u00fcbern\u00e4hmen. Das Engagement habe seine Grundlage in Gemeinden und Verb\u00e4nden: \u201eDas Di\u00f6zesankomitee bringt die Stimmen von vor Ort ein.\u201c Um eine solche Struktur werden die deutschen Katholiken der ZdK-Pr\u00e4sidentin zufolge \u201einternational beneidet\u201c.<\/p>\n<p class=\"zwiti\">Stetter-Karp: Selbstbesch\u00e4ftigung kein Selbstzweck<\/p>\n<p>Sie verteidigte den Reformkurs der katholischen Kirche in Deutschland, etwa im <a href=\"https:\/\/www.kirche-und-leben.de\/artikel\/vierte-sitzung-synodaler-ausschuss-gremium-laien-kleriker-bischoefe-zukunft-kirche-synodalitaet\" target=\"_blank\" rel=\"nofollow noopener\">bundesweiten Synodalen Ausschuss von Bisch\u00f6fen und Laien<\/a>: \u201eWir gehen mutig den anstrengenden Weg der Ver\u00e4nderung.\u201c<\/p>\n<p>Zugleich sei diese \u201einnerkirchliche Selbstbesch\u00e4ftigung\u201c kein Selbstzweck. Die Kirche m\u00fcsse \u201eschnell zu tragf\u00e4higen Konzepten kommen\u201c, um sich auch gesellschaftlich wieder einbringen zu k\u00f6nnen.<\/p>\n<p class=\"zwiti\">Regierungspr\u00e4sident Bothe dankt f\u00fcr Ehrenamt<\/p>\n<p>Zweiter Festredner beim Jubil\u00e4ums-Empfang des Di\u00f6zesankomitees war M\u00fcnsters Regierungspr\u00e4sident Andreas Bothe. Er dankte den Ehrenamtlichen in Gesellschaft und Kirche: \u201eWir brauchen Menschen, denen es eine Ehre ist, sich f\u00fcr die Gesellschaft zu engagieren.\u201c Leider gebe es zunehmend mehr Menschen, die \u201esehr genau um ihre Rechte wissen, aber keinerlei Verpflichtung gegen\u00fcber dem Gemeinwesen erkennen\u201c.<\/p>\n<p>Bothe zufolge profitieren vom Ehrenamt nicht nur die Empfangenden von Leistungen, sondern die Engagierten selbst. Sie kn\u00fcpften Kontakte, erw\u00fcrben Kompetenzen und erlebten, etwas Sinnstiftendes auch f\u00fcr andere zu tun. Ehrenamt werde dort attraktiv, wo Menschen auch Verantwortung \u00fcbertragen werde, so Bothe.<\/p>\n<p class=\"zwiti\">Administrator Hamers: Ohne Sie kein kirchliches Leben<\/p>\n","protected":false},"excerpt":{"rendered":"Die Laien-Vertreterin verwies auf Zahlen der j\u00fcngsten Kirchenmitgliedschafts-Untersuchung. Demnach engagieren sich 49 Prozent der katholischen Christen ehrenamtlich, auch&hellip;\n","protected":false},"author":2,"featured_media":117088,"comment_status":"","ping_status":"","sticky":false,"template":"","format":"standard","meta":{"footnotes":""},"categories":[1843],"tags":[3364,29,30,16393,8970,1209],"class_list":{"0":"post-117087","1":"post","2":"type-post","3":"status-publish","4":"format-standard","5":"has-post-thumbnail","7":"category-muenster","8":"tag-de","9":"tag-deutschland","10":"tag-germany","11":"tag-kirche-und-leben-netz","12":"tag-muenster","13":"tag-nordrhein-westfalen"},"share_on_mastodon":{"url":"https:\/\/pubeurope.com\/@de\/114521808816993177","error":""},"_links":{"self":[{"href":"https:\/\/www.europesays.com\/de\/wp-json\/wp\/v2\/posts\/117087","targetHints":{"allow":["GET"]}}],"collection":[{"href":"https:\/\/www.europesays.com\/de\/wp-json\/wp\/v2\/posts"}],"about":[{"href":"https:\/\/www.europesays.com\/de\/wp-json\/wp\/v2\/types\/post"}],"author":[{"embeddable":true,"href":"https:\/\/www.europesays.com\/de\/wp-json\/wp\/v2\/users\/2"}],"replies":[{"embeddable":true,"href":"https:\/\/www.europesays.com\/de\/wp-json\/wp\/v2\/comments?post=117087"}],"version-history":[{"count":0,"href":"https:\/\/www.europesays.com\/de\/wp-json\/wp\/v2\/posts\/117087\/revisions"}],"wp:featuredmedia":[{"embeddable":true,"href":"https:\/\/www.europesays.com\/de\/wp-json\/wp\/v2\/media\/117088"}],"wp:attachment":[{"href":"https:\/\/www.europesays.com\/de\/wp-json\/wp\/v2\/media?parent=117087"}],"wp:term":[{"taxonomy":"category","embeddable":true,"href":"https:\/\/www.europesays.com\/de\/wp-json\/wp\/v2\/categories?post=117087"},{"taxonomy":"post_tag","embeddable":true,"href":"https:\/\/www.europesays.com\/de\/wp-json\/wp\/v2\/tags?post=117087"}],"curies":[{"name":"wp","href":"https:\/\/api.w.org\/{rel}","templated":true}]}}