{"id":1170883,"date":"2026-07-16T12:15:23","date_gmt":"2026-07-16T12:15:23","guid":{"rendered":"https:\/\/www.europesays.com\/de\/1170883\/"},"modified":"2026-07-16T12:15:23","modified_gmt":"2026-07-16T12:15:23","slug":"frankreich-steigt-ezb-chefin-lagarde-in-den-praesidentschaftswahlkampf-ein-politik","status":"publish","type":"post","link":"https:\/\/www.europesays.com\/de\/1170883\/","title":{"rendered":"Frankreich: Steigt EZB-Chefin Lagarde in den Pr\u00e4sidentschaftswahlkampf ein? &#8211; Politik"},"content":{"rendered":"<p data-manual=\"paragraph\" data-schema-org-speakable=\"true\" class=\"css-9njfp7\">Der Pr\u00e4sidentschaftswahlkampf in <a href=\"https:\/\/www.sueddeutsche.de\/thema\/Frankreich\" rel=\"nofollow noopener\" target=\"_blank\">Frankreich<\/a> besch\u00e4ftigt auch die <a href=\"https:\/\/www.sueddeutsche.de\/thema\/EZB\" rel=\"nofollow noopener\" target=\"_blank\">EZB<\/a> in Frankfurt, denn deren Pr\u00e4sidentin <a href=\"https:\/\/www.sueddeutsche.de\/thema\/Christine_Lagarde\" rel=\"nofollow noopener\" target=\"_blank\">Christine Lagarde<\/a> mischt eifrig mit. Die Franz\u00f6sin betont bei jeder Gelegenheit, wie wichtig es sei, dass das n\u00e4chste Staatsoberhaupt europ\u00e4isch denke, und dass sie mit jedem Kandidaten, jeder Kandidatin Gespr\u00e4che f\u00fchren wolle. Oder m\u00f6chte sie gar selbst antreten? <a href=\"https:\/\/www.lesechos.fr\/finance-marches\/marches-financiers\/christine-lagarde-veut-porter-une-voix-francaise-et-europeenne-en-2027-2240515\" target=\"_blank\" rel=\"nofollow noopener\">In einem Interview mit der Zeitung <\/a><a href=\"https:\/\/www.lesechos.fr\/finance-marches\/marches-financiers\/christine-lagarde-veut-porter-une-voix-francaise-et-europeenne-en-2027-2240515\" target=\"_blank\" rel=\"nofollow noopener\">Les Echos<\/a>\u00a0Anfang Juli antwortete sie auf die Frage, ob sie eine pers\u00f6nliche Beteiligung am Wahlkampf in Erw\u00e4gung ziehe, um einen Kandidaten zu unterst\u00fctzen oder sogar selbst zu kandidieren: \u201eIch werde mir selbst einige Fragen stellen.\u201c Wenige Tage sp\u00e4ter ruderte sie zur\u00fcck und erkl\u00e4rte dem Sender Euronews, sie sei \u201ekeine Kandidatin f\u00fcr irgendetwas\u201c.<\/p>\n","protected":false},"excerpt":{"rendered":"Der Pr\u00e4sidentschaftswahlkampf in Frankreich besch\u00e4ftigt auch die EZB in Frankfurt, denn deren Pr\u00e4sidentin Christine Lagarde mischt eifrig mit.&hellip;\n","protected":false},"author":2,"featured_media":1170884,"comment_status":"","ping_status":"","sticky":false,"template":"","format":"standard","meta":{"footnotes":"","_share_on_mastodon":"0"},"categories":[3974],"tags":[331,332,147,5621,3353,1356,548,663,158,3934,875,3980,156,13,148,14,15,16,1323,12,149,222671],"class_list":["post-1170883","post","type-post","status-publish","format-standard","has-post-thumbnail","category-frankreich","tag-aktuelle-nachrichten","tag-aktuelle-news","tag-ausland","tag-banken-und-finanzindustrie","tag-christine-lagarde","tag-emmanuel-macron","tag-eu","tag-europa","tag-europaeische-union","tag-europe","tag-ezb","tag-france","tag-frankreich","tag-headlines","tag-leserdiskussion","tag-nachrichten","tag-news","tag-politik","tag-rassemblement-national","tag-schlagzeilen","tag-sueddeutsche-zeitung","tag-wahl-in-frankreich"],"share_on_mastodon":{"url":"https:\/\/pubeurope.com\/@de\/116929608206768967","error":""},"_links":{"self":[{"href":"https:\/\/www.europesays.com\/de\/wp-json\/wp\/v2\/posts\/1170883","targetHints":{"allow":["GET"]}}],"collection":[{"href":"https:\/\/www.europesays.com\/de\/wp-json\/wp\/v2\/posts"}],"about":[{"href":"https:\/\/www.europesays.com\/de\/wp-json\/wp\/v2\/types\/post"}],"author":[{"embeddable":true,"href":"https:\/\/www.europesays.com\/de\/wp-json\/wp\/v2\/users\/2"}],"replies":[{"embeddable":true,"href":"https:\/\/www.europesays.com\/de\/wp-json\/wp\/v2\/comments?post=1170883"}],"version-history":[{"count":0,"href":"https:\/\/www.europesays.com\/de\/wp-json\/wp\/v2\/posts\/1170883\/revisions"}],"wp:featuredmedia":[{"embeddable":true,"href":"https:\/\/www.europesays.com\/de\/wp-json\/wp\/v2\/media\/1170884"}],"wp:attachment":[{"href":"https:\/\/www.europesays.com\/de\/wp-json\/wp\/v2\/media?parent=1170883"}],"wp:term":[{"taxonomy":"category","embeddable":true,"href":"https:\/\/www.europesays.com\/de\/wp-json\/wp\/v2\/categories?post=1170883"},{"taxonomy":"post_tag","embeddable":true,"href":"https:\/\/www.europesays.com\/de\/wp-json\/wp\/v2\/tags?post=1170883"}],"curies":[{"name":"wp","href":"https:\/\/api.w.org\/{rel}","templated":true}]}}