{"id":1170951,"date":"2026-07-16T12:53:20","date_gmt":"2026-07-16T12:53:20","guid":{"rendered":"https:\/\/www.europesays.com\/de\/1170951\/"},"modified":"2026-07-16T12:53:20","modified_gmt":"2026-07-16T12:53:20","slug":"gehrenseestrasse-neues-logistikprojekt-auf-altem-industrieareal","status":"publish","type":"post","link":"https:\/\/www.europesays.com\/de\/1170951\/","title":{"rendered":"Gehrenseestra\u00dfe: Neues Logistikprojekt auf altem Industrieareal"},"content":{"rendered":"<p><strong>Auf einem ehemaligen Industrieareal in Berlin-Lichtenberg entsteht ein neuer Logistikstandort. Der polnische Projektentwickler 7R entwickelt an der Bennostra\u00dfe und Gehrenseestra\u00dfe sein erstes Projekt in Deutschland und baut bestehende Gewerbefl\u00e4chen aus.<\/strong><\/p>\n<p>\u00a9 Titelbild: 7R<\/p>\n<p>\u00a0<\/p>\n<p class=\"isSelectedEnd\">In Berlin-<a href=\"https:\/\/www.entwicklungsstadt.de\/bezirke\/lichtenberg\/\" target=\"_blank\" rel=\"noopener nofollow\">Lichtenberg<\/a> wird eine ehemalige Industriefl\u00e4che neu entwickelt. An der Bennostra\u00dfe und Gehrenseestra\u00dfe plant der polnische Projektentwickler 7R den Ausbau eines bestehenden Gewerbestandorts zu einem modernen Logistikzentrum. Das Projekt mit dem Namen \u201e7R City Park Berlin East\u201c ist der erste Standort des Unternehmens in Deutschland.<\/p>\n<p class=\"isSelectedEnd\">Das rund 93.000 Quadratmeter gro\u00dfe Grundst\u00fcck wurde von der KARL Gruppe \u00fcbernommen. Auf dem Areal befindet sich bislang ein ehemaliger Standort eines Betonwerks mit bestehenden Hallenfl\u00e4chen. Diese sollen modernisiert und durch zus\u00e4tzliche Geb\u00e4ude erg\u00e4nzt werden.<\/p>\n<ul>\n<li data-section-id=\"2orwmk\" data-start=\"208\" data-end=\"275\"><strong data-start=\"210\" data-end=\"223\">Standort:<\/strong> Bennostra\u00dfe \/ Gehrenseestra\u00dfe, Hohensch\u00f6nhausen<\/li>\n<li data-section-id=\"iyqjp5\" data-start=\"502\" data-end=\"615\"><strong data-start=\"504\" data-end=\"520\">Entwicklung:<\/strong> Umnutzung und Erweiterung eines ehemaligen Betonwerks im Rahmen einer Brownfield-Entwicklung<\/li>\n<li><strong data-start=\"278\" data-end=\"290\">K\u00fcnftige Nutzung:<\/strong> Moderne Logistik- und Gewerbefl\u00e4chen<\/li>\n<li data-section-id=\"nkm6sh\" data-start=\"616\" data-end=\"686\"><strong data-start=\"618\" data-end=\"630\">Gesamtfertigstellung:<\/strong> ca. 2027 bis 2028<\/li>\n<\/ul>\n<p>Gewerbeareal Alt-Hohensch\u00f6nhausen: Bestehende Hallen werden erweitert<\/p>\n<p class=\"isSelectedEnd\">Geplant ist eine sogenannte Brownfield-Entwicklung, also die Weiterentwicklung einer bereits genutzten Gewerbefl\u00e4che. Statt eine neue Fl\u00e4che au\u00dferhalb der Stadt zu erschlie\u00dfen, wird der vorhandene Standort umgebaut und erweitert.<\/p>\n<p class=\"isSelectedEnd\">Nach Abschluss der Arbeiten soll der Standort rund 43.000 Quadratmeter Logistikfl\u00e4che umfassen. Die bestehenden Geb\u00e4ude werden in das Konzept integriert und an die Anforderungen moderner Logistiknutzungen angepasst. K\u00fcnftig sollen die Fl\u00e4chen Unternehmen aus den Bereichen Logistik, Handel und Distribution zur Verf\u00fcgung stehen; Teile des bestehenden Geb\u00e4udekomplexes sind bereits vermietet.<\/p>\n<p>1.000 Wohnungen an der Gehrenseestra\u00dfe geplant<\/p>\n<p class=\"isSelectedEnd\">Die Entwicklung des ehemaligen Betonwerks steht im Zusammenhang mit einem gr\u00f6\u00dferen Wandel entlang der Gehrenseestra\u00dfe. Nur wenige Meter entfernt befindet sich die <a href=\"https:\/\/www.entwicklungsstadt.de\/vom-ddr-plattenbau-zum-stadtquartier-so-soll-sich-die-gehrenseestrasse-veraendern\/\" target=\"_blank\" rel=\"noopener nofollow\">fr\u00fchere DDR-Vertragsarbeitersiedlung, deren Geb\u00e4ude nach jahrelangem Leerstand abgerissen werden sollen<\/a>. Auf dem Areal ist ein neues Stadtquartier mit Wohnungen, einer Schule und weiteren Nutzungen geplant.<\/p>\n<p><a href=\"https:\/\/www.europesays.com\/de\/wp-content\/uploads\/2026\/07\/1784206400_122_Hohenschoenhausen-Gehrenseestrasse-\u00a9-MLA-Architekten.jpg\"><img loading=\"lazy\" decoding=\"async\" aria-describedby=\"caption-attachment-102388\" class=\"lazyload wp-image-102388 size-full\" src=\"data:image\/svg+xml,%3Csvg%20xmlns%3D%27http%3A%2F%2Fwww.w3.org%2F2000%2Fsvg%27%20width%3D%271280%27%20height%3D%27720%27%20viewBox%3D%270%200%201280%20720%27%3E%3Crect%20width%3D%271280%27%20height%3D%27720%27%20fill-opacity%3D%220%22%2F%3E%3C%2Fsvg%3E\" data-orig-src=\"https:\/\/www.europesays.com\/de\/wp-content\/uploads\/2026\/07\/1784206400_122_Hohenschoenhausen-Gehrenseestrasse-\u00a9-MLA-Architekten.jpg\" alt=\"Eine Architekturvisualisierung zeigt das geplante Wohnquartier am Lost Place an der Gehrenseestra\u00dfe in Hohensch\u00f6nhausen mit mehreren Hochh\u00e4usern, begr\u00fcnten Freifl\u00e4chen und neuen Wohnungen.\" width=\"1280\" height=\"720\"\/><\/a><\/p>\n<p id=\"caption-attachment-102388\" class=\"wp-caption-text\">Die Visualisierung zeigt das geplante Quartier an der Gehrenseestra\u00dfe in Hohensch\u00f6nhausen mit hohen Wohngeb\u00e4uden, Gewerbefl\u00e4chen, B\u00e4umen und einem \u00f6ffentlichen Stadtplatz. \/ \u00a9 Visualisierung: MLA+ Architekten<\/p>\n<p class=\"isSelectedEnd\">Damit ver\u00e4ndert sich ein Bereich, der lange von aufgegebenen Industriefl\u00e4chen, Brachfl\u00e4chen und leerstehenden Geb\u00e4uden gepr\u00e4gt war. Neben dem geplanten Wohnquartier entsteht mit dem Logistikstandort ein neuer gewerblicher Baustein. Wie sich die unterschiedlichen Projekte in den gewachsenen Stadtteil einf\u00fcgen und welche neue Struktur rund um die Gehrenseestra\u00dfe entsteht, wird sich in den kommenden Jahren zeigen.<\/p>\n<p>\u00a0<\/p>\n<p>Quellen: 7R, Logistik Heute, HOWOGE, BE Group, taz, Berliner Morgenpost<\/p>\n","protected":false},"excerpt":{"rendered":"Auf einem ehemaligen Industrieareal in Berlin-Lichtenberg entsteht ein neuer Logistikstandort. Der polnische Projektentwickler 7R entwickelt an der Bennostra\u00dfe&hellip;\n","protected":false},"author":2,"featured_media":1170952,"comment_status":"","ping_status":"","sticky":false,"template":"","format":"standard","meta":{"footnotes":"","_share_on_mastodon":"0"},"categories":[1825],"tags":[296,165257,29,30,2580,2594],"class_list":["post-1170951","post","type-post","status-publish","format-standard","has-post-thumbnail","category-berlin","tag-berlin","tag-berlin-lichtenberg-bauprojekte-gewerbe","tag-deutschland","tag-germany","tag-gewerbe-berlin","tag-neubau-gewerbe-berlin"],"share_on_mastodon":{"url":"","error":""},"_links":{"self":[{"href":"https:\/\/www.europesays.com\/de\/wp-json\/wp\/v2\/posts\/1170951","targetHints":{"allow":["GET"]}}],"collection":[{"href":"https:\/\/www.europesays.com\/de\/wp-json\/wp\/v2\/posts"}],"about":[{"href":"https:\/\/www.europesays.com\/de\/wp-json\/wp\/v2\/types\/post"}],"author":[{"embeddable":true,"href":"https:\/\/www.europesays.com\/de\/wp-json\/wp\/v2\/users\/2"}],"replies":[{"embeddable":true,"href":"https:\/\/www.europesays.com\/de\/wp-json\/wp\/v2\/comments?post=1170951"}],"version-history":[{"count":0,"href":"https:\/\/www.europesays.com\/de\/wp-json\/wp\/v2\/posts\/1170951\/revisions"}],"wp:featuredmedia":[{"embeddable":true,"href":"https:\/\/www.europesays.com\/de\/wp-json\/wp\/v2\/media\/1170952"}],"wp:attachment":[{"href":"https:\/\/www.europesays.com\/de\/wp-json\/wp\/v2\/media?parent=1170951"}],"wp:term":[{"taxonomy":"category","embeddable":true,"href":"https:\/\/www.europesays.com\/de\/wp-json\/wp\/v2\/categories?post=1170951"},{"taxonomy":"post_tag","embeddable":true,"href":"https:\/\/www.europesays.com\/de\/wp-json\/wp\/v2\/tags?post=1170951"}],"curies":[{"name":"wp","href":"https:\/\/api.w.org\/{rel}","templated":true}]}}