{"id":117099,"date":"2025-05-17T06:46:16","date_gmt":"2025-05-17T06:46:16","guid":{"rendered":"https:\/\/www.europesays.com\/de\/117099\/"},"modified":"2025-05-17T06:46:16","modified_gmt":"2025-05-17T06:46:16","slug":"ehrung-fuer-ehrenamtliche-aus-bochum","status":"publish","type":"post","link":"https:\/\/www.europesays.com\/de\/117099\/","title":{"rendered":"Ehrung f\u00fcr Ehrenamtliche aus Bochum"},"content":{"rendered":"<p class=\"small date article__date\">Ver\u00f6ffentlicht:\u00a0Samstag, 17.05.2025 06:37<\/p>\n<p>16 Bochumer Ehrenamtliche wurden am Freitagabend (16.5.) im Rathaus geehrt. Oberb\u00fcrgermeister Thomas Eiskirch lobte ihr Engagement und betonte die Bedeutung f\u00fcr die Gesellschaft.<\/p>\n<p><img decoding=\"async\" alt=\"\" src=\"https:\/\/www.europesays.com\/de\/wp-content\/uploads\/2025\/05\/foto.jpg&#038;crop=0x675x5712x3570&#038;resize=1280x800&#038;dt=202505161835180.jpeg\" data-size=\"1280x800\"\/>\u00a9 Radio Bochum, Juri NiephausEngagement aus vielen Bereichen<\/p>\n<p>Am Freitagabend (16.5.) wurden 16 B\u00fcrgerinnen und B\u00fcrger aus Bochum im Rathaus f\u00fcr ihr Ehrenamt geehrt. Sieben von ihnen wurden von B\u00fcrgerinnen und B\u00fcrgern vorgeschlagen. Die Bezirksb\u00fcrgermeisterinnen und Bezirksb\u00fcrgermeister ernannten jeweils eine Person pro Bezirk. Auch die Bochumer Ehrenamtsagentur &#8222;bea&#8220; schlug drei junge Engagierte vor. <\/p>\n<p>Jede und jeder Zweite in Bochum engagiert sich ehrenamtlich <\/p>\n<p>Oberb\u00fcrgermeister Thomas Eiskirch lobte die Ehrenamtlichen und betonte, dass ohne sie vieles in unserer Gesellschaft nicht m\u00f6glich w\u00e4re. Er \u00e4u\u00dferte seine Sorgen um die Gesellschaft in Bochum und ganz Deutschland, da viele Menschen oft nur auf sich selbst und nicht aufs Gemeinsame schauen w\u00fcrden. Auch die Demokratie st\u00fcnde m\u00e4chtig unter Druck, so Eiskirch. Deshalb seien die Ehrenamtlerinnen und Ehrenamtler gerade jetzt gefragt. Mut machten ihm aber Zahlen der Bochumer Ehrenamtsagentur: 180.000 Bochumerinnen und Bochumer engagieren sich ehrenamtlich, was fast jede und jeder Zweite in Bochum ist.<\/p>\n","protected":false},"excerpt":{"rendered":"Ver\u00f6ffentlicht:\u00a0Samstag, 17.05.2025 06:37 16 Bochumer Ehrenamtliche wurden am Freitagabend (16.5.) im Rathaus geehrt. Oberb\u00fcrgermeister Thomas Eiskirch lobte ihr&hellip;\n","protected":false},"author":2,"featured_media":117100,"comment_status":"","ping_status":"","sticky":false,"template":"","format":"standard","meta":{"footnotes":""},"categories":[1839],"tags":[7507,3364,29,5393,11045,14967,30,1209],"class_list":{"0":"post-117099","1":"post","2":"type-post","3":"status-publish","4":"format-standard","5":"has-post-thumbnail","7":"category-bochum","8":"tag-bochum","9":"tag-de","10":"tag-deutschland","11":"tag-ehrenamt","12":"tag-ehrung","13":"tag-engagement","14":"tag-germany","15":"tag-nordrhein-westfalen"},"share_on_mastodon":{"url":"https:\/\/pubeurope.com\/@de\/114521832456541329","error":""},"_links":{"self":[{"href":"https:\/\/www.europesays.com\/de\/wp-json\/wp\/v2\/posts\/117099","targetHints":{"allow":["GET"]}}],"collection":[{"href":"https:\/\/www.europesays.com\/de\/wp-json\/wp\/v2\/posts"}],"about":[{"href":"https:\/\/www.europesays.com\/de\/wp-json\/wp\/v2\/types\/post"}],"author":[{"embeddable":true,"href":"https:\/\/www.europesays.com\/de\/wp-json\/wp\/v2\/users\/2"}],"replies":[{"embeddable":true,"href":"https:\/\/www.europesays.com\/de\/wp-json\/wp\/v2\/comments?post=117099"}],"version-history":[{"count":0,"href":"https:\/\/www.europesays.com\/de\/wp-json\/wp\/v2\/posts\/117099\/revisions"}],"wp:featuredmedia":[{"embeddable":true,"href":"https:\/\/www.europesays.com\/de\/wp-json\/wp\/v2\/media\/117100"}],"wp:attachment":[{"href":"https:\/\/www.europesays.com\/de\/wp-json\/wp\/v2\/media?parent=117099"}],"wp:term":[{"taxonomy":"category","embeddable":true,"href":"https:\/\/www.europesays.com\/de\/wp-json\/wp\/v2\/categories?post=117099"},{"taxonomy":"post_tag","embeddable":true,"href":"https:\/\/www.europesays.com\/de\/wp-json\/wp\/v2\/tags?post=117099"}],"curies":[{"name":"wp","href":"https:\/\/api.w.org\/{rel}","templated":true}]}}