{"id":1171058,"date":"2026-07-16T13:55:19","date_gmt":"2026-07-16T13:55:19","guid":{"rendered":"https:\/\/www.europesays.com\/de\/1171058\/"},"modified":"2026-07-16T13:55:19","modified_gmt":"2026-07-16T13:55:19","slug":"nach-wohnungseinbruch-in-bremen-wer-kennt-den-mann-mit-pinkfarbenen-schnuersenkeln","status":"publish","type":"post","link":"https:\/\/www.europesays.com\/de\/1171058\/","title":{"rendered":"Nach Wohnungseinbruch in Bremen: Wer kennt den Mann mit pinkfarbenen Schn\u00fcrsenkeln?"},"content":{"rendered":"<p>Nach einem Tageswohnungseinbruch in Bremen sucht die Polizei mit Fotos nach einem bislang unbekannten Mann. Wer ihn erkennt oder Hinweise zu Identit\u00e4t und Aufenthaltsort geben kann, soll sich melden. <\/p>\n<p>Nach einem Tageswohnungseinbruch im Juni in der Bremer Neustadt fahndet die Polizei Bremen mit Fotos nach einem bislang unbekannten Mann. Die Ermittler bitten die Bev\u00f6lkerung um Hinweise zu seiner Identit\u00e4t. <\/p>\n<p>            &#13;<br \/>\n              Einbruch in der Neustadtscontrescarpe <\/p>\n<p>Der Mann soll sich gemeinsam mit einer bereits ermittelten Komplizin Zutritt zu einer Wohnung in der Neustadtscontrescarpe verschafft haben. In der Wohnung wurden die R\u00e4ume durchsucht. Gestohlen wurden unter anderem ein Rucksack, Bargeld, Uhren sowie Goldschmuck. <\/p>\n<p><img decoding=\"async\"   src=\"https:\/\/www.europesays.com\/de\/wp-content\/uploads\/2026\/07\/die-polizei-bremen-sucht-nach-diesem-mann-der-nach-dem-815718.jpg\" title=\"Nach Wohnungseinbruch in Bremen: Wer kennt den Mann mit pinkfarbenen Schn\u00fcrsenkeln? - Foto: Polizei\" alt=\"Die Polizei Bremen sucht nach diesem Mann, der nach dem Einbruch aus dem Wohnzimmerfenster sprang und fl\u00fcchtete, und bittet um Hinweise. - Foto: Polizei\" class=\"img-responsive\"\/><\/p>\n<p>Die Polizei Bremen sucht nach diesem Mann, der nach dem Einbruch aus dem Wohnzimmerfenster sprang und fl\u00fcchtete, und bittet um Hinweise. <\/p>\n<p class=\"image-credit\">Foto: Polizei<\/p>\n<p> \u00dcberwachungskamera zeigt fremden Mann <\/p>\n<p>Der Wohnungsinhaber war zur Tatzeit im Urlaub und bemerkte \u00fcber eine \u00dcberwachungskamera einen fremden Mann in seinem Wohnzimmer. Er verst\u00e4ndigte einen Nachbarn, der vor der Wohnung die bereits identifizierte Komplizin antraf. Zudem nahm er eine weitere Person in der Wohnung wahr, die \u00fcber das Wohnzimmerfenster aus dem Haus sprang und anschlie\u00dfend fl\u00fcchtete. <\/p>\n<p>Auff\u00e4llige Sneaker und schwarze Kappe <\/p>\n<p>Der Gesuchte trug laut Polizei auff\u00e4llige Sneaker mit pinkfarbenen Schn\u00fcrsenkeln sowie eine schwarze Baseballkappe mit einem Totenkopf-Symbol. Wer den abgebildeten Mann kennt oder Hinweise zu seiner Identit\u00e4t oder seinem Aufenthaltsort geben kann, soll sich melden. <\/p>\n<p>Hinweise nimmt der Kriminaldauerdienst jederzeit unter der Telefonnummer <a href=\"https:\/\/www.nord24.de\/blaulicht\/tel:+494213623888\" title=\"\" rel=\"nofollow noopener\" target=\"_blank\">0421 362-3888<\/a> entgegen. (pm\/axt)<a href=\"https:\/\/www.presseportal.de\/blaulicht\/pm\/35235\/6316034\" title=\"\" rel=\"nofollow noopener\" target=\"_blank\"> <\/p>\n","protected":false},"excerpt":{"rendered":"Nach einem Tageswohnungseinbruch in Bremen sucht die Polizei mit Fotos nach einem bislang unbekannten Mann. Wer ihn erkennt&hellip;\n","protected":false},"author":2,"featured_media":1171059,"comment_status":"","ping_status":"","sticky":false,"template":"","format":"standard","meta":{"footnotes":"","_share_on_mastodon":"0"},"categories":[1824],"tags":[245308,2420,3364,29,5592,1721,30,2400,88639,28476,121,71628,23643,82892,5337],"class_list":["post-1171058","post","type-post","status-publish","format-standard","has-post-thumbnail","category-bremen","tag-berwachungskameras","tag-bremen","tag-de","tag-deutschland","tag-einbrecher","tag-finanzen","tag-germany","tag-goldschmuck","tag-identitt","tag-mnner","tag-polizei","tag-polizei-bremen","tag-recht-und-justiz","tag-strafverfolgung","tag-wohnungen"],"share_on_mastodon":{"url":"https:\/\/pubeurope.com\/@de\/116930001415757667","error":""},"_links":{"self":[{"href":"https:\/\/www.europesays.com\/de\/wp-json\/wp\/v2\/posts\/1171058","targetHints":{"allow":["GET"]}}],"collection":[{"href":"https:\/\/www.europesays.com\/de\/wp-json\/wp\/v2\/posts"}],"about":[{"href":"https:\/\/www.europesays.com\/de\/wp-json\/wp\/v2\/types\/post"}],"author":[{"embeddable":true,"href":"https:\/\/www.europesays.com\/de\/wp-json\/wp\/v2\/users\/2"}],"replies":[{"embeddable":true,"href":"https:\/\/www.europesays.com\/de\/wp-json\/wp\/v2\/comments?post=1171058"}],"version-history":[{"count":0,"href":"https:\/\/www.europesays.com\/de\/wp-json\/wp\/v2\/posts\/1171058\/revisions"}],"wp:featuredmedia":[{"embeddable":true,"href":"https:\/\/www.europesays.com\/de\/wp-json\/wp\/v2\/media\/1171059"}],"wp:attachment":[{"href":"https:\/\/www.europesays.com\/de\/wp-json\/wp\/v2\/media?parent=1171058"}],"wp:term":[{"taxonomy":"category","embeddable":true,"href":"https:\/\/www.europesays.com\/de\/wp-json\/wp\/v2\/categories?post=1171058"},{"taxonomy":"post_tag","embeddable":true,"href":"https:\/\/www.europesays.com\/de\/wp-json\/wp\/v2\/tags?post=1171058"}],"curies":[{"name":"wp","href":"https:\/\/api.w.org\/{rel}","templated":true}]}}