{"id":1171088,"date":"2026-07-16T14:12:16","date_gmt":"2026-07-16T14:12:16","guid":{"rendered":"https:\/\/www.europesays.com\/de\/1171088\/"},"modified":"2026-07-16T14:12:16","modified_gmt":"2026-07-16T14:12:16","slug":"so-teuer-sollen-kita-kindergarten-und-hort-in-muenchen-werden","status":"publish","type":"post","link":"https:\/\/www.europesays.com\/de\/1171088\/","title":{"rendered":"So teuer sollen Kita, Kindergarten und Hort in M\u00fcnchen werden"},"content":{"rendered":"<p>Einnahmen von gut 34 Millionen Euro erwartet<\/p>\n<p>Laut Angaben der Stadt sind die Ausgaben f\u00fcr den Bereich Kita zuletzt stark gestiegen &#8211; von rund 12 Millionen Euro im Jahr 2023 auf 32,6 Mio. Euro im Jahr 2025. Durch die neuen Geb\u00fchren f\u00fcr die Kinderbetreuung erhofft sich das Rathaus j\u00e4hrliche Mehreinnahmen von insgesamt voraussichtlich gut 34 Millionen Euro. Erw\u00e4gt wird dar\u00fcber hinaus, dass die neuen Kitageb\u00fchren bis ins Jahr 2030 jedes Jahr um durchschnittlich vier Prozent steigen sollen.<\/p>\n<p>\u00c4nderungen bei Verpflegungsgeld und Geschwistererm\u00e4\u00dfigung<\/p>\n<p>Hinzukommt eine Anhebung des t\u00e4glichen Verpflegungsgeldes in den st\u00e4dtisch gef\u00f6rderten Kindertageseinrichtungen ab Herbst 2027 um 2 Euro auf dann 8 Euro. Bei 21 angesetzten Verpflegungstagen im Monat ergeben sich daraus monatliche Kosten von 140 Euro f\u00fcr Eltern. Die Landeshauptstadt M\u00fcnchen rechnet hier noch einmal mit zus\u00e4tzlichen Einnahmen in H\u00f6he von 11,6 Millionen Euro.<\/p>\n<p>Anpassungen soll es auch bei der Erm\u00e4\u00dfigung f\u00fcr Geschwisterkinder geben. War bislang f\u00fcr das zweite Kind in st\u00e4dtischen Kitas die Einkommenkategorie ausschlaggebend, die zwei Stufen unter der eigenen lag, soll es k\u00fcnftig die n\u00e4chstfolgende sein. Bei privaten Tr\u00e4gern sollen die Kosten dagegen nicht mehr um 50 Prozent reduziert werden, sondern nur noch um 35 Prozent. Vom dritten Kind an bezahlen Eltern wie bisher keine Geb\u00fchren. Die vollst\u00e4ndige Befreiung von Besuchsentgelten f\u00fcr das dritte und alle weiteren Kinder soll aber erhalten bleiben.<\/p>\n<p>Opposition im M\u00fcnchner Stadtrat l\u00e4uft Sturm<\/p>\n<p>Im n\u00e4chsten Schritt sollen nun Elternbeir\u00e4te, Tr\u00e4ger sowie weitere Entscheidungstr\u00e4ger zu den geplanten Anpassungen befragt werden. Hierf\u00fcr ist eine Anh\u00f6rung f\u00fcr September geplant. Auf Basis der Ergebnisse soll dann voraussichtlich im Dezember ein finaler Beschluss fallen. <\/p>\n<p>Aus der Opposition im M\u00fcnchner Stadtrat kam die Aufforderung an Elternvertretungen, sich dem Vorhaben entgegenzustellen: &#8222;Lasst euch das so nicht gefallen!&#8220;, appellierte die CSU-Stadtr\u00e4tin Alexandra Ga\u00dfmann. Durch die neue Geb\u00fchrenstaffelung w\u00fcrden vor allem Familien aus der Mittelschicht belastet. Auch die M\u00fcnchner Linken-Stadtratsfraktion kritisierte in einer Pressemitteilung, dass k\u00fcnftig Busfahrer und Teilzeitpflegekr\u00e4fte f\u00fcr den Besuch ihrer Kinder in Kitas zahlen m\u00fcssten.<\/p>\n<p>M\u00fcnchen aber weiterhin vergleichsweise g\u00fcnstig<\/p>\n<p>Die Stadt betont hingegen, dass M\u00fcnchen noch immer vergleichsweise niedrige Geb\u00fchren erheben w\u00fcrde. In den anderen bayerischen Gro\u00dfst\u00e4dten N\u00fcrnberg, Augsburg, Regensburg, Ingolstadt, W\u00fcrzburg und Erlangen seien die Kosten teils weitaus h\u00f6her. So w\u00fcrden in Erlangen mit 589 Euro seit dem 1. Juli bei einer maximalen Besuchszeit von neun Stunden die h\u00f6chsten Geb\u00fchren verlangt, in W\u00fcrzburg k\u00e4men auf Eltern immerhin noch 332 Euro zu.<\/p>\n<p>OB-Krause verweist bei neuen Geb\u00fchren auf Staatsregierung \u2013 die dementiert<\/p>\n<p>Ausl\u00f6ser der Umstellung in M\u00fcnchen war nach Aussage von Oberb\u00fcrgermeister Dominik Krause (Gr\u00fcne) unter anderem die Entscheidung der bayerischen Staatsregierung, den 100-Euro-Zuschuss vom Freistaat f\u00fcr die Kinderbetreuung an Kommunen zum Jahresende zu streichen.<\/p>\n<p><a href=\"https:\/\/www.br.de\/nachrichten\/bayern\/kita-zuschuss-koalition-reagiert-auf-kritik,VOlMPDt\" rel=\"nofollow noopener\" target=\"_blank\">Dieser Darstellung widerspricht das Bayerische Familienministerium allerdings vehement.<\/a> Die Kita-Tr\u00e4ger w\u00fcrden weiter die F\u00f6rderung erhalten, seien k\u00fcnftig jedoch nicht mehr verpflichtet, den Zuschuss an die Eltern weiterzugeben. Die 100 Euro blieben aber im System, so Familienministerin Ulrike Scharf (CSU).<\/p>\n","protected":false},"excerpt":{"rendered":"Einnahmen von gut 34 Millionen Euro erwartet Laut Angaben der Stadt sind die Ausgaben f\u00fcr den Bereich Kita&hellip;\n","protected":false},"author":2,"featured_media":1171089,"comment_status":"","ping_status":"","sticky":false,"template":"","format":"standard","meta":{"footnotes":"","_share_on_mastodon":"0"},"categories":[1827],"tags":[772,29,1459,57434,30,70045,1114,8072,2818,3491,1268,2339,1108],"class_list":["post-1171088","post","type-post","status-publish","format-standard","has-post-thumbnail","category-muenchen","tag-bayern","tag-deutschland","tag-eltern","tag-gebuehren","tag-germany","tag-hort","tag-kinder","tag-kinderbetreuung","tag-kindergarten","tag-kita","tag-muenchen","tag-oberbayern","tag-stadtrat"],"share_on_mastodon":{"url":"https:\/\/pubeurope.com\/@de\/116930068256962452","error":""},"_links":{"self":[{"href":"https:\/\/www.europesays.com\/de\/wp-json\/wp\/v2\/posts\/1171088","targetHints":{"allow":["GET"]}}],"collection":[{"href":"https:\/\/www.europesays.com\/de\/wp-json\/wp\/v2\/posts"}],"about":[{"href":"https:\/\/www.europesays.com\/de\/wp-json\/wp\/v2\/types\/post"}],"author":[{"embeddable":true,"href":"https:\/\/www.europesays.com\/de\/wp-json\/wp\/v2\/users\/2"}],"replies":[{"embeddable":true,"href":"https:\/\/www.europesays.com\/de\/wp-json\/wp\/v2\/comments?post=1171088"}],"version-history":[{"count":0,"href":"https:\/\/www.europesays.com\/de\/wp-json\/wp\/v2\/posts\/1171088\/revisions"}],"wp:featuredmedia":[{"embeddable":true,"href":"https:\/\/www.europesays.com\/de\/wp-json\/wp\/v2\/media\/1171089"}],"wp:attachment":[{"href":"https:\/\/www.europesays.com\/de\/wp-json\/wp\/v2\/media?parent=1171088"}],"wp:term":[{"taxonomy":"category","embeddable":true,"href":"https:\/\/www.europesays.com\/de\/wp-json\/wp\/v2\/categories?post=1171088"},{"taxonomy":"post_tag","embeddable":true,"href":"https:\/\/www.europesays.com\/de\/wp-json\/wp\/v2\/tags?post=1171088"}],"curies":[{"name":"wp","href":"https:\/\/api.w.org\/{rel}","templated":true}]}}