{"id":1171119,"date":"2026-07-16T14:29:15","date_gmt":"2026-07-16T14:29:15","guid":{"rendered":"https:\/\/www.europesays.com\/de\/1171119\/"},"modified":"2026-07-16T14:29:15","modified_gmt":"2026-07-16T14:29:15","slug":"dynamo-dresden-wunschspieler-kommt-naechster-transfer-kracher-fuer-zweitligisten-sport","status":"publish","type":"post","link":"https:\/\/www.europesays.com\/de\/1171119\/","title":{"rendered":"Dynamo Dresden: Wunschspieler kommt! N\u00e4chster Transfer-Kracher f\u00fcr Zweitligisten | Sport"},"content":{"rendered":"<p><a class=\"skip-content skip-content--link\" href=\"#in-content-skip-link-target-v-0-0\">TTS-Player \u00fcberspringen\u21b5<\/a><a id=\"in-content-skip-link-target-v-0-0\" class=\"skip-content--target-link-hidden skip-content skip-content--target-link\" href=\"#in-content-skip-link-target-v-0-0\">Artikel weiterlesen<\/a><\/p>\n<p data-21134c99=\"0-2611\"><b>Elf Neuzug\u00e4nge hatte Zweitligist Dynamo Dresden f\u00fcr die kommende Saison schon an Land gezogen. Jetzt folgte Transfer Nummer zw\u00f6lf \u2013 und das ist ein richtiger Kracher!<\/b><\/p>\n<p data-21134c99=\"0-2611\">Der Klub teilte jetzt mit: Die R\u00fcckholaktion von Ben Bobzien (23) hat tats\u00e4chlich geklappt. Nach <a href=\"https:\/\/www.bild.de\/sport\/fussball\/dynamo-dresden-das-sagt-mainz-boss-heidel-zum-fall-bobzien-6a3cbfbcafe845031b3ad61b\" class=\"text-link\" rel=\"nofollow noopener\" target=\"_blank\">z\u00e4hen Verhandlungen<\/a> konnte sich Sportdirektor S\u00f6ren Gonther (39) mit Bundesligist FSV Mainz auf einen Wechsel des Fl\u00fcgelflitzers nach Dresden einigen. Die Abl\u00f6sesumme d\u00fcrfte bei rund einer Million Euro liegen.<\/p>\n<p>Mehr zum Thema<\/p>\n<p data-21134c99=\"0-2611\">Bobzien war in der R\u00fcckrunde der vergangenen Saison an Dynamo ausgeliehen, \u00fcberzeugte da auf der ganzen Linie. Danach machten die Dresdner ebenfalls keinen Hehl daraus, den technisch versierten und extrem wendigen Offensivmann unbedingt fest verpflichten zu wollen.<\/p>\n<p data-21134c99=\"0-2611\">Das hat jetzt sogar noch vor dem Trainingslager in \u00d6sterreich geklappt, Bobzien sitzt am Donnerstag schon mit im Mannschaftsbus Richtung Windischgarsten. Mit diesem Husarenst\u00fcck haben die Sachsen reichlich drei Wochen vor Saisonstart ihren Kader fast schon komplett. Einzig ein weiterer Fl\u00fcgelspieler soll noch kommen.<\/p>\n<p data-21134c99=\"0-2611\">Bobzien sagt: \u201eDie vergangenen Monate bei Dynamo haben mir unglaublich viel Spa\u00df gemacht. Ich wurde von der Mannschaft, dem Verein und den Fans vom ersten Tag an hervorragend aufgenommen und habe mich in Dresden sofort wohlgef\u00fchlt. Ich freue mich sehr, weiterhin das Dynamo-Trikot tragen zu d\u00fcrfen und gemeinsam mit dem Team die kommende Saison anzugehen.\u201c<\/p>\n<p><img decoding=\"async\" width=\"992\" height=\"558\" alt=\"Wichtiges Puzzleteil f\u00fcr eine erfolgreiche Saison: Ben Bobzien (l.) wechselt fest von Mainz nach Dresden\" loading=\"lazy\" src=\"https:\/\/www.europesays.com\/de\/wp-content\/uploads\/2026\/07\/35127a58a6bcaec7a6fc58c2b0698195,dc07de56.webp\"   class=\"landscape\"\/><\/p>\n<p class=\"fig__caption__text\">Wichtiges Puzzleteil f\u00fcr eine erfolgreiche Saison: Ben Bobzien (l.) wechselt fest von Mainz nach Dresden<\/p>\n<p>Foto: picture alliance\/HMB Media<\/p>\n<p data-21134c99=\"0-2611\">Zuvor war es \u201eTransfer-Monster\u201c Gonther bereits gelungen, die zuletzt ebenfalls ausgeliehenen Leistungstr\u00e4ger Jonas Sterner (Hannover), Robert Wagner (Freiburg) und Thomas Keller (Heidenheim) fest zu verpflichten. Damit hat <a href=\"https:\/\/www.bild.de\/sport\/fussball\/dynamo-dresden\/startseite-dynamo-46789412.bild.html\" class=\"text-link\" rel=\"nofollow noopener\" target=\"_blank\">Dynamo Dresden<\/a> jetzt quasi die komplette Erfolgs-Truppe der vergangenen R\u00fcckrunde, in der man einen sensationellen vierten Platz belegte, unter Vertrag. <\/p>\n<p>Von Anfang an in ruhigem Fahrwasser<\/p>\n<p data-21134c99=\"0-2611\">Klar, dass die Euphorie im Dynamo-Land entsprechend gro\u00df ist und nicht wenige Fans sogar schon vom ganz gro\u00dfen Wurf tr\u00e4umen. Der Verein selbst aber bleibt auf dem Teppich und hat als Saisonziel ausgegeben, m\u00f6glichst von Beginn an in ruhigem Fahrwasser zu schwimmen.<\/p>\n<p data-21134c99=\"0-2611\">\u201eDer n\u00e4chste Schritt muss f\u00fcr mich sein, dass du es schaffst, pro Halbserie 20 Punkte zu holen\u201c, hatte Trainer Thomas Stamm zuletzt auf die Frage nach dem Ziel f\u00fcr die kommende Serie gesagt. \u201eWenn es ein paar mehr sind, ist es gut. In der Hinrunde vielleicht 25, in der R\u00fcckrunde zum Beispiel so 22. Dann sind es mindestens 40 Punkte, die im Normalfall eine ruhige Zweitliga-Saison garantieren.\u201c<\/p>\n<p data-21134c99=\"0-2611\">Mit der Verpflichtung von Ben Bobzien d\u00fcrfte dieses Ziel jetzt wieder ein St\u00fcck realistischer werden&#8230;<\/p>\n","protected":false},"excerpt":{"rendered":"TTS-Player \u00fcberspringen\u21b5Artikel weiterlesen Elf Neuzug\u00e4nge hatte Zweitligist Dynamo Dresden f\u00fcr die kommende Saison schon an Land gezogen. Jetzt&hellip;\n","protected":false},"author":2,"featured_media":1171120,"comment_status":"","ping_status":"","sticky":false,"template":"","format":"standard","meta":{"footnotes":"","_share_on_mastodon":"0"},"categories":[136],"tags":[621,172274,299,29,3766,35595,347,30,11451,803,265,3460,4581,14464],"class_list":["post-1171119","post","type-post","status-publish","format-standard","has-post-thumbnail","category-sport","tag-2-bundesliga","tag-bobzien-ben","tag-bundesliga","tag-deutschland","tag-dynamo-dresden","tag-fsv-mainz-05","tag-fussball","tag-germany","tag-mittelfeldspieler","tag-spielertransfer","tag-sport","tag-sport-leuchtturm-leipzig","tag-sport-tag-im-ticker","tag-wintertransfer"],"share_on_mastodon":{"url":"","error":""},"_links":{"self":[{"href":"https:\/\/www.europesays.com\/de\/wp-json\/wp\/v2\/posts\/1171119","targetHints":{"allow":["GET"]}}],"collection":[{"href":"https:\/\/www.europesays.com\/de\/wp-json\/wp\/v2\/posts"}],"about":[{"href":"https:\/\/www.europesays.com\/de\/wp-json\/wp\/v2\/types\/post"}],"author":[{"embeddable":true,"href":"https:\/\/www.europesays.com\/de\/wp-json\/wp\/v2\/users\/2"}],"replies":[{"embeddable":true,"href":"https:\/\/www.europesays.com\/de\/wp-json\/wp\/v2\/comments?post=1171119"}],"version-history":[{"count":0,"href":"https:\/\/www.europesays.com\/de\/wp-json\/wp\/v2\/posts\/1171119\/revisions"}],"wp:featuredmedia":[{"embeddable":true,"href":"https:\/\/www.europesays.com\/de\/wp-json\/wp\/v2\/media\/1171120"}],"wp:attachment":[{"href":"https:\/\/www.europesays.com\/de\/wp-json\/wp\/v2\/media?parent=1171119"}],"wp:term":[{"taxonomy":"category","embeddable":true,"href":"https:\/\/www.europesays.com\/de\/wp-json\/wp\/v2\/categories?post=1171119"},{"taxonomy":"post_tag","embeddable":true,"href":"https:\/\/www.europesays.com\/de\/wp-json\/wp\/v2\/tags?post=1171119"}],"curies":[{"name":"wp","href":"https:\/\/api.w.org\/{rel}","templated":true}]}}