{"id":1171218,"date":"2026-07-16T15:26:14","date_gmt":"2026-07-16T15:26:14","guid":{"rendered":"https:\/\/www.europesays.com\/de\/1171218\/"},"modified":"2026-07-16T15:26:14","modified_gmt":"2026-07-16T15:26:14","slug":"was-ist-los-in-leipzig-im-august","status":"publish","type":"post","link":"https:\/\/www.europesays.com\/de\/1171218\/","title":{"rendered":"Was ist los in Leipzig im August?"},"content":{"rendered":"<p class=\"h3\">Classic Open Leipzig<\/p>\n<p>Wenn der Augustusplatz zur Open-Air-B\u00fchne wird, geh\u00f6ren die Classic Open zu den festen Terminen im Leipziger Veranstaltungskalender. Mehrere Konzertabende verbinden klassische Musik mit Filmmusik, Musical, Pop und Crossover-Projekten. Die Veranstaltungen finden vor dem Gewandhaus statt und ziehen jedes Jahr mehrere Tausend Besucher an.<\/p>\n<p>Wer einen Konzertabend plant, sollte den Ticketverkauf fr\u00fchzeitig im Blick behalten. Sitzpl\u00e4tze sind nummeriert und je nach Veranstaltung schnell vergriffen. Der Augustusplatz geh\u00f6rt zu den am besten erreichbaren Veranstaltungsorten der Stadt. Stra\u00dfenbahnen halten direkt vor dem Gel\u00e4nde, Parkh\u00e4user befinden sich in unmittelbarer N\u00e4he. Vor und nach den Konzerten bieten die Restaurants rund um den Augustusplatz zahlreiche M\u00f6glichkeiten f\u00fcr einen Restaurantbesuch oder einen Drink.<\/p>\n<p>\u00a0<\/p>\n<p class=\"h3\">MDR-Musiksommer<\/p>\n<p>Der MDR-Musiksommer macht regelm\u00e4\u00dfig Station in Leipzig und verbindet klassische Konzerte mit au\u00dfergew\u00f6hnlichen Spielst\u00e4tten. Je nach Programm finden Auff\u00fchrungen unter anderem in Kirchen, historischen Geb\u00e4uden oder Konzerts\u00e4len statt. Zum Festival geh\u00f6ren Orchesterkonzerte ebenso wie Kammermusik, Chorkonzerte und Soloprogramme.<\/p>\n<p>Da sich die Veranstaltungsorte unterscheiden, variieren auch Anreise, Barrierefreiheit und Platzkapazit\u00e4ten. Besucher sollten deshalb vorab die Hinweise des jeweiligen Veranstaltungsortes pr\u00fcfen. Tickets sind online sowie an den bekannten Vorverkaufsstellen erh\u00e4ltlich. Wer klassische Musik sch\u00e4tzt und kleinere Konzertformate bevorzugt, findet im MDR-Musiksommer eine ruhige Alternative zu den gro\u00dfen Open-Air-Veranstaltungen des Augusts.<\/p>\n","protected":false},"excerpt":{"rendered":"Classic Open Leipzig Wenn der Augustusplatz zur Open-Air-B\u00fchne wird, geh\u00f6ren die Classic Open zu den festen Terminen im&hellip;\n","protected":false},"author":2,"featured_media":1171219,"comment_status":"","ping_status":"","sticky":false,"template":"","format":"standard","meta":{"footnotes":"","_share_on_mastodon":"0"},"categories":[1832],"tags":[245343,245356,245349,245350,3364,29,245341,245357,245346,245348,124269,30,245347,245353,245358,71,245339,245362,245345,245363,245360,245344,245361,210810,69861,245354,3455,245359,245352,245351,859,245355,245342,245338,245340],"class_list":["post-1171218","post","type-post","status-publish","format-standard","has-post-thumbnail","category-leipzig","tag-august-leipzig","tag-ausfluege-leipzig-august","tag-burgplatzsommer","tag-classic-open-leipzig","tag-de","tag-deutschland","tag-events-leipzig","tag-familien-leipzig-august","tag-festivals-leipzig","tag-filmnaechte-leipzig","tag-freizeit-leipzig","tag-germany","tag-highfield-festival","tag-konzerte-leipzig-august","tag-kostenlose-veranstaltungen-leipzig","tag-leipzig","tag-leipzig-august-2026","tag-leipzig-event-guide","tag-leipzig-events-august","tag-leipzig-sommerveranstaltungen","tag-leipzig-tipps-august","tag-leipzig-veranstaltungen-august","tag-leipzig-veranstaltungskalender-august","tag-leipziger-abendmarkt","tag-leipziger-markt-musik","tag-maerkte-leipzig","tag-mdr-musiksommer","tag-open-air-kino-leipzig","tag-open-air-leipzig","tag-roll-on-leipzig","tag-sachsen","tag-sommer-in-leipzig","tag-veranstaltungen-leipzig","tag-veranstaltungen-leipzig-august","tag-was-ist-los-in-leipzig"],"share_on_mastodon":{"url":"","error":""},"_links":{"self":[{"href":"https:\/\/www.europesays.com\/de\/wp-json\/wp\/v2\/posts\/1171218","targetHints":{"allow":["GET"]}}],"collection":[{"href":"https:\/\/www.europesays.com\/de\/wp-json\/wp\/v2\/posts"}],"about":[{"href":"https:\/\/www.europesays.com\/de\/wp-json\/wp\/v2\/types\/post"}],"author":[{"embeddable":true,"href":"https:\/\/www.europesays.com\/de\/wp-json\/wp\/v2\/users\/2"}],"replies":[{"embeddable":true,"href":"https:\/\/www.europesays.com\/de\/wp-json\/wp\/v2\/comments?post=1171218"}],"version-history":[{"count":0,"href":"https:\/\/www.europesays.com\/de\/wp-json\/wp\/v2\/posts\/1171218\/revisions"}],"wp:featuredmedia":[{"embeddable":true,"href":"https:\/\/www.europesays.com\/de\/wp-json\/wp\/v2\/media\/1171219"}],"wp:attachment":[{"href":"https:\/\/www.europesays.com\/de\/wp-json\/wp\/v2\/media?parent=1171218"}],"wp:term":[{"taxonomy":"category","embeddable":true,"href":"https:\/\/www.europesays.com\/de\/wp-json\/wp\/v2\/categories?post=1171218"},{"taxonomy":"post_tag","embeddable":true,"href":"https:\/\/www.europesays.com\/de\/wp-json\/wp\/v2\/tags?post=1171218"}],"curies":[{"name":"wp","href":"https:\/\/api.w.org\/{rel}","templated":true}]}}