{"id":1171356,"date":"2026-07-16T16:42:20","date_gmt":"2026-07-16T16:42:20","guid":{"rendered":"https:\/\/www.europesays.com\/de\/1171356\/"},"modified":"2026-07-16T16:42:20","modified_gmt":"2026-07-16T16:42:20","slug":"werder-bremen-dfb-star-woltemade-ploetzlich-beim-training-fussball","status":"publish","type":"post","link":"https:\/\/www.europesays.com\/de\/1171356\/","title":{"rendered":"Werder Bremen: DFB-Star Woltemade pl\u00f6tzlich beim Training | Fu\u00dfball"},"content":{"rendered":"<p><b>Was hat dieser Besuch zu bedeuten? Donnerstagmittag um 11.10 Uhr stieg Nick Woltemade (24) am Bremer Weserstadion aus seinem wei\u00dfen Mercedes. Der deutsche Nationalspieler schlurfte gem\u00fctlich Richtung Kabine und blieb einige Stunden in den Katakomben. Steht Woltemade etwa vor einer R\u00fcckkehr zu <\/b><a href=\"https:\/\/sportbild.bild.de\/bundesliga\/vereine\/werder-bremen\/home-33283672.sport.html\" class=\"text-link\" rel=\"nofollow noopener\" target=\"_blank\"><b>Werder<\/b><\/a><b>?<\/b><\/p>\n<p>Die klare Antwort: Nein! Der DFB-Star stammt geb\u00fcrtig aus Bremen und stand 14 Jahre bei Werder unter Vertrag. 2024 verlie\u00df er den Klub endg\u00fcltig und wechselte zum VfB Stuttgart. Zuletzt war er mit der <a href=\"https:\/\/sportbild.bild.de\/fussball\/nationalmannschaft\/nationalmannschaft\/home-33309482.sport.html\" class=\"text-link\" rel=\"nofollow noopener\" target=\"_blank\">deutschen Nationalmannschaft<\/a> bei der WM 2026 in Kanada, Mexiko und den USA. Jetzt hat er Urlaub und besucht w\u00e4hrenddessen nun die alten Kollegen und h\u00e4lt sich in seiner Heimat fit. Noch bis Montag bleibt er in Bremen, nutzt hier die Trainingspl\u00e4tze von Werder und \u00fcbt mit den Co-Trainern der U19 sowie Talent Mika Str\u00fcder (18).<\/p>\n<p>Moderatorin spricht es an: Fehlt dem DFB ein echter Top-Star?<a class=\"anchor video-teaser__anchor\" href=\"https:\/\/sportbild.bild.de\/fussball\/fussball-wm\/moderatorin-spricht-es-an-fehlt-dem-dfb-ein-echter-top-star-6a4e2d8a26384a0457a31ed3\" rel=\"nofollow noopener\" target=\"_blank\"><img decoding=\"async\" width=\"992\" height=\"558\" alt=\"\" loading=\"lazy\" src=\"https:\/\/www.europesays.com\/de\/wp-content\/uploads\/2026\/07\/df171ede5eacff5ba2082d0b2fcc5e3b,e980340a.jpeg\"   class=\"landscape teaser__image\"\/><\/a><\/p>\n<p>Quelle: BILD08.07.2026<\/p>\n<p>Auch einige junge Fans tummelten sich um Woltemade, der im l\u00e4ssigen Outfit mit Adiletten und wei\u00dfen Tennis-Socken unterwegs war. Via Instagram postete er von sich ein Bild mit der Beschreibung \u201eHome Sweet Home\u201c und gr\u00fcn-wei\u00dfen Herzen.<\/p>\n<p>Woltemade bei Werder Bremen aufgetaucht<\/p>\n<p>Nach dem entt\u00e4uschenden WM-Aus tut ein Abstecher bei seinen Eltern und Freunden sicherlich gut. Der 1,98-Meter-H\u00fcne kam nur beim blamablen Ausscheiden gegen Paraguay (4:5 i. E.) im Sechzehntelfinale zum Einsatz. Im Elfmeterschie\u00dfen verballerte er einen Strafsto\u00df. Nach seinem Urlaub geht es f\u00fcr Woltemade zur\u00fcck nach England zu seinem Klub Newcastle.<\/p>\n","protected":false},"excerpt":{"rendered":"Was hat dieser Besuch zu bedeuten? Donnerstagmittag um 11.10 Uhr stieg Nick Woltemade (24) am Bremer Weserstadion aus&hellip;\n","protected":false},"author":2,"featured_media":1171357,"comment_status":"","ping_status":"","sticky":false,"template":"","format":"standard","meta":{"footnotes":"","_share_on_mastodon":"0"},"categories":[1824],"tags":[2420,3364,29,481,538,30,9662,542,537,14709],"class_list":["post-1171356","post","type-post","status-publish","format-standard","has-post-thumbnail","category-bremen","tag-bremen","tag-de","tag-deutschland","tag-dfb","tag-erste-bundesliga","tag-germany","tag-no-sport-app","tag-sport-leuchtturm-hamburg","tag-werder-bremen","tag-woltemade-nick"],"share_on_mastodon":{"url":"","error":""},"_links":{"self":[{"href":"https:\/\/www.europesays.com\/de\/wp-json\/wp\/v2\/posts\/1171356","targetHints":{"allow":["GET"]}}],"collection":[{"href":"https:\/\/www.europesays.com\/de\/wp-json\/wp\/v2\/posts"}],"about":[{"href":"https:\/\/www.europesays.com\/de\/wp-json\/wp\/v2\/types\/post"}],"author":[{"embeddable":true,"href":"https:\/\/www.europesays.com\/de\/wp-json\/wp\/v2\/users\/2"}],"replies":[{"embeddable":true,"href":"https:\/\/www.europesays.com\/de\/wp-json\/wp\/v2\/comments?post=1171356"}],"version-history":[{"count":0,"href":"https:\/\/www.europesays.com\/de\/wp-json\/wp\/v2\/posts\/1171356\/revisions"}],"wp:featuredmedia":[{"embeddable":true,"href":"https:\/\/www.europesays.com\/de\/wp-json\/wp\/v2\/media\/1171357"}],"wp:attachment":[{"href":"https:\/\/www.europesays.com\/de\/wp-json\/wp\/v2\/media?parent=1171356"}],"wp:term":[{"taxonomy":"category","embeddable":true,"href":"https:\/\/www.europesays.com\/de\/wp-json\/wp\/v2\/categories?post=1171356"},{"taxonomy":"post_tag","embeddable":true,"href":"https:\/\/www.europesays.com\/de\/wp-json\/wp\/v2\/tags?post=1171356"}],"curies":[{"name":"wp","href":"https:\/\/api.w.org\/{rel}","templated":true}]}}