{"id":1171485,"date":"2026-07-16T17:51:16","date_gmt":"2026-07-16T17:51:16","guid":{"rendered":"https:\/\/www.europesays.com\/de\/1171485\/"},"modified":"2026-07-16T17:51:16","modified_gmt":"2026-07-16T17:51:16","slug":"fussball-wm-2026-zeitverschiebung-und-anstosszeiten-nach-deutscher-zeit-2","status":"publish","type":"post","link":"https:\/\/www.europesays.com\/de\/1171485\/","title":{"rendered":"Fu\u00dfball-WM 2026: Zeitverschiebung und Ansto\u00dfzeiten nach deutscher Zeit"},"content":{"rendered":"<p class=\"mb-6 text-xs-varying md:text-m lg:text-l font-serif group-[.font-sans]:font-sans \">\n    2026 findet wieder eine <a href=\"https:\/\/www.augsburger-allgemeine.de\/special\/fussball-wm\" target=\"_self\" class=\"underline \" rel=\"nofollow noopener\">Fu\u00dfball-Weltmeisterschaft<\/a> statt, und der <a href=\"https:\/\/www.augsburger-allgemeine.de\/sport\/wm-2026-kader-deutschland-welche-spieler-sind-dabei-3-7-26-114285345\" target=\"_self\" class=\"underline \" rel=\"nofollow noopener\">deutsche WM-Kader<\/a> war dabei. Die <a href=\"https:\/\/www.augsburger-allgemeine.de\/sport\/wm-2026-ort-austragungsort-stadien-staedte-und-termine-16-7-26-102327604\" target=\"_self\" class=\"underline \" rel=\"nofollow noopener\">Austragungsorte der WM 2026<\/a> liegen dabei erstmalig in drei verschiedenen L\u00e4ndern, n\u00e4mlich Kanada, Mexiko und den USA. Wie der <a href=\"https:\/\/www.augsburger-allgemeine.de\/sport\/wm-2026-spielplan-termine-gruppen-16-7-2026-110733481\" target=\"_self\" class=\"underline \" rel=\"nofollow noopener\">Spielplan der WM 2026<\/a> verr\u00e4t, fand das Auftaktspiel zwischen Mexiko und S\u00fcdafrika am 11. Juni 2026 statt. <a href=\"https:\/\/www.augsburger-allgemeine.de\/sport\/fussball-weltmeister-im-ueberblick-bisherige-wm-sieger-16-7-26-102063845\" target=\"_self\" class=\"underline \" rel=\"nofollow noopener\">Die deutsche Mannschaft<\/a> stand dann am 14. Juni 2026 zum ersten Mal bei der WM auf dem Platz. Diejenigen, die <a href=\"https:\/\/www.augsburger-allgemeine.de\/sport\/wm-2026-tickets-vorverkauf-preise-verkaufsstart-16-7-26-110699543\" target=\"_self\" class=\"underline \" rel=\"nofollow noopener\">Tickets f\u00fcr die WM 2026<\/a> erstanden haben, k\u00f6nnen die Spiele vor Ort ansehen und m\u00fcssen somit nat\u00fcrlich nicht auf Zeitverschiebungen achten. Fans, die die <a href=\"https:\/\/www.augsburger-allgemeine.de\/sport\/wm-2026-live-im-tv-und-stream-alle-infos-zur-wm-uebertragung-2026-16-7-26-113708680\" target=\"_self\" class=\"underline \" rel=\"nofollow noopener\">WM-Spiele in der Live-\u00dcbertragung<\/a> ansehen m\u00f6chten, m\u00fcssen jedoch die verschiedenen Zeitzonen beachten, in denen sich die jeweiligen Austragungsst\u00e4dte befinden.\n  <\/p>\n<p class=\"mb-6 text-xs-varying md:text-m lg:text-l font-serif group-[.font-sans]:font-sans \">\n    Wie gro\u00df ist die Zeitverschiebung zwischen der deutschen Zeit und den Austragungsorten in Kanada, Mexiko und den USA? Und um wie viel Uhr laufen die WM-Spiele 2026 in Deutschland live im Fernsehen? Die Antworten darauf erfahren Sie in diesem Artikel.\n  <\/p>\n<p>            Fu\u00dfball WM der M\u00e4nner 2026: Zeitverschiebung zwischen Deutschland und Kanada\/Mexiko\/USA<\/p>\n<p class=\"mb-6 text-xs-varying md:text-m lg:text-l font-serif group-[.font-sans]:font-sans \">\n    Alle drei Austragungsl\u00e4nder der WM 2026 haben innerhalb ihres Gebietes verschiedene Zeitzonen. Kanada hat insgesamt sechs unterschiedliche Zeitzonen, die Austragungsst\u00e4dte Toronto und Vancouver liegen in zwei verschiedenen Zeitzonen. Mexiko hat insgesamt vier verschiedene Zeitzonen, alle Austragungsst\u00e4dte liegen jedoch in der gleichen Zone. Die 50 Bundesstaaten der USA liegen in sechs unterschiedlichen Zeitzonen, die elf US-Austragungsorte befinden sich in drei verschiedenen Zeitzonen. Insgesamt wird in vier Zeitzonen gespielt, die Verschiebung zur deutschen Zeit reicht von -6 Stunden bis zu -9 Stunden.\n  <\/p>\n<p class=\"mb-6 text-xs-varying md:text-m lg:text-l font-serif group-[.font-sans]:font-sans \">\n    Das sind die Zeitzonen der einzelnen Austragungsorte im Vergleich zu Deutschland im \u00dcberblick:\n  <\/p>\n<p class=\"mb-6 text-xs-varying md:text-m lg:text-l font-serif group-[.font-sans]:font-sans \">\n    Kanada\n  <\/p>\n<ul rel=\"\" class=\"[&amp;&gt;li]:relative list-none  [&amp;&gt;li]:pl-[1.2em] [&amp;&gt;li]:marker:text-[0] [&amp;&gt;li]:relative [&amp;&gt;li]:before:absolute [&amp;&gt;li]:before:w-3 [&amp;&gt;li]:before:h-3 [&amp;&gt;li]:before:bg-brand [&amp;&gt;li]:before:left-0 [&amp;&gt;li]:before:rounded-full [&amp;&gt;li]:before:top-[8px] md:[&amp;&gt;li]:before:top-[9px] lg:[&amp;&gt;li]:before:top-[11px]  my-5\">\n<li class=\" mb-3 text-xs-varying md:text-m lg:text-l\">Toronto: &#8211; 6 Stunden zur deutschen Zeit<\/li>\n<li class=\" mb-3 text-xs-varying md:text-m lg:text-l\">Vancouver: -9 Stunden zur deutschen Zeit<\/li>\n<\/ul>\n<p class=\"mb-6 text-xs-varying md:text-m lg:text-l font-serif group-[.font-sans]:font-sans \">\n    Mexiko\n  <\/p>\n<ul rel=\"\" class=\"[&amp;&gt;li]:relative list-none  [&amp;&gt;li]:pl-[1.2em] [&amp;&gt;li]:marker:text-[0] [&amp;&gt;li]:relative [&amp;&gt;li]:before:absolute [&amp;&gt;li]:before:w-3 [&amp;&gt;li]:before:h-3 [&amp;&gt;li]:before:bg-brand [&amp;&gt;li]:before:left-0 [&amp;&gt;li]:before:rounded-full [&amp;&gt;li]:before:top-[8px] md:[&amp;&gt;li]:before:top-[9px] lg:[&amp;&gt;li]:before:top-[11px]  my-5\">\n<li class=\" mb-3 text-xs-varying md:text-m lg:text-l\">Guadalajara: -8 Stunden zur deutschen Zeit<\/li>\n<li class=\" mb-3 text-xs-varying md:text-m lg:text-l\">Mexiko Stadt: -8 Stunden zur deutschen Zeit<\/li>\n<li class=\" mb-3 text-xs-varying md:text-m lg:text-l\">Monterrey: -8 Stunden zur deutschen Zeit<\/li>\n<\/ul>\n<p class=\"mb-6 text-xs-varying md:text-m lg:text-l font-serif group-[.font-sans]:font-sans \">\n    USA\n  <\/p>\n<ul rel=\"\" class=\"[&amp;&gt;li]:relative list-none  [&amp;&gt;li]:pl-[1.2em] [&amp;&gt;li]:marker:text-[0] [&amp;&gt;li]:relative [&amp;&gt;li]:before:absolute [&amp;&gt;li]:before:w-3 [&amp;&gt;li]:before:h-3 [&amp;&gt;li]:before:bg-brand [&amp;&gt;li]:before:left-0 [&amp;&gt;li]:before:rounded-full [&amp;&gt;li]:before:top-[8px] md:[&amp;&gt;li]:before:top-[9px] lg:[&amp;&gt;li]:before:top-[11px]  my-5\">\n<li class=\" mb-3 text-xs-varying md:text-m lg:text-l\">Atlanta: &#8211; 6 Stunden zur deutschen Zeit<\/li>\n<li class=\" mb-3 text-xs-varying md:text-m lg:text-l\">Boston: &#8211; 6 Stunden zur deutschen Zeit<\/li>\n<li class=\" mb-3 text-xs-varying md:text-m lg:text-l\">Dallas: &#8211; 7 Stunden zur deutschen Zeit<\/li>\n<li class=\" mb-3 text-xs-varying md:text-m lg:text-l\">Houston: -7 Stunden zur deutschen Zeit<\/li>\n<li class=\" mb-3 text-xs-varying md:text-m lg:text-l\">Kansas City: &#8211; 7 Stunden zur deutschen Zeit<\/li>\n<li class=\" mb-3 text-xs-varying md:text-m lg:text-l\">Los Angeles: &#8211; 9 Stunden zur deutschen Zeit<\/li>\n<li class=\" mb-3 text-xs-varying md:text-m lg:text-l\">Miami: &#8211; 6 Stunden zur deutschen Zeit<\/li>\n<li class=\" mb-3 text-xs-varying md:text-m lg:text-l\">New York, New Jersey: &#8211; 6 Stunden zur deutschen Zeit<\/li>\n<li class=\" mb-3 text-xs-varying md:text-m lg:text-l\">Philadelphia: &#8211; 6 Stunden zur deutschen Zeit<\/li>\n<li class=\" mb-3 text-xs-varying md:text-m lg:text-l\">San Francisco Bay Area: -9 Stunden zur deutschen Zeit<\/li>\n<li class=\" mb-3 text-xs-varying md:text-m lg:text-l\">Seattle: &#8211; 9 Stunden zur deutschen Zeit<\/li>\n<\/ul>\n<p>            Ansto\u00dfzeiten bei der Fu\u00dfball-WM 2026: Wann beginnen die Spiele nach deutscher Zeit?<\/p>\n<p class=\"mb-6 text-xs-varying md:text-m lg:text-l font-serif group-[.font-sans]:font-sans \">\n    Die Spiele der Fu\u00dfball-WM 2026 der M\u00e4nner laufen hierzulande durch die Zeitverschiebung in den Abendstunden, in der Nacht oder in den fr\u00fchen Morgenstunden. Konkret starten die Spiele zwischen 18 Uhr und 6 Uhr morgens. Die Halbfinalspiele werden so zum Beispiel um 21 Uhr \u00fcbertragen, das Spiel um Platz 3 um 23 Uhr und das Finale um 21 Uhr nach deutscher Zeit.\n  <\/p>\n<p class=\"mb-6 text-xs-varying md:text-m lg:text-l font-serif group-[.font-sans]:font-sans \">\n    Das sind die verschiedenen Ansto\u00dfzeiten in den einzelnen Turnierphasen nach deutscher Zeit im \u00dcberblick:\n  <\/p>\n<ul rel=\"\" class=\"[&amp;&gt;li]:relative list-none  [&amp;&gt;li]:pl-[1.2em] [&amp;&gt;li]:marker:text-[0] [&amp;&gt;li]:relative [&amp;&gt;li]:before:absolute [&amp;&gt;li]:before:w-3 [&amp;&gt;li]:before:h-3 [&amp;&gt;li]:before:bg-brand [&amp;&gt;li]:before:left-0 [&amp;&gt;li]:before:rounded-full [&amp;&gt;li]:before:top-[8px] md:[&amp;&gt;li]:before:top-[9px] lg:[&amp;&gt;li]:before:top-[11px]  my-5\">\n<li class=\" mb-3 text-xs-varying md:text-m lg:text-l\">Gruppenphase: Die Ansto\u00dfzeiten liegen zwischen 18 Uhr abends und 6 Uhr morgens (Deutschland spielt gegen Cura\u00e7ao ab 19 Uhr, gegen die Elfenbeink\u00fcste ab 22 Uhr und gegen Ecuador ab 22 Uhr)<\/li>\n<li class=\" mb-3 text-xs-varying md:text-m lg:text-l\">Sechzehntelfinale: 0, 1, 2, 3, 3.30, 5, 18, 19, 20, 21, 22, 22.30 und 23 Uhr<\/li>\n<li class=\" mb-3 text-xs-varying md:text-m lg:text-l\">Achtelfinale: 2, 18, 19, 21, 22 und 23 Uhr<\/li>\n<li class=\" mb-3 text-xs-varying md:text-m lg:text-l\">Viertelfinale: 3, 21, 22 und 23 Uhr<\/li>\n<li class=\" mb-3 text-xs-varying md:text-m lg:text-l\">Halbfinale: 21 Uhr<\/li>\n<li class=\" mb-3 text-xs-varying md:text-m lg:text-l\">Spiel um Platz 3: 23 Uhr<\/li>\n<li class=\" mb-3 text-xs-varying md:text-m lg:text-l\">Finale: 21 Uhr<\/li>\n<\/ul>\n<p class=\"mb-6 text-xs-varying md:text-m lg:text-l font-serif group-[.font-sans]:font-sans \">\n    Die konkreten Ansto\u00dfzeiten der einzelnen Partien nach deutscher Zeit k\u00f6nnen auf der <a href=\"https:\/\/www.fifa.com\/de\/tournaments\/mens\/worldcup\/canadamexicousa2026\/scores-fixtures?country=DE&amp;wtw-filter=ALL\" rel=\"nofollow noopener\" target=\"_blank\" class=\"underline \">offiziellen FIFA-Webseite<\/a> zur WM 2026 eingesehen werden.\n  <\/p>\n","protected":false},"excerpt":{"rendered":"2026 findet wieder eine Fu\u00dfball-Weltmeisterschaft statt, und der deutsche WM-Kader war dabei. Die Austragungsorte der WM 2026 liegen&hellip;\n","protected":false},"author":2,"featured_media":1052003,"comment_status":"","ping_status":"","sticky":false,"template":"","format":"standard","meta":{"footnotes":"","_share_on_mastodon":"0"},"categories":[2],"tags":[331,3924,332,3922,236331,7763,3364,29,19366,30,13,53,208,14,3923,15,3921,12,7116,64,230732,240313],"class_list":["post-1171485","post","type-post","status-publish","format-standard","has-post-thumbnail","category-deutschland","tag-aktuelle-nachrichten","tag-aktuelle-nachrichten-aus-deutschland","tag-aktuelle-news","tag-aktuelle-news-aus-deutschland","tag-anstosszeit","tag-austragungsort","tag-de","tag-deutschland","tag-fussball-wm","tag-germany","tag-headlines","tag-kanada","tag-mexiko","tag-nachrichten","tag-nachrichten-aus-deutschland","tag-news","tag-news-aus-deutschland","tag-schlagzeilen","tag-suedafrika","tag-usa","tag-zeitverschiebung","tag-zeitzone"],"share_on_mastodon":{"url":"https:\/\/pubeurope.com\/@de\/116930929461223902","error":""},"_links":{"self":[{"href":"https:\/\/www.europesays.com\/de\/wp-json\/wp\/v2\/posts\/1171485","targetHints":{"allow":["GET"]}}],"collection":[{"href":"https:\/\/www.europesays.com\/de\/wp-json\/wp\/v2\/posts"}],"about":[{"href":"https:\/\/www.europesays.com\/de\/wp-json\/wp\/v2\/types\/post"}],"author":[{"embeddable":true,"href":"https:\/\/www.europesays.com\/de\/wp-json\/wp\/v2\/users\/2"}],"replies":[{"embeddable":true,"href":"https:\/\/www.europesays.com\/de\/wp-json\/wp\/v2\/comments?post=1171485"}],"version-history":[{"count":0,"href":"https:\/\/www.europesays.com\/de\/wp-json\/wp\/v2\/posts\/1171485\/revisions"}],"wp:featuredmedia":[{"embeddable":true,"href":"https:\/\/www.europesays.com\/de\/wp-json\/wp\/v2\/media\/1052003"}],"wp:attachment":[{"href":"https:\/\/www.europesays.com\/de\/wp-json\/wp\/v2\/media?parent=1171485"}],"wp:term":[{"taxonomy":"category","embeddable":true,"href":"https:\/\/www.europesays.com\/de\/wp-json\/wp\/v2\/categories?post=1171485"},{"taxonomy":"post_tag","embeddable":true,"href":"https:\/\/www.europesays.com\/de\/wp-json\/wp\/v2\/tags?post=1171485"}],"curies":[{"name":"wp","href":"https:\/\/api.w.org\/{rel}","templated":true}]}}