{"id":1171556,"date":"2026-07-16T18:30:20","date_gmt":"2026-07-16T18:30:20","guid":{"rendered":"https:\/\/www.europesays.com\/de\/1171556\/"},"modified":"2026-07-16T18:30:20","modified_gmt":"2026-07-16T18:30:20","slug":"kunst-zwischen-raum-und-zeit-in-krefeld","status":"publish","type":"post","link":"https:\/\/www.europesays.com\/de\/1171556\/","title":{"rendered":"Kunst zwischen Raum und Zeit in Krefeld"},"content":{"rendered":"<p class=\"text_ohne_einzug richtext text-em-55 !leading-serif mx-6 desktop:mx-0\">Es ist ganz sch\u00f6n luftig geworden im zentralen gro\u00dfen Saal der Sammlungsetage des Kaiser-Wilhelm-Museums. Aber das muss nichts Schlechtes hei\u00dfen; denn Kunstwerke, auch wenn man sie in einen besonderen Sinnzusammenhang stellt, freuen sich \u00fcber genug \u201eLuft\u201c zum \u201eAtmen\u201c. Dennoch \u2013 diesmal wirkt der Saal besonders gro\u00dfz\u00fcgig best\u00fcckt. Aber das passiert nun mal, wenn man beispielsweise so kleinformatigen Arbeiten \u2013 gerade mal etwas mehr als 20 mal 10 cm \u2013 wie Paul Klees \u201eStadt emporwachsend, sich verd\u00fcsternd\u201c aus 1915 derart viel Raum \u00fcberl\u00e4sst. Aber zu den r\u00e4umlichen wie zeitlichen Dimensionen dieses neu best\u00fcckten Saals gleich mehr.<\/p>\n","protected":false},"excerpt":{"rendered":"Es ist ganz sch\u00f6n luftig geworden im zentralen gro\u00dfen Saal der Sammlungsetage des Kaiser-Wilhelm-Museums. Aber das muss nichts&hellip;\n","protected":false},"author":2,"featured_media":1171557,"comment_status":"","ping_status":"","sticky":false,"template":"","format":"standard","meta":{"footnotes":"","_share_on_mastodon":"0"},"categories":[1775],"tags":[13586,13052,1793,29,214,30,3479,2075,1794,16001,45658,14117,4818,7438,1678,23959,115099,9876,245420,245421,245422,14454,236762,245423,215],"class_list":["post-1171556","post","type-post","status-publish","format-standard","has-post-thumbnail","category-kunst-und-design","tag-sammlung","tag-art","tag-art-and-design","tag-deutschland","tag-entertainment","tag-germany","tag-krefeld","tag-kunst","tag-kunst-und-design","tag-kunstmuseen","tag-kunststiftung","tag-kunstwerk","tag-kunstwerke","tag-plakat","tag-raum","tag-raeume","tag-raeumen","tag-saal","tag-saals","tag-sammlungsetage","tag-sammlungspraesentation","tag-themen","tag-themenraum","tag-themenraeume","tag-unterhaltung"],"share_on_mastodon":{"url":"https:\/\/pubeurope.com\/@de\/116931082791041713","error":""},"_links":{"self":[{"href":"https:\/\/www.europesays.com\/de\/wp-json\/wp\/v2\/posts\/1171556","targetHints":{"allow":["GET"]}}],"collection":[{"href":"https:\/\/www.europesays.com\/de\/wp-json\/wp\/v2\/posts"}],"about":[{"href":"https:\/\/www.europesays.com\/de\/wp-json\/wp\/v2\/types\/post"}],"author":[{"embeddable":true,"href":"https:\/\/www.europesays.com\/de\/wp-json\/wp\/v2\/users\/2"}],"replies":[{"embeddable":true,"href":"https:\/\/www.europesays.com\/de\/wp-json\/wp\/v2\/comments?post=1171556"}],"version-history":[{"count":0,"href":"https:\/\/www.europesays.com\/de\/wp-json\/wp\/v2\/posts\/1171556\/revisions"}],"wp:featuredmedia":[{"embeddable":true,"href":"https:\/\/www.europesays.com\/de\/wp-json\/wp\/v2\/media\/1171557"}],"wp:attachment":[{"href":"https:\/\/www.europesays.com\/de\/wp-json\/wp\/v2\/media?parent=1171556"}],"wp:term":[{"taxonomy":"category","embeddable":true,"href":"https:\/\/www.europesays.com\/de\/wp-json\/wp\/v2\/categories?post=1171556"},{"taxonomy":"post_tag","embeddable":true,"href":"https:\/\/www.europesays.com\/de\/wp-json\/wp\/v2\/tags?post=1171556"}],"curies":[{"name":"wp","href":"https:\/\/api.w.org\/{rel}","templated":true}]}}