{"id":1171638,"date":"2026-07-16T19:23:25","date_gmt":"2026-07-16T19:23:25","guid":{"rendered":"https:\/\/www.europesays.com\/de\/1171638\/"},"modified":"2026-07-16T19:23:25","modified_gmt":"2026-07-16T19:23:25","slug":"duisburg-bauarbeiten-an-a59-bruecke-sorgen-fuer-einschraenkungen","status":"publish","type":"post","link":"https:\/\/www.europesays.com\/de\/1171638\/","title":{"rendered":"Duisburg: Bauarbeiten an A59-Br\u00fccke sorgen f\u00fcr Einschr\u00e4nkungen"},"content":{"rendered":"<p class=\"text_ohne_einzug richtext text-em-55 !leading-serif mx-6 desktop:mx-0\">  Die Autobahn GmbH sperrt auf der <a href=\"https:\/\/rp-online.de\/thema\/a59\/\" rel=\"nofollow noopener\" target=\"_blank\">A59<\/a> von Montag, 20. Juli, 5 Uhr, bis zum 12. August, 5 Uhr, die Anschlussstelle Duisburg-Meiderich in Fahrtrichtung <a href=\"https:\/\/rp-online.de\/thema\/dinslaken\/\" rel=\"nofollow noopener\" target=\"_blank\">Dinslaken<\/a>. Das teilte die Autobahn GmbH am Donnerstag mit. Die Anschlussstelle m\u00fcsse gesperrt werden, weil die Netze <a href=\"https:\/\/rp-online.de\/thema\/duisburg\/\" rel=\"nofollow noopener\" target=\"_blank\">Duisburg<\/a> im Bereich der B\u00fcrgermeister-P\u00fctz-Stra\u00dfe nahe der Anschlussstelle an unterirdischen Kabeln arbeiten.<\/p>\n<p class=\"richtext text-em-55 !leading-serif mx-6 desktop:mx-0\">Die Arbeiten seien notwendig f\u00fcr den Neubau des Berliner Br\u00fcckenzuges. Umleitungen f\u00fcr die gesperrte Anschlussstelle sind mit dem roten Punkt beschildert. Autos und Lkw m\u00fcssen also innerst\u00e4dtische Ausweichstrecken nutzen, bevor sie auf die A59 in n\u00f6rdliche Richtung fahren k\u00f6nnen \u2013 alle, die hier unterwegs sind, werden sich also in Meiderich erst einmal auf l\u00e4ngere Fahrtzeiten einstellen m\u00fcssen.<\/p>\n<p class=\"richtext text-em-55 !leading-serif mx-6 desktop:mx-0\">Mit dem Neubau der Berliner Br\u00fccke startet der erste Abschnitt des geplanten sechsstreifigen Ausbaus der A59 zwischen dem Autobahnkreuz Duisburg (A40\/A59) und der Anschlussstelle <a href=\"https:\/\/rp-online.de\/thema\/duisburg-marxloh\/\" rel=\"nofollow noopener\" target=\"_blank\">Duisburg-Marxloh<\/a>. Der Planfeststellungsbeschluss f\u00fcr den rund 6,7 Kilometer langen Gesamtabschnitt stehe noch aus, so die Autobahn GmbH.<\/p>\n<p class=\"richtext text-em-55 !leading-serif mx-6 desktop:mx-0\">Aufgrund der hohen Dringlichkeit hat das Fernstra\u00dfen-Bundesamt (FBA) jedoch im Mai 2025 bekanntlich eine vorl\u00e4ufige Anordnung erlassen. Sie erlaubt den fr\u00fchzeitigen Start der Arbeiten an der Berliner Br\u00fccke \u2013 beschr\u00e4nkt auf den Bereich zwischen dem Autobahnkreuz Duisburg und der Stadtparkbr\u00fccke. Die Br\u00fccke wird bereits vor dem geplanten sechsstreifigen Ausbau erneuert, da bei Bauwerkspr\u00fcfungen im Oktober 2024 zus\u00e4tzliche M\u00e4ngel an der Tragf\u00e4higkeit der bestehenden Br\u00fccke festgestellt wurden, insbesondere f\u00fcr schwere Lkw.<\/p>\n<p class=\"richtext text-em-55 !leading-serif mx-6 desktop:mx-0\">Der Br\u00fcckenzug Berliner Br\u00fccke besteht aus mehreren aufeinanderfolgenden Bauwerken mit einer Gesamtl\u00e4nge von rund zwei Kilometern. In der ersten Bauphase errichtet die Autobahn GmbH des Bundes westlich der aktuellen Br\u00fccke ein komplett neues Teilbauwerk, das sp\u00e4ter den Verkehr in Fahrtrichtung S\u00fcden aufnehmen wird. Dieses erste Teilbauwerk soll bis Herbst 2029 fertiggestellt sein.<\/p>\n<p class=\"richtext text-em-55 !leading-serif mx-6 desktop:mx-0\">Danach wird der Verkehr auf den Neubau umgelegt. Anschlie\u00dfend erfolgt der R\u00fcckbau des bestehenden \u00f6stlichen Br\u00fcckenzugs sowie der Bau des zweiten Teilbauwerks in Fahrtrichtung Norden. Umstritten ist, ob der weitere Ausbau im Norden in Trog- oder Tunnellage erfolgen soll. W\u00e4hrend die Stadt und die Anwohner lieber einen Tunnel h\u00e4tten, lehnt der Bund dies ab und verweist auf l\u00e4ngere Bauzeiten und h\u00f6here Kosten. Erfolgt die Planfeststellung wie bislang beabsichtigt, droht die Stadt mit einer Klage, um doch noch einen Ausbau in Tunnellage zu erm\u00f6glichen.<\/p>\n","protected":false},"excerpt":{"rendered":"Die Autobahn GmbH sperrt auf der A59 von Montag, 20. Juli, 5 Uhr, bis zum 12. August, 5&hellip;\n","protected":false},"author":2,"featured_media":1171639,"comment_status":"","ping_status":"","sticky":false,"template":"","format":"standard","meta":{"footnotes":"","_share_on_mastodon":"0"},"categories":[1838],"tags":[9913,4232,8684,5543,6243,18412,8436,600,32846,44538,211775,3364,29,3715,4234,30,5783,1209,14252,80355,161938],"class_list":["post-1171638","post","type-post","status-publish","format-standard","has-post-thumbnail","category-duisburg","tag-a59","tag-anschlussstelle","tag-ausbau","tag-autobahn","tag-autobahnkreuz","tag-bereich","tag-berliner","tag-bruecke","tag-brueckenzug","tag-brueckenzuges","tag-brueckenzugs","tag-de","tag-deutschland","tag-duisburg","tag-fahrtrichtung","tag-germany","tag-gesperrt","tag-nordrhein-westfalen","tag-richtung","tag-sperrt","tag-stadtparkbruecke"],"share_on_mastodon":{"url":"https:\/\/pubeurope.com\/@de\/116931291137325077","error":""},"_links":{"self":[{"href":"https:\/\/www.europesays.com\/de\/wp-json\/wp\/v2\/posts\/1171638","targetHints":{"allow":["GET"]}}],"collection":[{"href":"https:\/\/www.europesays.com\/de\/wp-json\/wp\/v2\/posts"}],"about":[{"href":"https:\/\/www.europesays.com\/de\/wp-json\/wp\/v2\/types\/post"}],"author":[{"embeddable":true,"href":"https:\/\/www.europesays.com\/de\/wp-json\/wp\/v2\/users\/2"}],"replies":[{"embeddable":true,"href":"https:\/\/www.europesays.com\/de\/wp-json\/wp\/v2\/comments?post=1171638"}],"version-history":[{"count":0,"href":"https:\/\/www.europesays.com\/de\/wp-json\/wp\/v2\/posts\/1171638\/revisions"}],"wp:featuredmedia":[{"embeddable":true,"href":"https:\/\/www.europesays.com\/de\/wp-json\/wp\/v2\/media\/1171639"}],"wp:attachment":[{"href":"https:\/\/www.europesays.com\/de\/wp-json\/wp\/v2\/media?parent=1171638"}],"wp:term":[{"taxonomy":"category","embeddable":true,"href":"https:\/\/www.europesays.com\/de\/wp-json\/wp\/v2\/categories?post=1171638"},{"taxonomy":"post_tag","embeddable":true,"href":"https:\/\/www.europesays.com\/de\/wp-json\/wp\/v2\/tags?post=1171638"}],"curies":[{"name":"wp","href":"https:\/\/api.w.org\/{rel}","templated":true}]}}