{"id":117184,"date":"2025-05-17T07:38:09","date_gmt":"2025-05-17T07:38:09","guid":{"rendered":"https:\/\/www.europesays.com\/de\/117184\/"},"modified":"2025-05-17T07:38:09","modified_gmt":"2025-05-17T07:38:09","slug":"ich-bin-lifestyle-redakteurin-und-diese-5-buecher-stehen-auf-meiner-sommer-leseliste-2025","status":"publish","type":"post","link":"https:\/\/www.europesays.com\/de\/117184\/","title":{"rendered":"Ich bin Lifestyle-Redakteurin und diese 5 B\u00fccher stehen auf meiner Sommer-Leseliste 2025"},"content":{"rendered":"<p class=\"sc-3e45977b-0 jaFLDK paragraph-splittext-entityType_not_set ab-splittext-entityType_not_set\">Es gibt B\u00fccher, die Sommer nicht nur als Kulisse nutzen, sondern ihn zum Mittelpunkt machen. <strong>\u201eWir, wir, wir\u201c von Dizzy Tate<\/strong> ist so ein Buch. In einem br\u00fctend hei\u00dfen Ort irgendwo in <strong>Florida<\/strong> \u2013 zwischen ausged\u00f6rrter Vegetation, Chlorgeruch und Freizeitpark-Tristesse \u2013 verliert sich eine <strong>Gruppe 13-j\u00e4hriger M\u00e4dchen<\/strong> in der Faszination f\u00fcr Sammy, ein paar Jahre \u00e4lter, begehrenswert, unnahbar. Sammy ist alles, was sie selbst noch nicht sind \u2013 und wird zum Zentrum ihrer <strong>kollektiven Besessenheit<\/strong>. Tate erz\u00e4hlt diese Geschichte mit einer Mischung aus Sch\u00e4rfe und Sensibilit\u00e4t: wie sich aus kindlicher Bewunderung Abh\u00e4ngigkeit entwickelt, wie Gruppendynamik gef\u00e4hrlich werden kann, und was \u00fcbrigbleibt, wenn das Wir auseinanderbricht. Als Sammy pl\u00f6tzlich <strong>verschwindet<\/strong>, zeigt sich, wie schmerzhaft das Ende einer gemeinsamen Welt sein kann.<\/p>\n","protected":false},"excerpt":{"rendered":"Es gibt B\u00fccher, die Sommer nicht nur als Kulisse nutzen, sondern ihn zum Mittelpunkt machen. \u201eWir, wir, wir\u201c&hellip;\n","protected":false},"author":2,"featured_media":117185,"comment_status":"","ping_status":"","sticky":false,"template":"","format":"standard","meta":{"footnotes":""},"categories":[1774],"tags":[1784,1785,29,214,30,80,5013,215],"class_list":{"0":"post-117184","1":"post","2":"type-post","3":"status-publish","4":"format-standard","5":"has-post-thumbnail","7":"category-buecher","8":"tag-books","9":"tag-buecher","10":"tag-deutschland","11":"tag-entertainment","12":"tag-germany","13":"tag-kultur","14":"tag-lifestyle","15":"tag-unterhaltung"},"share_on_mastodon":{"url":"https:\/\/pubeurope.com\/@de\/114522036811973971","error":""},"_links":{"self":[{"href":"https:\/\/www.europesays.com\/de\/wp-json\/wp\/v2\/posts\/117184","targetHints":{"allow":["GET"]}}],"collection":[{"href":"https:\/\/www.europesays.com\/de\/wp-json\/wp\/v2\/posts"}],"about":[{"href":"https:\/\/www.europesays.com\/de\/wp-json\/wp\/v2\/types\/post"}],"author":[{"embeddable":true,"href":"https:\/\/www.europesays.com\/de\/wp-json\/wp\/v2\/users\/2"}],"replies":[{"embeddable":true,"href":"https:\/\/www.europesays.com\/de\/wp-json\/wp\/v2\/comments?post=117184"}],"version-history":[{"count":0,"href":"https:\/\/www.europesays.com\/de\/wp-json\/wp\/v2\/posts\/117184\/revisions"}],"wp:featuredmedia":[{"embeddable":true,"href":"https:\/\/www.europesays.com\/de\/wp-json\/wp\/v2\/media\/117185"}],"wp:attachment":[{"href":"https:\/\/www.europesays.com\/de\/wp-json\/wp\/v2\/media?parent=117184"}],"wp:term":[{"taxonomy":"category","embeddable":true,"href":"https:\/\/www.europesays.com\/de\/wp-json\/wp\/v2\/categories?post=117184"},{"taxonomy":"post_tag","embeddable":true,"href":"https:\/\/www.europesays.com\/de\/wp-json\/wp\/v2\/tags?post=117184"}],"curies":[{"name":"wp","href":"https:\/\/api.w.org\/{rel}","templated":true}]}}