{"id":1171997,"date":"2026-07-16T22:55:15","date_gmt":"2026-07-16T22:55:15","guid":{"rendered":"https:\/\/www.europesays.com\/de\/1171997\/"},"modified":"2026-07-16T22:55:15","modified_gmt":"2026-07-16T22:55:15","slug":"dschungel-star-joerg-dahlmann-nach-krebs-op-aerzte-finden-herzerkrankung-unterhaltung","status":"publish","type":"post","link":"https:\/\/www.europesays.com\/de\/1171997\/","title":{"rendered":"Dschungel-Star J\u00f6rg Dahlmann: Nach Krebs-OP! \u00c4rzte finden Herzerkrankung | Unterhaltung"},"content":{"rendered":"<p><b>Viermal Krebs, zwei schwere Operationen \u2013 und pl\u00f6tzlich steht J\u00f6rg Dahlmann (67) vor dem n\u00e4chsten Schock! In der Mainzer Uni-Klinik entfernten \u00c4rzte den Tumor aus seiner Leber, doch bei den Untersuchungen machten sie eine weitere Entdeckung am Herzen. <\/b><\/p>\n<p><b>Der Dschungelcamp-Star spricht in BILD \u00fcber seine Tage in der Klinik, den ungew\u00f6hnlichen Heilungsverlauf \u2013 und die Auff\u00e4lligkeit am Herzen, die \u00c4rzte bei ihm entdeckten. Welche Behandlung ihm jetzt au\u00dferdem noch bevorsteht, lesen Sie exklusiv mit BILDplus.<\/b><\/p>\n","protected":false},"excerpt":{"rendered":"Viermal Krebs, zwei schwere Operationen \u2013 und pl\u00f6tzlich steht J\u00f6rg Dahlmann (67) vor dem n\u00e4chsten Schock! In der&hellip;\n","protected":false},"author":2,"featured_media":1171998,"comment_status":"","ping_status":"","sticky":false,"template":"","format":"standard","meta":{"footnotes":"","_share_on_mastodon":"0"},"categories":[155],"tags":[245493,29,933,214,30,152,1080,48013,934,215],"class_list":["post-1171997","post","type-post","status-publish","format-standard","has-post-thumbnail","category-unterhaltung","tag-dahlmann-joerg","tag-deutschland","tag-dschungelcamp","tag-entertainment","tag-germany","tag-instagram","tag-krebs","tag-leber","tag-operationen","tag-unterhaltung"],"share_on_mastodon":{"url":"","error":""},"_links":{"self":[{"href":"https:\/\/www.europesays.com\/de\/wp-json\/wp\/v2\/posts\/1171997","targetHints":{"allow":["GET"]}}],"collection":[{"href":"https:\/\/www.europesays.com\/de\/wp-json\/wp\/v2\/posts"}],"about":[{"href":"https:\/\/www.europesays.com\/de\/wp-json\/wp\/v2\/types\/post"}],"author":[{"embeddable":true,"href":"https:\/\/www.europesays.com\/de\/wp-json\/wp\/v2\/users\/2"}],"replies":[{"embeddable":true,"href":"https:\/\/www.europesays.com\/de\/wp-json\/wp\/v2\/comments?post=1171997"}],"version-history":[{"count":0,"href":"https:\/\/www.europesays.com\/de\/wp-json\/wp\/v2\/posts\/1171997\/revisions"}],"wp:featuredmedia":[{"embeddable":true,"href":"https:\/\/www.europesays.com\/de\/wp-json\/wp\/v2\/media\/1171998"}],"wp:attachment":[{"href":"https:\/\/www.europesays.com\/de\/wp-json\/wp\/v2\/media?parent=1171997"}],"wp:term":[{"taxonomy":"category","embeddable":true,"href":"https:\/\/www.europesays.com\/de\/wp-json\/wp\/v2\/categories?post=1171997"},{"taxonomy":"post_tag","embeddable":true,"href":"https:\/\/www.europesays.com\/de\/wp-json\/wp\/v2\/tags?post=1171997"}],"curies":[{"name":"wp","href":"https:\/\/api.w.org\/{rel}","templated":true}]}}