{"id":1172075,"date":"2026-07-16T23:40:15","date_gmt":"2026-07-16T23:40:15","guid":{"rendered":"https:\/\/www.europesays.com\/de\/1172075\/"},"modified":"2026-07-16T23:40:15","modified_gmt":"2026-07-16T23:40:15","slug":"wetter-hannover-aktuell-dwd-warnt-vor-gewitter-mit-sturmboeen-und-hagel","status":"publish","type":"post","link":"https:\/\/www.europesays.com\/de\/1172075\/","title":{"rendered":"Wetter Hannover aktuell: DWD warnt vor Gewitter mit Sturmb\u00f6en und Hagel"},"content":{"rendered":"<p>Windst\u00e4rke 8 bis 9 <\/p>\n<p>Beh\u00f6rde warnt vor Lebensgefahr: Gewitter mit Windb\u00f6en und Hagel<\/p>\n<p>17.07.2026 &#8211; 01:35 UhrLesedauer: 2 Min.<\/p>\n<p><a href=\"#focus-0\" class=\"transition-colors block text-current relative\" data-sctrack=\"FocusGalleryImage.Reference\"><img fetchpriority=\"high\" data-testid=\"Opener.Image\"   loading=\"eager\" src=\"https:\/\/www.europesays.com\/de\/wp-content\/uploads\/2026\/07\/ein-blitz-schlaegt-am-morgen-ein-als-eine-gewitterfront-ueber-die-region-hannover-und-den-landkreis-.jpeg\" alt=\"Unwetter in Niedersachsen\" title=\"Unwetter in Niedersachsen\" width=\"2048\" height=\"1152\" class=\"bg-[url:var(--lqipURL)] bg-cover bg-center flex h-full w-full max-w-full\" style=\"--lqipURL:url('https:\/\/images.t-online.de\/2026\/07\/LE6GvIbvkBbI\/0x23:2048x1152\/fit-in\/150x0\/filters:blur(25)\/ein-blitz-schlaegt-am-morgen-ein-als-eine-gewitterfront-ueber-die-region-hannover-und-den-landkreis-hildesheim-hinwegzieht-zu-dpa-so-ein-chaos-hagel-und-starkregen-in-niedersachsen.jpg')\" decoding=\"async\"\/><img loading=\"lazy\" src=\"https:\/\/hannover.t-online.de\/s\/paper\/_next\/static\/media\/zoom-in.f7dae02f.svg\" alt=\"Vergr\u00f6\u00dfern des Bildes\" title=\"Vergr\u00f6\u00dfern des Bildes\" class=\"block h-[calc(var(--height)_\/_16_*_1rem)] w-[calc(var(--width)_\/_16_*_1rem)] max-w-none absolute right-8 bottom-8 rounded-4 bg-snow p-8\" style=\"--width:32;--height:32\" decoding=\"async\"\/><\/a><\/p>\n<p>Ein Blitz \u00fcber der Region Hannover (Archivbild): Der DWD hat in der Nacht eine Warnung herausgegeben. (Quelle: Julian Stratenschulte\/dpa\/dpa-bilder)<\/p>\n<p><img loading=\"lazy\" src=\"https:\/\/hannover.t-online.de\/s\/paper\/_next\/static\/media\/audio-volume.6689034c.svg\" alt=\"\" title=\"\" class=\"block h-[calc(var(--height)_\/_16_*_1rem)] w-[calc(var(--width)_\/_16_*_1rem)] max-w-none group-hover:brightness-0 group-hover:invert\" style=\"--width:16;--height:16\" decoding=\"async\"\/>Vorlesen<\/p>\n<p>Aktuelle Zeit:0:00Gesamtdauer:0:00<\/p>\n<p>1x<\/p>\n<p class=\"text-center\">Jetzt neu bei t-online:<\/p>\n<p class=\"text-center\">Schriftgr\u00f6\u00dfe anpassen!<\/p>\n<p><img loading=\"lazy\" src=\"https:\/\/hannover.t-online.de\/s\/paper\/_next\/static\/media\/font-sizes.32942e33.svg\" alt=\"\" title=\"\" class=\"block h-[calc(var(--height)_\/_16_*_1rem)] w-[calc(var(--width)_\/_16_*_1rem)] max-w-none group-hover:hidden group-aria-expanded:hidden\" style=\"--width:16;--height:16\" decoding=\"async\"\/><img loading=\"lazy\" src=\"https:\/\/hannover.t-online.de\/s\/paper\/_next\/static\/media\/font-sizes-dark-mode.e382645c.svg\" alt=\"\" title=\"\" class=\"block h-[calc(var(--height)_\/_16_*_1rem)] w-[calc(var(--width)_\/_16_*_1rem)] max-w-none hidden group-hover:block group-aria-expanded:block\" style=\"--width:16;--height:16\" decoding=\"async\"\/><img loading=\"lazy\" src=\"https:\/\/hannover.t-online.de\/s\/paper\/_next\/static\/media\/sharing-menu-icon.1eb71368.svg\" alt=\"\" title=\"\" class=\"block h-[calc(var(--height)_\/_16_*_1rem)] w-[calc(var(--width)_\/_16_*_1rem)] max-w-none group-hover:brightness-0 group-hover:invert\" style=\"--width:16;--height:16\" decoding=\"async\"\/>Artikel teilen<\/p>\n<p class=\"font-bold text-18 leading-17 user-text-lg:text-22 user-text-xl:text-24\">Amtliche Warnung f\u00fcr Hannover: Der DWD meldet Gewitter mit Windb\u00f6en bis 60 km\/h. Doch f\u00fcr Freitag droht etwas, das noch weit gef\u00e4hrlicher werden k\u00f6nnte.<\/p>\n<p class=\"text-18 leading-17 user-text-lg:text-22 user-text-xl:text-24\">Ungem\u00fctlicher Start ins Wochenende in Hannover: Der Deutsche Wetterdienst (DWD) hat in der Nacht zum Freitag, 17. Juli, eine amtliche Warnung vor Gewitter herausgegeben. Sie gilt noch bis 2 Uhr.<\/p>\n<p class=\"text-18 leading-17 user-text-lg:text-22 user-text-xl:text-24\">Demnach ziehen von S\u00fcdwesten her Gewitter auf, dabei treten Windb\u00f6en mit Geschwindigkeiten bis zu 60 km\/h (Windst\u00e4rke 7) auf. Der DWD weist auf m\u00f6gliche Gefahren durch Blitzschlag hin, der Lebensgefahr bedeuten kann, sowie durch umherfliegende leichte Gegenst\u00e4nde. Als Handlungsempfehlungen nennt der Wetterdienst, den Aufenthalt im Freien zu vermeiden oder Schutz zu suchen, etwa in Geb\u00e4uden, Gew\u00e4sser zu meiden und lose Gegenst\u00e4nde wie Zelte und Abdeckungen zu sichern.<\/p>\n<p>Freitag bringt das Wetter in Hannover m\u00f6gliche Unwetter<\/p>\n<p class=\"text-18 leading-17 user-text-lg:text-22 user-text-xl:text-24\">Hintergrund der unbest\u00e4ndigen Lage ist laut DWD sehr warme bis hei\u00dfe Luft, die am Rande eines umfangreichen Hochs \u00fcber Nordwesteuropa nach Norddeutschland gelangt. Zunehmender Tiefdruckeinfluss beg\u00fcnstigt demnach Schauer und Gewitter.<\/p>\n<p class=\"text-18 leading-17 user-text-lg:text-22 user-text-xl:text-24\">F\u00fcr die Nacht zum Freitag rechnet der DWD zun\u00e4chst mit vor\u00fcbergehend nachlassender Gewitteraktivit\u00e4t. In der zweiten Nachth\u00e4lfte sollen jedoch erneut Schauer oder Gewitter aufleben, mit Starkregen zwischen 15 und 25 Litern pro Quadratmeter in einer Stunde, Sturmb\u00f6en zwischen 65 und 85 km\/h (Windst\u00e4rke 8 bis 9) sowie Hagel. Der Schwerpunkt liegt dabei im Nordseeumfeld und im S\u00fcden Niedersachsens.<\/p>\n<p>Empfohlener externer InhaltYoutube<\/p>\n<p class=\"text-14 leading-15\">Wir ben\u00f6tigen Ihre Einwilligung, um den von unserer Redaktion eingebundenen Youtube-Inhalt anzuzeigen. Sie k\u00f6nnen diesen (und damit auch alle weiteren Youtube-Inhalte auf t-online.de) mit einem Klick anzeigen lassen und auch wieder deaktivieren.<\/p>\n<p>Youtube-Inhalte immer anzeigen<\/p>\n<p>Ich bin damit einverstanden, dass mir externe Inhalte angezeigt werden. Damit k\u00f6nnen personenbezogene Daten an Drittplattformen \u00fcbermittelt werden. <a href=\"https:\/\/www.t-online.de\/datenschutz\/id_88397036\/index#17-externe-inhalte\" target=\"_blank\" class=\"transition-colors text-magenta\" rel=\"nofollow noopener\">Mehr dazu in unseren Datenschutzhinweisen<\/a>.<\/p>\n<p class=\"text-18 leading-17 user-text-lg:text-22 user-text-xl:text-24\"><a href=\"https:\/\/hannover.t-online.de\/region\/hannover\/id_101345382\/wetter-hannover-heute-schwere-unwetter-angekuendigt-aktuelle-prognose.html\" class=\"transition-colors cursor-pointer no-underline md:hover:text-magenta md:focus:text-magenta border-b border-solid border-current text-salemsfur md:hover:border-magenta\" data-tracking=\"{&quot;action&quot;:&quot;click&quot;,&quot;category&quot;:&quot;intextLink&quot;,&quot;label&quot;:&quot;\/region\/hannover\/id_101345382\/wetter-hannover-heute-schwere-unwetter-angekuendigt-aktuelle-prognose.html&quot;}\" data-sctrack=\"BodyAnchor\" rel=\"nofollow noopener\" target=\"_blank\">Im Tagesverlauf des Freitags erwartet der Wetterdienst vermehrt kr\u00e4ftige Gewitter, teils mit erh\u00f6htem Unwetterpotenzial<\/a>. M\u00f6glich sind demnach heftiger Starkregen mit Mengen bis 40 Liter pro Quadratmeter binnen kurzer Zeit, (schwere) Sturmb\u00f6en zwischen 80 und 100 km\/h (Windst\u00e4rke 9 bis 10) sowie Hagel. Der Schwerpunkt f\u00fcr kr\u00e4ftige Entwicklungen wird voraussichtlich in der Osth\u00e4lfte erwartet. In der Nacht zum Samstag soll sich die Lage unter weiterer Ostverlagerung abschw\u00e4chen.<\/p>\n<p>\u00dcber das Wochenende k\u00fchlt das Wetter in Hannover ab<\/p>\n<p class=\"text-18 leading-17 user-text-lg:text-22 user-text-xl:text-24\">F\u00fcr Hannover selbst werden am Freitag H\u00f6chstwerte von schw\u00fclen 25 bis 28 Grad im Binnenland vorhergesagt, an der See um 22 Grad. Nach Angaben von wetter.com erreicht die Temperatur in der Stadt bis zu 30 Grad, gef\u00fchlt 33 Grad.<\/p>\n<p class=\"text-18 leading-17 user-text-lg:text-22 user-text-xl:text-24\">Ab Samstag k\u00fcndigt der DWD eine Abk\u00fchlung an. Dann wird es wechselnd bis stark bew\u00f6lkt, meist trocken und deutlich k\u00fchler mit H\u00f6chsttemperaturen von 19 bis 23 Grad. An der K\u00fcste frischt der Wind auf, mit m\u00e4\u00dfigem bis starkem Nordwest- bis Westwind und st\u00fcrmischen B\u00f6en.<\/p>\n","protected":false},"excerpt":{"rendered":"Windst\u00e4rke 8 bis 9 Beh\u00f6rde warnt vor Lebensgefahr: Gewitter mit Windb\u00f6en und Hagel 17.07.2026 &#8211; 01:35 UhrLesedauer: 2&hellip;\n","protected":false},"author":2,"featured_media":1172076,"comment_status":"","ping_status":"","sticky":false,"template":"","format":"standard","meta":{"footnotes":"","_share_on_mastodon":"0"},"categories":[1836],"tags":[722,3176,3364,950,29,4906,30,19634,46,5517,1411,440,214076,4028,32440,34823],"class_list":["post-1172075","post","type-post","status-publish","format-standard","has-post-thumbnail","category-hannover","tag-722","tag-3176","tag-de","tag-deutscher-wetterdienst","tag-deutschland","tag-dwd","tag-germany","tag-gewitter","tag-hannover","tag-lebensgefahr","tag-niedersachsen","tag-norddeutschland","tag-nordwesteuropa","tag-unwetter","tag-windboee","tag-windstaerke"],"share_on_mastodon":{"url":"https:\/\/pubeurope.com\/@de\/116932303538454915","error":""},"_links":{"self":[{"href":"https:\/\/www.europesays.com\/de\/wp-json\/wp\/v2\/posts\/1172075","targetHints":{"allow":["GET"]}}],"collection":[{"href":"https:\/\/www.europesays.com\/de\/wp-json\/wp\/v2\/posts"}],"about":[{"href":"https:\/\/www.europesays.com\/de\/wp-json\/wp\/v2\/types\/post"}],"author":[{"embeddable":true,"href":"https:\/\/www.europesays.com\/de\/wp-json\/wp\/v2\/users\/2"}],"replies":[{"embeddable":true,"href":"https:\/\/www.europesays.com\/de\/wp-json\/wp\/v2\/comments?post=1172075"}],"version-history":[{"count":0,"href":"https:\/\/www.europesays.com\/de\/wp-json\/wp\/v2\/posts\/1172075\/revisions"}],"wp:featuredmedia":[{"embeddable":true,"href":"https:\/\/www.europesays.com\/de\/wp-json\/wp\/v2\/media\/1172076"}],"wp:attachment":[{"href":"https:\/\/www.europesays.com\/de\/wp-json\/wp\/v2\/media?parent=1172075"}],"wp:term":[{"taxonomy":"category","embeddable":true,"href":"https:\/\/www.europesays.com\/de\/wp-json\/wp\/v2\/categories?post=1172075"},{"taxonomy":"post_tag","embeddable":true,"href":"https:\/\/www.europesays.com\/de\/wp-json\/wp\/v2\/tags?post=1172075"}],"curies":[{"name":"wp","href":"https:\/\/api.w.org\/{rel}","templated":true}]}}