{"id":1172097,"date":"2026-07-16T23:53:39","date_gmt":"2026-07-16T23:53:39","guid":{"rendered":"https:\/\/www.europesays.com\/de\/1172097\/"},"modified":"2026-07-16T23:53:39","modified_gmt":"2026-07-16T23:53:39","slug":"rolf-graser-praegt-stuttgarts-kulturelle-vielfalt","status":"publish","type":"post","link":"https:\/\/www.europesays.com\/de\/1172097\/","title":{"rendered":"Rolf Graser pr\u00e4gt Stuttgarts kulturelle Vielfalt"},"content":{"rendered":"<p>    Staatsanzeiger: Herr Graser, gerade l\u00e4uft das Sommerfestival der Kulturen. Was macht es f\u00fcr Sie aus?<br \/>\nRolf Graser: Es ist jedes Jahr aufs Neue sch\u00f6n, zu sehen, wie viele Menschen kommen und das Programm genie\u00dfen. Es ist ein Festival der Begegnung und des Austausches, in dessen Mittelpunkt die vielen Migrantenvereine dieser Stadt stehen; 70 Vereine sind diesmal mit dabei. Es ist ein B\u00fcrgerfest \u2013 unabh\u00e4ngig von Geldbeutel, Alter oder Herkunft. Und nat\u00fcrlich freue ich mich jedes Mal sehr au&#8230;<br \/>\n        <strong>Sie haben noch kein Abo? <\/strong><br \/>\n<strong><a href=\"https:\/\/abo.staatsanzeiger.de\/webabo-landingpage-neukunden\/\" target=\"_blank\" rel=\"nofollow noopener\">Jetzt Web-Abo anmelden<\/a><\/strong> f\u00fcr 9,90 Euro im Monat<br \/>\nund den Artikel sofort lesen.<\/p>\n<p><strong>Sie lesen den Staatsanzeiger gedruckt, sind aber nicht mit E-Mail registriert?<\/strong> Dann kontaktieren Sie uns unter: Tel. (0711) 666 01 44, E-Mail: kundenservice@staatsanzeiger.de oder informieren Sie <a href=\"https:\/\/abo.staatsanzeiger.de\/webabo-landingpage-bestandskunden\/\" target=\"_blank\" rel=\"nofollow noopener\">sich hier \u00fcber die M\u00f6glichkeiten<\/a>.<\/p>\n<p>\n                <a class=\"button\" subscription-login-needed=\"\" data-post_id=\"82663\" href=\"https:\/\/abo.staatsanzeiger.de\/webabo-landingpage-neukunden\/\" rel=\"nofollow noopener\" target=\"_blank\">Zum Aboshop<\/a><\/p>\n<p class=\"paid-content-disclaimer__login-cta\">Sie sind bereits Abonnent? <a href=\"https:\/\/www.staatsanzeiger.de\/login\/?redirect=https%3A%2F%2Fwww.staatsanzeiger.de%2Fnachrichten%2Fkultur%2Fbrueckenbauer-fuer-kulturelle-vielfalt%2F\" rel=\"nofollow noopener\" target=\"_blank\">Hier einloggen<\/a><\/p>\n","protected":false},"excerpt":{"rendered":"Staatsanzeiger: Herr Graser, gerade l\u00e4uft das Sommerfestival der Kulturen. Was macht es f\u00fcr Sie aus? Rolf Graser: Es&hellip;\n","protected":false},"author":2,"featured_media":1172098,"comment_status":"","ping_status":"","sticky":false,"template":"","format":"standard","meta":{"footnotes":"","_share_on_mastodon":"0"},"categories":[1830],"tags":[1634,3364,29,81649,30,245516,2134,7224,6598,171970,1441],"class_list":["post-1172097","post","type-post","status-publish","format-standard","has-post-thumbnail","category-stuttgart","tag-baden-wuerttemberg","tag-de","tag-deutschland","tag-forum-der-kulturen","tag-germany","tag-interkulturelle-kulturarbeit","tag-interview","tag-migranten","tag-personalien","tag-rolf-graser","tag-stuttgart"],"share_on_mastodon":{"url":"https:\/\/pubeurope.com\/@de\/116932352600925463","error":""},"_links":{"self":[{"href":"https:\/\/www.europesays.com\/de\/wp-json\/wp\/v2\/posts\/1172097","targetHints":{"allow":["GET"]}}],"collection":[{"href":"https:\/\/www.europesays.com\/de\/wp-json\/wp\/v2\/posts"}],"about":[{"href":"https:\/\/www.europesays.com\/de\/wp-json\/wp\/v2\/types\/post"}],"author":[{"embeddable":true,"href":"https:\/\/www.europesays.com\/de\/wp-json\/wp\/v2\/users\/2"}],"replies":[{"embeddable":true,"href":"https:\/\/www.europesays.com\/de\/wp-json\/wp\/v2\/comments?post=1172097"}],"version-history":[{"count":0,"href":"https:\/\/www.europesays.com\/de\/wp-json\/wp\/v2\/posts\/1172097\/revisions"}],"wp:featuredmedia":[{"embeddable":true,"href":"https:\/\/www.europesays.com\/de\/wp-json\/wp\/v2\/media\/1172098"}],"wp:attachment":[{"href":"https:\/\/www.europesays.com\/de\/wp-json\/wp\/v2\/media?parent=1172097"}],"wp:term":[{"taxonomy":"category","embeddable":true,"href":"https:\/\/www.europesays.com\/de\/wp-json\/wp\/v2\/categories?post=1172097"},{"taxonomy":"post_tag","embeddable":true,"href":"https:\/\/www.europesays.com\/de\/wp-json\/wp\/v2\/tags?post=1172097"}],"curies":[{"name":"wp","href":"https:\/\/api.w.org\/{rel}","templated":true}]}}