{"id":1172535,"date":"2026-07-17T04:22:18","date_gmt":"2026-07-17T04:22:18","guid":{"rendered":"https:\/\/www.europesays.com\/de\/1172535\/"},"modified":"2026-07-17T04:22:18","modified_gmt":"2026-07-17T04:22:18","slug":"90-jaehriger-aus-pflegeheim-in-muenchen-verschwunden","status":"publish","type":"post","link":"https:\/\/www.europesays.com\/de\/1172535\/","title":{"rendered":"90-J\u00e4hriger aus Pflegeheim in M\u00fcnchen verschwunden"},"content":{"rendered":"<p class=\"mb-6 text-xs-varying md:text-m lg:text-l font-serif group-[.font-sans]:font-sans \">\n    Seit Donnerstag (16. Juli 2026) sucht die Polizei in <a href=\"https:\/\/www.augsburger-allgemeine.de\/orte\/aa-muenchen\" target=\"_self\" class=\"underline \" rel=\"nofollow noopener\">M\u00fcnchen<\/a> nach dem 90-j\u00e4hrigen Hans Dieter Klein. Der vermisste Mann sei stark dement und orientierungslos. Seit Donnerstag, 15 Uhr, sei er aus seinem Pflegeheim in M\u00fcnchen-Hasenbergl verschwunden.\n  <\/p>\n<p class=\"mb-6 text-xs-varying md:text-m lg:text-l font-serif group-[.font-sans]:font-sans \">\n    Die Polizei leitete zwar eine sofortige Fahndung ein, diese blieb bislang jedoch erfolglos. Laut den Beamten ist es nicht das erste Mal, dass der Mann als vermisst gemeldet wird. Bei fr\u00fcheren F\u00e4llen zog es ihn demnach stets zu seiner fr\u00fcheren Wohnadresse in Feldmoching.\n  <\/p>\n<p>            Polizei sucht in M\u00fcnchen nach 90-J\u00e4hrigem: So wird er beschrieben<\/p>\n<p class=\"mb-6 text-xs-varying md:text-m lg:text-l font-serif group-[.font-sans]:font-sans \">\n    Nun hofft die Polizei auf Hinweise aus der Bev\u00f6lkerung. Wer den 90-J\u00e4hrigen gesehen hat oder sonst Ausk\u00fcnfte \u00fcber seinen Aufenthaltsort geben kann, wird gebeten, sich beim zust\u00e4ndigen Kommissariat 14 unter der Telefonnummer 089\/2910-0 oder jeder anderen Dienststelle der Polizei zu melden. So wird er beschrieben:\n  <\/p>\n<p>    <img decoding=\"async\" src=\"https:\/\/www.europesays.com\/de\/wp-content\/uploads\/2026\/07\/fittosize120003a69de4ddd0e3519064df992f4a1a110vermissungklein.jpg\" alt=\"Der 90-j\u00e4hrige Hans Dieter Klein wird derzeit vermisst. Die Polizei leitete bereits umfangreiche Suchma\u00dfnahmen ein.\" title=\"Der 90-j\u00e4hrige Hans Dieter Klein wird derzeit vermisst. Die Polizei leitete bereits umfangreiche Suchma\u00dfnahmen ein.\" loading=\"lazy\" class=\"h-full w-full object-cover\"\/><\/p>\n<p>      Icon vergr\u00f6\u00dfern<\/p>\n<p>    Der 90-j\u00e4hrige Hans Dieter Klein wird derzeit vermisst. Die Polizei leitete bereits umfangreiche Suchma\u00dfnahmen ein.<br \/>\n    Foto: Polizeipr\u00e4sidium M\u00fcnchen<\/p>\n<p>        Schlie\u00dfen <\/p>\n<p>      Icon Schlie\u00dfen<\/p>\n<p>        Icon vergr\u00f6\u00dfern<\/p>\n<p>        Icon verkleinern<\/p>\n<p>      Icon Pfeil bewegen<\/p>\n<p>    Der 90-j\u00e4hrige Hans Dieter Klein wird derzeit vermisst. Die Polizei leitete bereits umfangreiche Suchma\u00dfnahmen ein.<br \/>\n    Foto: Polizeipr\u00e4sidium M\u00fcnchen<\/p>\n<ul rel=\"\" class=\"[&amp;&gt;li]:relative list-none  [&amp;&gt;li]:pl-[1.2em] [&amp;&gt;li]:marker:text-[0] [&amp;&gt;li]:relative [&amp;&gt;li]:before:absolute [&amp;&gt;li]:before:w-3 [&amp;&gt;li]:before:h-3 [&amp;&gt;li]:before:bg-brand [&amp;&gt;li]:before:left-0 [&amp;&gt;li]:before:rounded-full [&amp;&gt;li]:before:top-[8px] md:[&amp;&gt;li]:before:top-[9px] lg:[&amp;&gt;li]:before:top-[11px]  my-5\">\n<li class=\" mb-3 text-xs-varying md:text-m lg:text-l\">ca. 170 cm gro\u00df<\/li>\n<li class=\" mb-3 text-xs-varying md:text-m lg:text-l\">70 kg schwer<\/li>\n<li class=\" mb-3 text-xs-varying md:text-m lg:text-l\">hat kurze graue Haare<\/li>\n<li class=\" mb-3 text-xs-varying md:text-m lg:text-l\">tr\u00e4gt ein graues T-Shirt, eine schwarze lange Hose und Kompressionsstr\u00fcmpfe<\/li>\n<\/ul>\n","protected":false},"excerpt":{"rendered":"Seit Donnerstag (16. Juli 2026) sucht die Polizei in M\u00fcnchen nach dem 90-j\u00e4hrigen Hans Dieter Klein. Der vermisste&hellip;\n","protected":false},"author":2,"featured_media":1172536,"comment_status":"","ping_status":"","sticky":false,"template":"","format":"standard","meta":{"footnotes":"","_share_on_mastodon":"0"},"categories":[1827],"tags":[772,29,43828,30,245554,1268,245555,6580,121,55617],"class_list":["post-1172535","post","type-post","status-publish","format-standard","has-post-thumbnail","category-muenchen","tag-bayern","tag-deutschland","tag-feldmoching","tag-germany","tag-hans-dieter-klein","tag-muenchen","tag-muenchen-hasenbergl","tag-pflegeheim","tag-polizei","tag-suchaktion"],"share_on_mastodon":{"url":"","error":""},"_links":{"self":[{"href":"https:\/\/www.europesays.com\/de\/wp-json\/wp\/v2\/posts\/1172535","targetHints":{"allow":["GET"]}}],"collection":[{"href":"https:\/\/www.europesays.com\/de\/wp-json\/wp\/v2\/posts"}],"about":[{"href":"https:\/\/www.europesays.com\/de\/wp-json\/wp\/v2\/types\/post"}],"author":[{"embeddable":true,"href":"https:\/\/www.europesays.com\/de\/wp-json\/wp\/v2\/users\/2"}],"replies":[{"embeddable":true,"href":"https:\/\/www.europesays.com\/de\/wp-json\/wp\/v2\/comments?post=1172535"}],"version-history":[{"count":0,"href":"https:\/\/www.europesays.com\/de\/wp-json\/wp\/v2\/posts\/1172535\/revisions"}],"wp:featuredmedia":[{"embeddable":true,"href":"https:\/\/www.europesays.com\/de\/wp-json\/wp\/v2\/media\/1172536"}],"wp:attachment":[{"href":"https:\/\/www.europesays.com\/de\/wp-json\/wp\/v2\/media?parent=1172535"}],"wp:term":[{"taxonomy":"category","embeddable":true,"href":"https:\/\/www.europesays.com\/de\/wp-json\/wp\/v2\/categories?post=1172535"},{"taxonomy":"post_tag","embeddable":true,"href":"https:\/\/www.europesays.com\/de\/wp-json\/wp\/v2\/tags?post=1172535"}],"curies":[{"name":"wp","href":"https:\/\/api.w.org\/{rel}","templated":true}]}}