{"id":1172663,"date":"2026-07-17T05:40:21","date_gmt":"2026-07-17T05:40:21","guid":{"rendered":"https:\/\/www.europesays.com\/de\/1172663\/"},"modified":"2026-07-17T05:40:21","modified_gmt":"2026-07-17T05:40:21","slug":"kultur-in-ratingen-historischer-ostbahnhof-als-buehne","status":"publish","type":"post","link":"https:\/\/www.europesays.com\/de\/1172663\/","title":{"rendered":"Kultur in Ratingen: Historischer Ostbahnhof als B\u00fchne"},"content":{"rendered":"<p class=\"text_ohne_einzug richtext text-em-55 !leading-serif mx-6 desktop:mx-0\"> (Red) Ein Ort mit besonderer Geschichte wird zur au\u00dfergew\u00f6hnlichen Konzertkulisse: Der Ratinger Kammerchor l\u00e4dt am Freitag, 24. Juli, und Samstag, 25. Juli, jeweils um 19.30 Uhr, zu zwei besonderen Konzertabenden unter dem Motto \u201eSummertime!\u201c in den Ostbahnhof Ratingen ein.<\/p>\n<p class=\"richtext text-em-55 !leading-serif mx-6 desktop:mx-0\">Mit dem Projekt m\u00f6chte der Chor einen vertrauten Ort aus einer v\u00f6llig neuen Perspektive erlebbar machen. Wo einst Z\u00fcge ankamen und Reisende unterwegs waren, entsteht f\u00fcr zwei Sommerabende ein atmosph\u00e4rischer Konzertsaal. Die besondere Architektur und der historische Charakter des Ostbahnhofs bilden dabei die eindrucksvolle Kulisse f\u00fcr ein au\u00dfergew\u00f6hnliches Musikerlebnis. Mit diesem besonderen Konzertformat m\u00f6chte der Ratinger Kammerchor kulturelle Impulse setzen und zeigen, welches Potenzial au\u00dfergew\u00f6hnliche Spielorte f\u00fcr das Musikleben der Stadt bieten. Ziel ist ein unvergesslicher Sommerabend mit besonderer Atmosph\u00e4re \u2013 und vielleicht der Auftakt f\u00fcr eine neue Veranstaltungsreihe mit Wiederholungspotenzial. Die Zuh\u00f6rer d\u00fcrfen sich unter anderem auf Werke von Gustav Holst, George Gershwin, John Rutter und \u0112riks E\u0161envalds freuen. Begleitet wird der Chor durch Lutz Koppetsch am Saxofon, Arseniy Strokovskij am Akkordeon sowie Ulrike Froleyks, die als Moderatorin durch den Abend f\u00fchrt. Die k\u00fcnstlerische Leitung hat Kaling Hanke. Das Konzert ist ein kultureller Beitrag zum 750. Stadtjubil\u00e4um der Stadt Ratingen und ein Beispiel daf\u00fcr, wie au\u00dfergew\u00f6hnliche Orte neue Begegnungen erm\u00f6glichen k\u00f6nnen. Der Ostbahnhof Ratingen wird f\u00fcr diese Veranstaltung zu einer besonderen kulturellen Begegnungsst\u00e4tte und l\u00e4dt dazu ein, Geschichte, Musik und Gemeinschaft auf neue Weise miteinander zu verbinden. Die besondere Atmosph\u00e4re wird bewusst exklusiv gehalten: Die Zuschauerzahl ist auf maximal 120 G\u00e4ste pro Abend begrenzt. Tickets gibt es im Kulturb\u00fcro der Stadt Ratingen, Reiseb\u00fcro Tonnaer und im Internet bei Eventim.<\/p>\n","protected":false},"excerpt":{"rendered":"(Red) Ein Ort mit besonderer Geschichte wird zur au\u00dfergew\u00f6hnlichen Konzertkulisse: Der Ratinger Kammerchor l\u00e4dt am Freitag, 24. Juli,&hellip;\n","protected":false},"author":2,"featured_media":1172664,"comment_status":"","ping_status":"","sticky":false,"template":"","format":"standard","meta":{"footnotes":"","_share_on_mastodon":"0"},"categories":[1831],"tags":[245568,21279,22240,24055,19701,3364,29,3405,30,47262,13316,1209,38583,10078,14522,63781,17911],"class_list":["post-1172663","post","type-post","status-publish","format-standard","has-post-thumbnail","category-duesseldorf","tag-begrenzt","tag-besondere","tag-besonderen","tag-besonderer","tag-chor","tag-de","tag-deutschland","tag-duesseldorf","tag-germany","tag-kammerchor","tag-laedt","tag-nordrhein-westfalen","tag-ostbahnhof","tag-ratingen","tag-ratinger","tag-summertime","tag-zuege"],"share_on_mastodon":{"url":"https:\/\/pubeurope.com\/@de\/116933717378600527","error":""},"_links":{"self":[{"href":"https:\/\/www.europesays.com\/de\/wp-json\/wp\/v2\/posts\/1172663","targetHints":{"allow":["GET"]}}],"collection":[{"href":"https:\/\/www.europesays.com\/de\/wp-json\/wp\/v2\/posts"}],"about":[{"href":"https:\/\/www.europesays.com\/de\/wp-json\/wp\/v2\/types\/post"}],"author":[{"embeddable":true,"href":"https:\/\/www.europesays.com\/de\/wp-json\/wp\/v2\/users\/2"}],"replies":[{"embeddable":true,"href":"https:\/\/www.europesays.com\/de\/wp-json\/wp\/v2\/comments?post=1172663"}],"version-history":[{"count":0,"href":"https:\/\/www.europesays.com\/de\/wp-json\/wp\/v2\/posts\/1172663\/revisions"}],"wp:featuredmedia":[{"embeddable":true,"href":"https:\/\/www.europesays.com\/de\/wp-json\/wp\/v2\/media\/1172664"}],"wp:attachment":[{"href":"https:\/\/www.europesays.com\/de\/wp-json\/wp\/v2\/media?parent=1172663"}],"wp:term":[{"taxonomy":"category","embeddable":true,"href":"https:\/\/www.europesays.com\/de\/wp-json\/wp\/v2\/categories?post=1172663"},{"taxonomy":"post_tag","embeddable":true,"href":"https:\/\/www.europesays.com\/de\/wp-json\/wp\/v2\/tags?post=1172663"}],"curies":[{"name":"wp","href":"https:\/\/api.w.org\/{rel}","templated":true}]}}