{"id":1172701,"date":"2026-07-17T06:03:17","date_gmt":"2026-07-17T06:03:17","guid":{"rendered":"https:\/\/www.europesays.com\/de\/1172701\/"},"modified":"2026-07-17T06:03:17","modified_gmt":"2026-07-17T06:03:17","slug":"unter-uns-wochenvorschau-ab-dem-20-07-2026-jori-bricht-mit-patrizia","status":"publish","type":"post","link":"https:\/\/www.europesays.com\/de\/1172701\/","title":{"rendered":"\u201eUnter uns\u201d-Wochenvorschau ab dem 20.07.2026: Jori bricht mit Patrizia"},"content":{"rendered":"<p>Die \u201eUnter uns\u201c-Wochenvorschau ab dem 20.07.2026 in drei TeilenJori bricht mit PatriziaAbrechnung auf dem Friedhof (Wochenvorschau Teil 1)<\/p>\n<p class=\"AnnotatedMarkup_paragraph__IUT9l\"><a href=\"https:\/\/www.rtl.de\/sendungen\/unter-uns\/unter-uns-vorschau-vom-20-juli-bei-rtl-patrizia-will-nach-ihrem-gestaendnis-utes-schweigen-id31026280.html\" target=\"_self\" rel=\"nofollow noopener\">Patrizia versucht mit allen Mitteln zu verhindern<\/a>, dass Jori erf\u00e4hrt, dass sie Schuld <a href=\"https:\/\/www.rtl.de\/sendungen\/unter-uns\/unter-uns-spoiler-stella-bricht-mit-patricia-mutter-tochter-streit-eskaliert-id30972522.html\" target=\"_self\" rel=\"nofollow noopener\">am Tod ihrer Tochter Stella<\/a> hat. Denn ihr ist klar, dass Jori ihr das niemals verzeihen w\u00fcrde. Und genauso geschieht es in der n\u00e4chsten Woche: Jori kommt hinter Patrizias Geheimnis und ist danach f\u00fcr immer fertig mit ihr.<\/p>\n<p>Alexander wird f\u00fcr Julius zur Gefahr (Wochenvorschau Teil 2)<\/p>\n<p class=\"AnnotatedMarkup_paragraph__IUT9l\">Alexander wird in der n\u00e4chsten Woche brandgef\u00e4hrlich. Er hat herausgefunden, dass <a href=\"https:\/\/www.rtl.de\/sendungen\/unter-uns\/unter-uns-vorschau-vom-13-juli-bei-rtl-im-tv-alexander-erkennt-die-wahrheit-das-ist-seine-reaktion-id30996274.html\" target=\"_self\" rel=\"nofollow noopener\">Ringo und Easy seine Betr\u00fcgereien entlarvt haben<\/a> und schl\u00e4gt auf krasse Weise zur\u00fcck: Er bedroht seinen eigenen Neffen mit dem Messer.\u00a0Und er zwingt Julius, vor Easy zu verbergen, in welcher Notlage er steckt.<\/p>\n<p>Anzeige:<\/p>\n<p>Empfehlungen unserer Partner<\/p>\n<p>Esma beichtet Tobias ihren Seitensprung (Wochenvorschau Teil 3)<img alt=\"Gespannt, wie es weitergeht?\u00a0Die n\u00e4chsten Folgen vorab auf RTL+\" fetchpriority=\"auto\" loading=\"lazy\" width=\"615\" height=\"346\" decoding=\"async\" data-nimg=\"1\" class=\"Image_image__SdgLQ RtlPlusContent_image__Gbn0N\" style=\"color:transparent\"   src=\"https:\/\/www.europesays.com\/de\/wp-content\/uploads\/2026\/07\/1784268197_440_gespannt-wie-es-weitergeht-die-naechsten-folgen-vorab-auf-rtlplus.webp\"\/><\/p>\n<p class=\"AnnotatedMarkup_paragraph__IUT9l\">Esma hat in ihrer Trauer um ihre Gro\u00dfmutter Nuray einen Fehltritt begangen: Sie hatte einen Seitensprung. Diese Sache hat sie Tobias zun\u00e4chst verschwiegen, aber dann findet sie heraus, dass Tobias l\u00e4ngst Bescheid wei\u00df und sich nur nichts anmerken gelassen hat. Das ist Esma h\u00f6chst unangenehm, und sie erkennt, dass eine Aussprache f\u00e4llig ist. Doch mit Tobias\u2019 Reaktion auf ihr Gest\u00e4ndnis hat sie nicht gerechnet.<\/p>\n","protected":false},"excerpt":{"rendered":"Die \u201eUnter uns\u201c-Wochenvorschau ab dem 20.07.2026 in drei TeilenJori bricht mit PatriziaAbrechnung auf dem Friedhof (Wochenvorschau Teil 1)&hellip;\n","protected":false},"author":2,"featured_media":1172702,"comment_status":"","ping_status":"","sticky":false,"template":"","format":"standard","meta":{"footnotes":"","_share_on_mastodon":"0"},"categories":[1773],"tags":[29,214,3066,30,640,3064,471,1780,1808,684,3062,215,3063,1339,3065],"class_list":["post-1172701","post","type-post","status-publish","format-standard","has-post-thumbnail","category-serien","tag-deutschland","tag-entertainment","tag-folgenvorschau","tag-germany","tag-rtl","tag-schillerallee","tag-serien","tag-series","tag-soap","tag-tv","tag-unter-uns","tag-unterhaltung","tag-uu","tag-vorschau","tag-weigel"],"share_on_mastodon":{"url":"https:\/\/pubeurope.com\/@de\/116933809469046147","error":""},"_links":{"self":[{"href":"https:\/\/www.europesays.com\/de\/wp-json\/wp\/v2\/posts\/1172701","targetHints":{"allow":["GET"]}}],"collection":[{"href":"https:\/\/www.europesays.com\/de\/wp-json\/wp\/v2\/posts"}],"about":[{"href":"https:\/\/www.europesays.com\/de\/wp-json\/wp\/v2\/types\/post"}],"author":[{"embeddable":true,"href":"https:\/\/www.europesays.com\/de\/wp-json\/wp\/v2\/users\/2"}],"replies":[{"embeddable":true,"href":"https:\/\/www.europesays.com\/de\/wp-json\/wp\/v2\/comments?post=1172701"}],"version-history":[{"count":0,"href":"https:\/\/www.europesays.com\/de\/wp-json\/wp\/v2\/posts\/1172701\/revisions"}],"wp:featuredmedia":[{"embeddable":true,"href":"https:\/\/www.europesays.com\/de\/wp-json\/wp\/v2\/media\/1172702"}],"wp:attachment":[{"href":"https:\/\/www.europesays.com\/de\/wp-json\/wp\/v2\/media?parent=1172701"}],"wp:term":[{"taxonomy":"category","embeddable":true,"href":"https:\/\/www.europesays.com\/de\/wp-json\/wp\/v2\/categories?post=1172701"},{"taxonomy":"post_tag","embeddable":true,"href":"https:\/\/www.europesays.com\/de\/wp-json\/wp\/v2\/tags?post=1172701"}],"curies":[{"name":"wp","href":"https:\/\/api.w.org\/{rel}","templated":true}]}}