{"id":1172789,"date":"2026-07-17T07:00:22","date_gmt":"2026-07-17T07:00:22","guid":{"rendered":"https:\/\/www.europesays.com\/de\/1172789\/"},"modified":"2026-07-17T07:00:22","modified_gmt":"2026-07-17T07:00:22","slug":"hannover-kleines-fest-wieder-auf-erfolgskurs","status":"publish","type":"post","link":"https:\/\/www.europesays.com\/de\/1172789\/","title":{"rendered":"Hannover: &#8222;Kleines Fest&#8220; wieder auf Erfolgskurs"},"content":{"rendered":"<p>        <img decoding=\"async\" src=\"https:\/\/www.europesays.com\/de\/wp-content\/uploads\/2026\/07\/kleinesfest-124.webp\" alt=\"Leiter des &quot;Kleinen Festes &quot; in Hannover Desimo mit Walk-Act.\" title=\"Leiter des &quot;Kleinen Festes &quot; in Hannover Desimo mit Walk-Act. | Stadt Hannover\" class=\"responsive\"\/><\/p>\n<p>\n                Stand: 17.07.2026 07:43 Uhr<\/p>\n<p class=\"preface\">In Hannover ist das diesj\u00e4hrige &#8222;Kleine Fest im Gro\u00dfen Garten&#8220; erfolgreich zu Ende gegangen. 58.000 G\u00e4ste kamen den Veranstaltern zufolge zu dem Kleinkunst-Festival in den Herrenh\u00e4ser G\u00e4rten.<\/p>\n<p class=\"\">Nach ein paar turbulenten Jahren mit wechselnden k\u00fcnstlerischen Leitern, ist das &#8222;Kleine Fest&#8220; offenbar wieder auf Erfolgskurs. Es war ausverkauft: 80 Prozent der Tickets gingen nach Angaben der Stadt im Vorverkauf weg. Der Rest wurde an den Abendkassen verkauft. In diesem Jahr hatte zum ersten mal Hannovers bekannter Entertainer Desimo das Fest geleitet.<\/p>\n<p>    Desimo: &#8222;Kleines Fest strahlte weit \u00fcber Hannover hinaus&#8220;<\/p>\n<p class=\"\">In diesem Jahr gastierte das &#8222;Kleine Fest&#8220; zum 40. Mal im Gro\u00dfen Garten. &#8222;Das Kleine Fest strahlte weit \u00fcber Hannover hinaus&#8220;, sagte Desimo. Die Kulturdezernentin der Landeshauptstadt Hannover, Eva Bender, bilanziert: &#8222;Das Kleine Fest ist ein kulturelles Aush\u00e4ngeschild in Hannover und der gesamten Region. Dass der \u00dcbergang in die neue k\u00fcnstlerische Leitung so \u00fcberzeugend gelungen ist, freut mich ganz besonders.&#8220;<\/p>\n<p>    N\u00e4chstes Jahr wieder drei Festival-Tage mehr<\/p>\n<p class=\"\">Im n\u00e4chsten Jahr l\u00e4uft das &#8222;Kleine Fest im Gro\u00dfen Garten&#8220; von Donnerstag, 8. Juli, dem ersten Ferientag in Niedersachsen, bis Sonntag, dem 25. Juli 2027. Damit findet es wieder an 16 Spieltagen statt. Dieses Jahr waren es nur 13 Tage. Montage bleiben weiterhin spielfrei.<\/p>\n<p>                News aus deiner Region &#8211; jetzt auch direkt per WhatsApp<\/p>\n<p>In unseren f\u00fcnf neuen regionalen WhatsApp-Kan\u00e4len versorgen wir dich ab sofort wochent\u00e4glich mit den wichtigsten Nachrichten, Themen und Geschichten aus deiner Heimat. <\/p>\n<p>\u00dcber diese Links kommst du direkt zu den Kan\u00e4len:<\/p>\n<p><a href=\"https:\/\/www.ndr.de\/nachrichten\/niedersachsen\/ndr-niedersachsen-auf-whatsapp-abonniere-die-news-aus-deiner-region,whatsappniedersachsen-100.html\" title=\"NDR Niedersachsen auf WhatsApp: Abonniere die News aus deiner Region\" rel=\"nofollow noopener\" target=\"_blank\">Abonniere News aus deiner Region<\/a> und aktiviere die Glocke, damit du nichts verpasst.<\/p>\n<p>        <img decoding=\"async\" src=\"https:\/\/www.europesays.com\/de\/wp-content\/uploads\/2026\/07\/kleinesfest-116.webp\" alt=\"Menschen in Kost\u00fcmen und auf Stelzen beim Kleinen Fest in den Herrenh\u00e4user G\u00e4rten  in Hannover\" title=\"Menschen in Kost\u00fcmen und auf Stelzen beim Kleinen Fest in den Herrenh\u00e4user G\u00e4rten  in Hannover | NDR, Paulina Reents\" class=\"responsive\" loading=\"lazy\"\/><\/p>\n<p>Musik, Comedy, Tanz, Zirkus und mehr &#8211; bis zum 16. Juli treten in Hannover mehr als 100 K\u00fcnstlerinnen und K\u00fcnstler auf.<\/p>\n<p>        <img decoding=\"async\" src=\"https:\/\/www.europesays.com\/de\/wp-content\/uploads\/2026\/07\/screenshot-190602.webp\" alt=\"Eine kost\u00fcmierte Person\" title=\"Eine kost\u00fcmierte Person | Screenshot\" class=\"responsive\" loading=\"lazy\"\/><\/p>\n<p>Es gab viel Kritik an den letzten Ausgaben des Festivals. Jetzt gibt es einen neuen Leiter. Kristina Hoffmann hat die Premiere besucht.<\/p>\n<p>        <img decoding=\"async\" src=\"https:\/\/www.europesays.com\/de\/wp-content\/uploads\/2026\/07\/desimo-102.webp\" alt=\"Ein Mann hinter einer Br\u00fcstung auf der Statuen mit goldenen Beinen stehen.\" title=\"Ein Mann hinter einer Br\u00fcstung auf der Statuen mit goldenen Beinen stehen. | Helge Kr\u00fcckeberg\" class=\"responsive\" loading=\"lazy\"\/><\/p>\n<p>Das Fest in den Herrenh\u00e4user G\u00e4rten soll nach Zuschauerr\u00fcckg\u00e4ngen in den vergangenen Jahren wieder zur\u00fcck auf die Erfolgsspur.<\/p>\n<p>        <img decoding=\"async\" src=\"https:\/\/www.europesays.com\/de\/wp-content\/uploads\/2026\/07\/casperdevries100.webp\" alt=\"Ein Mann im gemusterten Hemd sitzt vor einem Brunnen.\" title=\"Der bisherige Intendant des &quot;Kleinen Fests im Gro\u00dfen Garten&quot; in Hannover, Casper de Vries, tritt zur\u00fcck.  | Landeshauptstadt Hannover \/ Helge Kr\u00fcckeberg, Helge Kr\u00fcckeberg\" class=\"responsive\" loading=\"lazy\"\/><\/p>\n<p>Er beklagt fehlende Unterst\u00fctzung der Stadt Hannover. Die weist das zur\u00fcck und nennt andere Gr\u00fcnde f\u00fcr das Zerw\u00fcrfnis.<\/p>\n<p>        Schlagw\u00f6rter zu diesem Artikel<\/p>\n<p>            <a href=\"https:\/\/www.ndr.de\/nachrichten\/niedersachsen\/hannover_weser-leinegebiet\/Hannover-Aktuelle-News-und-Nachrichten,hannover18518.html\" rel=\"nofollow noopener\" target=\"_blank\">Hannover<\/a><\/p>\n","protected":false},"excerpt":{"rendered":"Stand: 17.07.2026 07:43 Uhr In Hannover ist das diesj\u00e4hrige &#8222;Kleine Fest im Gro\u00dfen Garten&#8220; erfolgreich zu Ende gegangen.&hellip;\n","protected":false},"author":2,"featured_media":1172790,"comment_status":"","ping_status":"","sticky":false,"template":"","format":"standard","meta":{"footnotes":"","_share_on_mastodon":"0"},"categories":[1836],"tags":[42694,2217,3364,121977,29,598,30,46,10693,87266,4411,1411,1406],"class_list":["post-1172789","post","type-post","status-publish","format-standard","has-post-thumbnail","category-hannover","tag-ausverkauft","tag-bilanz","tag-de","tag-desimo","tag-deutschland","tag-garten","tag-germany","tag-hannover","tag-herrenhausen","tag-kleines-fest","tag-kleinkunst","tag-niedersachsen","tag-tickets"],"share_on_mastodon":{"url":"","error":""},"_links":{"self":[{"href":"https:\/\/www.europesays.com\/de\/wp-json\/wp\/v2\/posts\/1172789","targetHints":{"allow":["GET"]}}],"collection":[{"href":"https:\/\/www.europesays.com\/de\/wp-json\/wp\/v2\/posts"}],"about":[{"href":"https:\/\/www.europesays.com\/de\/wp-json\/wp\/v2\/types\/post"}],"author":[{"embeddable":true,"href":"https:\/\/www.europesays.com\/de\/wp-json\/wp\/v2\/users\/2"}],"replies":[{"embeddable":true,"href":"https:\/\/www.europesays.com\/de\/wp-json\/wp\/v2\/comments?post=1172789"}],"version-history":[{"count":0,"href":"https:\/\/www.europesays.com\/de\/wp-json\/wp\/v2\/posts\/1172789\/revisions"}],"wp:featuredmedia":[{"embeddable":true,"href":"https:\/\/www.europesays.com\/de\/wp-json\/wp\/v2\/media\/1172790"}],"wp:attachment":[{"href":"https:\/\/www.europesays.com\/de\/wp-json\/wp\/v2\/media?parent=1172789"}],"wp:term":[{"taxonomy":"category","embeddable":true,"href":"https:\/\/www.europesays.com\/de\/wp-json\/wp\/v2\/categories?post=1172789"},{"taxonomy":"post_tag","embeddable":true,"href":"https:\/\/www.europesays.com\/de\/wp-json\/wp\/v2\/tags?post=1172789"}],"curies":[{"name":"wp","href":"https:\/\/api.w.org\/{rel}","templated":true}]}}