{"id":1172837,"date":"2026-07-17T07:26:24","date_gmt":"2026-07-17T07:26:24","guid":{"rendered":"https:\/\/www.europesays.com\/de\/1172837\/"},"modified":"2026-07-17T07:26:24","modified_gmt":"2026-07-17T07:26:24","slug":"konrad-wolf-strasse-wbm-bereitet-441-wohnungen-auf-den-einzug-vor","status":"publish","type":"post","link":"https:\/\/www.europesays.com\/de\/1172837\/","title":{"rendered":"Konrad-Wolf-Stra\u00dfe: WBM bereitet 441 Wohnungen auf den Einzug vor"},"content":{"rendered":"<p><strong>Der Neubau an der Konrad-Wolf-Stra\u00dfe in Hohensch\u00f6nhausen ist fast fertig. Die WBM vermietet 441 Wohnungen, darunter 280 gef\u00f6rderte Einheiten.<\/strong><\/p>\n<p><a href=\"https:\/\/www.europesays.com\/de\/wp-content\/uploads\/2026\/07\/Hohenschoenhausen-Konrad-Wolf-Strasse-41-\u00a9-ENTWICKLUNGSSTADT-1.jpg\"><img loading=\"lazy\" decoding=\"async\" aria-describedby=\"caption-attachment-102608\" class=\"lazyload size-full wp-image-102608\" src=\"data:image\/svg+xml,%3Csvg%20xmlns%3D%27http%3A%2F%2Fwww.w3.org%2F2000%2Fsvg%27%20width%3D%271280%27%20height%3D%27720%27%20viewBox%3D%270%200%201280%20720%27%3E%3Crect%20width%3D%271280%27%20height%3D%27720%27%20fill-opacity%3D%220%22%2F%3E%3C%2Fsvg%3E\" data-orig-src=\"https:\/\/www.europesays.com\/de\/wp-content\/uploads\/2026\/07\/Hohenschoenhausen-Konrad-Wolf-Strasse-41-\u00a9-ENTWICKLUNGSSTADT-1.jpg\" alt=\"Der Neubau an der Konrad-Wolf-Stra\u00dfe in Hohensch\u00f6nhausen steht hinter einem Bauzaun, w\u00e4hrend ein Bagger auf der ungestalteten Au\u00dfenfl\u00e4che arbeitet.\" width=\"1280\" height=\"720\"\/><\/a><\/p>\n<p id=\"caption-attachment-102608\" class=\"wp-caption-text\">Vor dem Neubauquartier in Hohensch\u00f6nhausen entstehen derzeit Wege, Leitungen und die sp\u00e4teren Au\u00dfenfl\u00e4chen. \/ \u00a9 Foto: ENTWICKLUNGSSTADT<\/p>\n<p>\u00a9 Titelbild: ENTWICKLUNGSSTADT<\/p>\n<p>\u00a0<\/p>\n<p>An der Konrad-Wolf-Stra\u00dfe in Hohensch\u00f6nhausen endet schrittweise der Bau eines der gr\u00f6\u00dften aktuellen Wohnungsprojekte im Bezirk Lichtenberg. W\u00e4hrend die Geb\u00e4ude \u00e4u\u00dferlich weitgehend fertig wirken, konzentrieren sich die restlichen Arbeiten inzwischen auf Wege, Au\u00dfenanlagen und die letzten Bereiche rund um die Hauseing\u00e4nge.<\/p>\n<ul>\n<li><strong>Bezirk:<\/strong> <a title=\"Lichtenberg\" href=\"https:\/\/www.entwicklungsstadt.de\/bezirke\/lichtenberg\/\" target=\"_blank\" rel=\"noopener nofollow\">Lichtenberg<\/a><\/li>\n<li><strong>Adresse:<\/strong> Konrad-Wolf-Stra\u00dfe 41\u201344<\/li>\n<li><strong>Wohnungen:<\/strong> 441 Mietwohnungen<\/li>\n<li><strong>Wohnungsgr\u00f6\u00dfen:<\/strong> 31 bis 133 Quadratmeter<\/li>\n<li><strong>Bauzeit:<\/strong> Juli 2024 bis September 2026<\/li>\n<li><strong>Geplanter Bezug:<\/strong> ab Mitte Oktober 2026<\/li>\n<\/ul>\n<p>Vor Ort zeigt sich <a href=\"https:\/\/www.entwicklungsstadt.de\/alt-hohenschoenhausen-441-wohnungen-an-der-konrad-wolf-strasse-kurz-vor-der-fertigstellung\/\" target=\"_blank\" rel=\"noopener nofollow\">das neue Wohnquartier an der Konrad-Wolf-Stra\u00dfe<\/a> inzwischen ohne die Ger\u00fcste, die den Komplex noch w\u00e4hrend gro\u00dfer Teile der Bauzeit umgaben. Helle Fassaden, dunkel eingefasste Fenster und verglaste Balkone bestimmen das Bild. Die H\u00e4user bilden lange Geb\u00e4uderiegel und gesch\u00fctzte Zwischenr\u00e4ume. An mehreren Eing\u00e4ngen h\u00e4ngen bereits Hausnummern, Briefkasten- und Klingelanlagen sind montiert. Der Bau wirkt damit weitgehend abgeschlossen.<\/p>\n<p><a href=\"https:\/\/www.europesays.com\/de\/wp-content\/uploads\/2026\/07\/Hohenschoenhausen-Konrad-Wolf-Strasse-41-\u00a9-ENTWICKLUNGSSTADT-3.jpg\"><img loading=\"lazy\" decoding=\"async\" aria-describedby=\"caption-attachment-102605\" class=\"lazyload size-full wp-image-102605\" src=\"data:image\/svg+xml,%3Csvg%20xmlns%3D%27http%3A%2F%2Fwww.w3.org%2F2000%2Fsvg%27%20width%3D%271280%27%20height%3D%27720%27%20viewBox%3D%270%200%201280%20720%27%3E%3Crect%20width%3D%271280%27%20height%3D%27720%27%20fill-opacity%3D%220%22%2F%3E%3C%2Fsvg%3E\" data-orig-src=\"https:\/\/www.europesays.com\/de\/wp-content\/uploads\/2026\/07\/Hohenschoenhausen-Konrad-Wolf-Strasse-41-\u00a9-ENTWICKLUNGSSTADT-3.jpg\" alt=\"Der fast fertiggestellte Hauseingang 42B des Neubaus in Hohensch\u00f6nhausen besitzt dunkle Fenster, eine Klingelanlage und einen provisorischen Zugang aus Paletten.\" width=\"1280\" height=\"720\"\/><\/a><\/p>\n<p id=\"caption-attachment-102605\" class=\"wp-caption-text\">Der Hauseingang 42B im Neubau an der Konrad-Wolf-Stra\u00dfe ist bereits mit T\u00fcr, Klingelanlage und Hausnummer ausgestattet. \/ \u00a9 Foto: ENTWICKLUNGSSTADT<\/p>\n<p>441 Wohnungen an der Konrad-Wolf-Stra\u00dfe gehen in die Vermietung<\/p>\n<p>Unfertig bleiben vor allem die Fl\u00e4chen zwischen den Geb\u00e4uden. Bauger\u00e4te, Lieferfahrzeuge, offene Sandbereiche und provisorische Zug\u00e4nge pr\u00e4gen weiterhin Teile des Grundst\u00fccks. Einige Wege haben bereits Pflaster erhalten, an anderen Stellen stehen noch Erdarbeiten und die Gestaltung der Au\u00dfenanlagen aus. Auch einzelne Sockelbereiche und Hauseing\u00e4nge zeigen, dass die \u00dcbergabe noch bevorsteht.<\/p>\n<p>Die landeseigene <a href=\"https:\/\/www.entwicklungsstadt.de\/konrad-wolf-strasse-vermietung-fuer-441-neue-wohnungen-startet\/\" target=\"_blank\" rel=\"noopener nofollow\">WBM hat die Vermietung des Neubaus an der Konrad-Wolf-Stra\u00dfe im Juni 2026 gestartet<\/a>. Nach aktuellem Zeitplan k\u00f6nnen die ersten Mieterinnen und Mieter voraussichtlich ab Mitte Oktober einziehen. Das Unternehmen bezeichnet das rund 20.000 Quadratmeter gro\u00dfe Quartier als sein derzeit gr\u00f6\u00dftes zusammenh\u00e4ngendes Neubauvorhaben.<\/p>\n<p><a href=\"https:\/\/www.europesays.com\/de\/wp-content\/uploads\/2026\/07\/Hohenschoenhausen-Konrad-Wolf-Strasse-41-\u00a9-ENTWICKLUNGSSTADT-5.jpg\"><img loading=\"lazy\" decoding=\"async\" aria-describedby=\"caption-attachment-102607\" class=\"lazyload size-full wp-image-102607\" src=\"data:image\/svg+xml,%3Csvg%20xmlns%3D%27http%3A%2F%2Fwww.w3.org%2F2000%2Fsvg%27%20width%3D%271280%27%20height%3D%27720%27%20viewBox%3D%270%200%201280%20720%27%3E%3Crect%20width%3D%271280%27%20height%3D%27720%27%20fill-opacity%3D%220%22%2F%3E%3C%2Fsvg%3E\" data-orig-src=\"https:\/\/www.europesays.com\/de\/wp-content\/uploads\/2026\/07\/Hohenschoenhausen-Konrad-Wolf-Strasse-41-\u00a9-ENTWICKLUNGSSTADT-5.jpg\" alt=\"Der Neubau in Hohensch\u00f6nhausen ist hinter Bauz\u00e4unen, Absperrungen und einem Baustellencontainer an der Konrad-Wolf-Stra\u00dfe zu sehen.\" width=\"1280\" height=\"720\"\/><\/a><\/p>\n<p id=\"caption-attachment-102607\" class=\"wp-caption-text\">An der Konrad-Wolf-Stra\u00dfe bleibt die Baustelleneinrichtung bestehen, w\u00e4hrend die Wohngeb\u00e4ude bereits weitgehend fertiggestellt sind. \/ \u00a9 Foto: ENTWICKLUNGSSTADT<\/p>\n<p>Neubau in Hohensch\u00f6nhausen erh\u00e4lt eine eigene Kindertagesst\u00e4tte<\/p>\n<p>Das Angebot reicht von Einzimmerwohnungen bis zu Wohnungen mit f\u00fcnf Zimmern. Die Wohnfl\u00e4chen liegen zwischen rund 31 und 133 Quadratmetern. Alle Einheiten verf\u00fcgen laut WBM \u00fcber eine Fu\u00dfbodenheizung sowie eine private Au\u00dfenfl\u00e4che. Je nach Lage handelt es sich um eine Loggia, einen Balkon oder eine Dachterrasse. 361 der insgesamt 441 Wohnungen sind barrierefrei angelegt.<\/p>\n<p>Zum Quartier geh\u00f6rt au\u00dferdem eine Kindertagesst\u00e4tte im Erdgeschoss eines Wohnblocks. Die WBM nennt daf\u00fcr eine Fl\u00e4che von 318 Quadratmetern. Ten Brinke plant die Einrichtung f\u00fcr 36 Kinder und mit vier Gruppenr\u00e4umen. Damit entsteht die Betreuung direkt innerhalb des neuen Wohnstandorts.<\/p>\n<p><a href=\"https:\/\/www.europesays.com\/de\/wp-content\/uploads\/2026\/07\/Hohenschoenhausen-Konrad-Wolf-Strasse-41-\u00a9-ENTWICKLUNGSSTADT-2.jpg\"><img loading=\"lazy\" decoding=\"async\" aria-describedby=\"caption-attachment-102604\" class=\"lazyload size-full wp-image-102604\" src=\"data:image\/svg+xml,%3Csvg%20xmlns%3D%27http%3A%2F%2Fwww.w3.org%2F2000%2Fsvg%27%20width%3D%271280%27%20height%3D%27720%27%20viewBox%3D%270%200%201280%20720%27%3E%3Crect%20width%3D%271280%27%20height%3D%27720%27%20fill-opacity%3D%220%22%2F%3E%3C%2Fsvg%3E\" data-orig-src=\"https:\/\/www.europesays.com\/de\/wp-content\/uploads\/2026\/07\/Hohenschoenhausen-Konrad-Wolf-Strasse-41-\u00a9-ENTWICKLUNGSSTADT-2.jpg\" alt=\"Der Blick zwischen den wei\u00dfen Neubauten an der Konrad-Wolf-Stra\u00dfe in Hohensch\u00f6nhausen zeigt verglaste Balkone, gepflasterte Wege und laufende Bauarbeiten.\" width=\"1280\" height=\"720\"\/><\/a><\/p>\n<p id=\"caption-attachment-102604\" class=\"wp-caption-text\">Zwischen den Neubauten an der Konrad-Wolf-Stra\u00dfe in Hohensch\u00f6nhausen laufen die letzten Arbeiten an Wegen und Au\u00dfenanlagen. \/ \u00a9 Foto: ENTWICKLUNGSSTADT<\/p>\n<p>Konrad-Wolf-Stra\u00dfe ver\u00e4ndert sich vom Bauplatz zum Wohnquartier<\/p>\n<p>Die Geb\u00e4ude besitzen regul\u00e4r f\u00fcnf oberirdische Geschosse. Einzelne Abschnitte erg\u00e4nzen Staffel- oder Dachgeschosse. Die Erschlie\u00dfung erfolgt <a href=\"https:\/\/www.entwicklungsstadt.de\/lichtenberg-441-wohnungen-an-der-konrad-wolf-strasse-geplant\/\" target=\"_blank\" rel=\"noopener nofollow\">\u00fcber mehrere Zufahrten von der Konrad-Wolf-Stra\u00dfe<\/a> und \u00fcber interne Wege zu den Hauseing\u00e4ngen. In den Erdgeschossen befinden sich neben Wohnungen auch Technik- und Nebenr\u00e4ume, darunter Fl\u00e4chen f\u00fcr die Haustechnik und Kinderwagen.<\/p>\n<p>Bis zum Bezug bleibt auf dem Gel\u00e4nde noch einiges an Arbeit. Vor Ort konzentriert sie sich sichtbar auf Zufahrten, Hauseing\u00e4nge, Leitungen und Freifl\u00e4chen. Die Architektur steht dagegen bereits klar erkennbar: wei\u00dfe Bauk\u00f6rper, dunkle Fensterprofile und \u00fcberwiegend verglaste Balkone. Aus der fr\u00fcheren Gro\u00dfbaustelle an der Konrad-Wolf-Stra\u00dfe wird damit Schritt f\u00fcr Schritt ein Wohnquartier f\u00fcr mehrere hundert Haushalte.<\/p>\n<p><a href=\"https:\/\/www.europesays.com\/de\/wp-content\/uploads\/2026\/07\/Hohenschoenhausen-Konrad-Wolf-Strasse-41-\u00a9-ENTWICKLUNGSSTADT.jpg\"><img loading=\"lazy\" decoding=\"async\" aria-describedby=\"caption-attachment-102609\" class=\"lazyload size-full wp-image-102609\" src=\"data:image\/svg+xml,%3Csvg%20xmlns%3D%27http%3A%2F%2Fwww.w3.org%2F2000%2Fsvg%27%20width%3D%271280%27%20height%3D%27720%27%20viewBox%3D%270%200%201280%20720%27%3E%3Crect%20width%3D%271280%27%20height%3D%27720%27%20fill-opacity%3D%220%22%2F%3E%3C%2Fsvg%3E\" data-orig-src=\"https:\/\/www.europesays.com\/de\/wp-content\/uploads\/2026\/07\/Hohenschoenhausen-Konrad-Wolf-Strasse-41-\u00a9-ENTWICKLUNGSSTADT.jpg\" alt=\"Nahaufnahme des Neubaus in Hohensch\u00f6nhausen mit verglasten Balkonen, hellen Fassaden und dunklen Fenstern an der Konrad-Wolf-Stra\u00dfe.\" width=\"1280\" height=\"720\"\/><\/a><\/p>\n<p id=\"caption-attachment-102609\" class=\"wp-caption-text\">Verglaste Balkone und Loggien bilden die privaten Au\u00dfenbereiche der Wohnungen an der Konrad-Wolf-Stra\u00dfe. \/ \u00a9 Foto: ENTWICKLUNGSSTADT<\/p>\n<p>Neubau Konrad-Wolf-Stra\u00dfe<\/p>\n<p><strong>\u00a0<\/strong><\/p>\n<p>Quellen: WBM Wohnungsbaugesellschaft Berlin-Mitte, Ten Brinke, COSIMO Investment Group, BB Gruppe\u00a0<\/p>\n","protected":false},"excerpt":{"rendered":"Der Neubau an der Konrad-Wolf-Stra\u00dfe in Hohensch\u00f6nhausen ist fast fertig. Die WBM vermietet 441 Wohnungen, darunter 280 gef\u00f6rderte&hellip;\n","protected":false},"author":2,"featured_media":1172838,"comment_status":"","ping_status":"","sticky":false,"template":"","format":"standard","meta":{"footnotes":"","_share_on_mastodon":"0"},"categories":[1825],"tags":[24958,296,39185,29,30,1952,9353,235792,4321],"class_list":["post-1172837","post","type-post","status-publish","format-standard","has-post-thumbnail","category-berlin","tag-bauprojekte-lichtenberg","tag-berlin","tag-berlin-lichtenberg-neubau-wohnungen","tag-deutschland","tag-germany","tag-lichtenberg","tag-mietwohnungen","tag-wbm","tag-wohnprojekte-berlin"],"share_on_mastodon":{"url":"https:\/\/pubeurope.com\/@de\/116934134104626453","error":""},"_links":{"self":[{"href":"https:\/\/www.europesays.com\/de\/wp-json\/wp\/v2\/posts\/1172837","targetHints":{"allow":["GET"]}}],"collection":[{"href":"https:\/\/www.europesays.com\/de\/wp-json\/wp\/v2\/posts"}],"about":[{"href":"https:\/\/www.europesays.com\/de\/wp-json\/wp\/v2\/types\/post"}],"author":[{"embeddable":true,"href":"https:\/\/www.europesays.com\/de\/wp-json\/wp\/v2\/users\/2"}],"replies":[{"embeddable":true,"href":"https:\/\/www.europesays.com\/de\/wp-json\/wp\/v2\/comments?post=1172837"}],"version-history":[{"count":0,"href":"https:\/\/www.europesays.com\/de\/wp-json\/wp\/v2\/posts\/1172837\/revisions"}],"wp:featuredmedia":[{"embeddable":true,"href":"https:\/\/www.europesays.com\/de\/wp-json\/wp\/v2\/media\/1172838"}],"wp:attachment":[{"href":"https:\/\/www.europesays.com\/de\/wp-json\/wp\/v2\/media?parent=1172837"}],"wp:term":[{"taxonomy":"category","embeddable":true,"href":"https:\/\/www.europesays.com\/de\/wp-json\/wp\/v2\/categories?post=1172837"},{"taxonomy":"post_tag","embeddable":true,"href":"https:\/\/www.europesays.com\/de\/wp-json\/wp\/v2\/tags?post=1172837"}],"curies":[{"name":"wp","href":"https:\/\/api.w.org\/{rel}","templated":true}]}}