{"id":1172964,"date":"2026-07-17T08:44:20","date_gmt":"2026-07-17T08:44:20","guid":{"rendered":"https:\/\/www.europesays.com\/de\/1172964\/"},"modified":"2026-07-17T08:44:20","modified_gmt":"2026-07-17T08:44:20","slug":"frankfurt-dwd-warnt-vor-gewitter-starkregen-und-sturmboeen-in-hessen","status":"publish","type":"post","link":"https:\/\/www.europesays.com\/de\/1172964\/","title":{"rendered":"Frankfurt: DWD warnt vor Gewitter, Starkregen und Sturmb\u00f6en in Hessen"},"content":{"rendered":"<p>Unwettergefahr in Hessen <\/p>\n<p>Bis zu 50 Liter Regen und schwere Sturmb\u00f6en drohen<\/p>\n<p>17.07.2026 &#8211; 10:26 UhrLesedauer: 2 Min.<\/p>\n<p><a href=\"#focus-0\" class=\"transition-colors block text-current relative\" data-sctrack=\"FocusGalleryImage.Reference\"><img fetchpriority=\"high\" data-testid=\"Opener.Image\"   loading=\"eager\" src=\"https:\/\/www.europesays.com\/de\/wp-content\/uploads\/2026\/07\/erneut-drohen-gewitter-in-teilen-baden-wuerttembergs.jpg\" alt=\"Unwetter in Baden-W\u00fcrttemberg\" title=\"Unwetter in Baden-W\u00fcrttemberg\" width=\"2048\" height=\"1152\" class=\"bg-[url:var(--lqipURL)] bg-cover bg-center flex h-full w-full max-w-full\" style=\"--lqipURL:url('https:\/\/images.t-online.de\/2026\/07\/jTZ18i2TZ91g\/0x107:2048x1152\/fit-in\/150x0\/filters:blur(25)\/erneut-drohen-gewitter-in-teilen-baden-wuerttembergs.jpg')\" decoding=\"async\"\/><img loading=\"lazy\" src=\"https:\/\/frankfurt.t-online.de\/s\/paper\/_next\/static\/media\/zoom-in.f7dae02f.svg\" alt=\"Vergr\u00f6\u00dfern des Bildes\" title=\"Vergr\u00f6\u00dfern des Bildes\" class=\"block h-[calc(var(--height)_\/_16_*_1rem)] w-[calc(var(--width)_\/_16_*_1rem)] max-w-none absolute right-8 bottom-8 rounded-4 bg-snow p-8\" style=\"--width:32;--height:32\" decoding=\"async\"\/><\/a><\/p>\n<p>Gewitterwolken (Symbolbild): Erneut drohen Gewitter im Rhein-Main-Gebiet und in Hessen. (Quelle: Alexander Wolf\/onw-images\/dpa\/dpa-bilder)<\/p>\n<p><img loading=\"lazy\" src=\"https:\/\/frankfurt.t-online.de\/s\/paper\/_next\/static\/media\/audio-volume.6689034c.svg\" alt=\"\" title=\"\" class=\"block h-[calc(var(--height)_\/_16_*_1rem)] w-[calc(var(--width)_\/_16_*_1rem)] max-w-none group-hover:brightness-0 group-hover:invert\" style=\"--width:16;--height:16\" decoding=\"async\"\/>Vorlesen<\/p>\n<p>Aktuelle Zeit:0:00Gesamtdauer:0:00<\/p>\n<p>1x<\/p>\n<p class=\"text-center\">Jetzt neu bei t-online:<\/p>\n<p class=\"text-center\">Schriftgr\u00f6\u00dfe anpassen!<\/p>\n<p><img loading=\"lazy\" src=\"https:\/\/frankfurt.t-online.de\/s\/paper\/_next\/static\/media\/font-sizes.32942e33.svg\" alt=\"\" title=\"\" class=\"block h-[calc(var(--height)_\/_16_*_1rem)] w-[calc(var(--width)_\/_16_*_1rem)] max-w-none group-hover:hidden group-aria-expanded:hidden\" style=\"--width:16;--height:16\" decoding=\"async\"\/><img loading=\"lazy\" src=\"https:\/\/frankfurt.t-online.de\/s\/paper\/_next\/static\/media\/font-sizes-dark-mode.e382645c.svg\" alt=\"\" title=\"\" class=\"block h-[calc(var(--height)_\/_16_*_1rem)] w-[calc(var(--width)_\/_16_*_1rem)] max-w-none hidden group-hover:block group-aria-expanded:block\" style=\"--width:16;--height:16\" decoding=\"async\"\/><img loading=\"lazy\" src=\"https:\/\/frankfurt.t-online.de\/s\/paper\/_next\/static\/media\/sharing-menu-icon.1eb71368.svg\" alt=\"\" title=\"\" class=\"block h-[calc(var(--height)_\/_16_*_1rem)] w-[calc(var(--width)_\/_16_*_1rem)] max-w-none group-hover:brightness-0 group-hover:invert\" style=\"--width:16;--height:16\" decoding=\"async\"\/>Artikel teilen<\/p>\n<p class=\"font-bold text-18 leading-17 user-text-lg:text-22 user-text-xl:text-24\"><strong class=\"font-bold\">Frankfurt und weite Teile Hessens m\u00fcssen sich am Freitag auf heftige Gewitter einstellen. Der DWD warnt vor Starkregen, gr\u00f6\u00dferem Hagel und schweren Sturmb\u00f6en.<\/strong><\/p>\n<p class=\"text-18 leading-17 user-text-lg:text-22 user-text-xl:text-24\">Frankfurt und Hessen steht am Freitag ein turbulenter Wettertag bevor. Der Deutsche Wetterdienst (DWD) warnt vor teils schweren Gewittern mit Starkregen, Hagel und Sturmb\u00f6en. Lokal sind auch extreme Regenmengen m\u00f6glich.<\/p>\n<p class=\"text-18 leading-17 user-text-lg:text-22 user-text-xl:text-24\">Bereits am Vormittag ziehen aus S\u00fcdwesten erste Gewitter \u00fcber Hessen. Dabei k\u00f6nnen innerhalb einer Stunde bis zu 25 Liter Regen pro Quadratmeter fallen. Zudem sind Hagel und Sturmb\u00f6en mit Geschwindigkeiten von bis zu 80 Kilometern pro Stunde m\u00f6glich.<\/p>\n<p>DWD rechnet \u00f6rtlich mit Unwetter<\/p>\n<p class=\"text-18 leading-17 user-text-lg:text-22 user-text-xl:text-24\">Vor allem vom Nachmittag an kann sich die Lage deutlich versch\u00e4rfen. \u00d6rtlich rechnet der DWD mit Unwettern und bis zu 40 Litern Regen pro Quadratmeter in kurzer Zeit. Auch gr\u00f6\u00dferer Hagel sowie schwere Sturmb\u00f6en mit bis zu 100 Kilometern pro Stunde sind m\u00f6glich. Punktuell seien sogar bis zu 50 Liter Regen pro Quadratmeter nicht v\u00f6llig ausgeschlossen.<\/p>\n<p class=\"text-18 leading-17 user-text-lg:text-22 user-text-xl:text-24\">Auch Frankfurt liegt damit im m\u00f6glichen Gewittergebiet. Am Flughafen wurden am Freitagmorgen 20 Grad bei hoher Luftfeuchtigkeit gemessen. Im Tagesverlauf sollen die Temperaturen dort auf bis zu 29 Grad steigen. Die schw\u00fcl-warme Luft bietet g\u00fcnstige Bedingungen f\u00fcr kr\u00e4ftige Gewitter.<\/p>\n<p>Hagel, Starkregen und Sturmb\u00f6en m\u00f6glich<\/p>\n<p class=\"text-18 leading-17 user-text-lg:text-22 user-text-xl:text-24\">In ganz Hessen liegen die H\u00f6chstwerte am Freitag zwischen 25 und 29 Grad, im Bergland um 23 Grad. Neben Frankfurt k\u00f6nnen auch andere Teile des Rhein-Main-Gebiets von Starkregen, Hagel und Sturmb\u00f6en betroffen sein. Wo genau sich die heftigsten Gewitter bilden, l\u00e4sst sich nach Angaben des Wetterdienstes nur kurzfristig bestimmen.<\/p>\n<p class=\"text-18 leading-17 user-text-lg:text-22 user-text-xl:text-24\">Die Wetterlage ist Teil einer gr\u00f6\u00dferen Unwetterzone \u00fcber Deutschland. Abgesehen vom Nordwesten drohen in weiten Teilen des Landes schwere Gewitter. Im S\u00fcden und S\u00fcdwesten sind lokal sogar Hagelk\u00f6rner mit mehr als drei Zentimetern Durchmesser und Orkanb\u00f6en mit bis zu 130 Kilometern pro Stunde m\u00f6glich.<\/p>\n<p class=\"text-18 leading-17 user-text-lg:text-22 user-text-xl:text-24\">In der Nacht zum Samstag ziehen die Schauer und Gewitter in Hessen allm\u00e4hlich nach S\u00fcdosten ab. Am Samstag beruhigt sich die Lage in Frankfurt und Hessen deutlich. Es wird heiter und meist niederschlagsfrei. Vor allem im Bergland sind noch einzelne Schauer oder kurze Gewitter m\u00f6glich. Die H\u00f6chstwerte liegen zwischen 22 und 27 Grad. F\u00fcr Frankfurt werden bis zu 28 Grad erwartet.<\/p>\n<p class=\"text-18 leading-17 user-text-lg:text-22 user-text-xl:text-24\">Am Sonntag wird es sp\u00fcrbar k\u00fchler. Im Rhein-Main-Gebiet sind noch bis zu 25 Grad m\u00f6glich, im Bergland werden nur rund 18 Grad erreicht. Meist bleibt es trocken, lediglich im Nordosten Hessens k\u00f6nnen Schauer oder einzelne Gewitter auftreten.<\/p>\n<p class=\"text-18 leading-17 user-text-lg:text-22 user-text-xl:text-24\">Auch am Montag bleibt es wechselhaft und vergleichsweise k\u00fchl. Die Temperaturen erreichen zwischen 18 Grad im Bergland und 24 Grad im Rhein-Main-Gebiet.<\/p>\n","protected":false},"excerpt":{"rendered":"Unwettergefahr in Hessen Bis zu 50 Liter Regen und schwere Sturmb\u00f6en drohen 17.07.2026 &#8211; 10:26 UhrLesedauer: 2 Min.&hellip;\n","protected":false},"author":2,"featured_media":1172965,"comment_status":"","ping_status":"","sticky":false,"template":"","format":"standard","meta":{"footnotes":"","_share_on_mastodon":"0"},"categories":[1829],"tags":[722,31862,950,29,4906,2050,2051,30,19634,33778,2052,16803,32438,4028,33153,245622],"class_list":["post-1172964","post","type-post","status-publish","format-standard","has-post-thumbnail","category-frankfurt-am-main","tag-722","tag-bergland","tag-deutscher-wetterdienst","tag-deutschland","tag-dwd","tag-frankfurt","tag-frankfurt-am-main","tag-germany","tag-gewitter","tag-gewitterwolke","tag-hessen","tag-rhein-main-gebiet","tag-sturmboee","tag-unwetter","tag-unwettergefahr","tag-wettertag"],"share_on_mastodon":{"url":"https:\/\/pubeurope.com\/@de\/116934441341538884","error":""},"_links":{"self":[{"href":"https:\/\/www.europesays.com\/de\/wp-json\/wp\/v2\/posts\/1172964","targetHints":{"allow":["GET"]}}],"collection":[{"href":"https:\/\/www.europesays.com\/de\/wp-json\/wp\/v2\/posts"}],"about":[{"href":"https:\/\/www.europesays.com\/de\/wp-json\/wp\/v2\/types\/post"}],"author":[{"embeddable":true,"href":"https:\/\/www.europesays.com\/de\/wp-json\/wp\/v2\/users\/2"}],"replies":[{"embeddable":true,"href":"https:\/\/www.europesays.com\/de\/wp-json\/wp\/v2\/comments?post=1172964"}],"version-history":[{"count":0,"href":"https:\/\/www.europesays.com\/de\/wp-json\/wp\/v2\/posts\/1172964\/revisions"}],"wp:featuredmedia":[{"embeddable":true,"href":"https:\/\/www.europesays.com\/de\/wp-json\/wp\/v2\/media\/1172965"}],"wp:attachment":[{"href":"https:\/\/www.europesays.com\/de\/wp-json\/wp\/v2\/media?parent=1172964"}],"wp:term":[{"taxonomy":"category","embeddable":true,"href":"https:\/\/www.europesays.com\/de\/wp-json\/wp\/v2\/categories?post=1172964"},{"taxonomy":"post_tag","embeddable":true,"href":"https:\/\/www.europesays.com\/de\/wp-json\/wp\/v2\/tags?post=1172964"}],"curies":[{"name":"wp","href":"https:\/\/api.w.org\/{rel}","templated":true}]}}