{"id":1172970,"date":"2026-07-17T08:47:18","date_gmt":"2026-07-17T08:47:18","guid":{"rendered":"https:\/\/www.europesays.com\/de\/1172970\/"},"modified":"2026-07-17T08:47:18","modified_gmt":"2026-07-17T08:47:18","slug":"fw-m-feuerwehr-auszeichnungen-fuer-besondere-verdienste-und-engagement-muenchen","status":"publish","type":"post","link":"https:\/\/www.europesays.com\/de\/1172970\/","title":{"rendered":"FW-M: Feuerwehr-Auszeichnungen f\u00fcr besondere Verdienste und Engagement (M\u00fcnchen)"},"content":{"rendered":"<p class=\"date\">17.07.2026 \u2013 10:37<\/p>\n<p class=\"customer\">\n                        <a class=\"story-customer\" title=\"weiter zum newsroom von Feuerwehr M\u00fcnchen\" href=\"https:\/\/www.presseportal.de\/blaulicht\/nr\/131419\" rel=\"nofollow noopener\" target=\"_blank\">Feuerwehr M\u00fcnchen<\/a>\n                    <\/p>\n<p><a class=\"glightbox-pseudo event-trigger\" href=\"https:\/\/cache.pressmailing.net\/thumbnail\/story_hires\/6a763851-6677-4fc0-aa08-a4fe6bdadefa\/2026_07_16_Ehrenabend_026_presse.jpg.jpg\" data-description=\"Foto der Feuerwehr M\u00fcnchen\" data-category=\"medialightbox\" data-action=\"click\" data-label=\"single\" data-value=\"6a59e9b4270000fd2c4bd2ef\" rel=\"nofollow noopener\" target=\"_blank\"><img decoding=\"async\" height=\"540\" with=\"720\" src=\"https:\/\/www.europesays.com\/de\/wp-content\/uploads\/2026\/07\/fw-m-feuerwehr-auszeichnungen-f-r-besondere-verdienste-und-engagement-m-nchen.jpeg\"   alt=\"FW-M: Feuerwehr-Auszeichnungen f\u00fcr besondere Verdienste und Engagement (M\u00fcnchen)\" class=\"single\"\/><\/a><\/p>\n<p><a data-category=\"citylink-story-view\" data-action=\"click\" data-label=\"Citylink in Meldungsansicht\" class=\"story-city event-trigger\" href=\"https:\/\/www.presseportal.de\/regional\/M%FCnchen\" title=\"News aus M\u00fcnchen \" rel=\"nofollow noopener\" target=\"_blank\">M\u00fcnchen<\/a> (ots)<\/p>\n<p>Donnerstag, 16. Juli 2026, 18 Uhr<\/p>\n<p>Alter Rathaussaal<\/p>\n<p>Die Landeshauptstadt M\u00fcnchen zeichnete am Donnerstagabend 85 Personen f\u00fcr herausragende und langj\u00e4hrige ehrenamtliche Arbeit aus. Die Zweite B\u00fcrgermeisterin Mona Fuchs er\u00f6ffnete die w\u00fcrdevolle Veranstaltung im Alten Rathaussaal. In ihrer Begr\u00fc\u00dfungsrede betonte die &#8222;Blaulichtb\u00fcrgermeisterin&#8220; die zentrale Rolle der Feuerwehr f\u00fcr die Sicherheit der Stadt sowie die im Rahmen der &#8222;Zeitenwende&#8220; immer st\u00e4rker werdende Schl\u00fcsselfunktion im Katastrophen- und Zivilschutz. Sie dankte ausdr\u00fccklich allen ehrenamtlichen Einsatzkr\u00e4ften und ihren Familien f\u00fcr die aufgebrachte Zeit und den Dienst an den B\u00fcrger*innen der Landeshauptstadt M\u00fcnchen.<\/p>\n<p>Als Erste an diesem Abend, wurde Frau Ilse Macek mit der Feuerwehr Ehrenmedaille des Landesfeuerwehrverbands Bayern e. V. (LFV) ausgezeichnet. Frau Macek leistete \u00fcber viele Jahre einen bedeutenden Beitrag zur Aufarbeitung der Rolle von Polizei und Feuerwehr in der Zeit des Nationalsozialismus. Mit Beharrlichkeit und ihrer charmanten Art schaffte sie eine Erinnerungskultur innerhalb der Feuerwehr M\u00fcnchen zu den Opfern der nationalsozialistischen Verfolgung. Die Feuerwehr-Ehrenmedaille des LFV ist eine besondere Ehrung f\u00fcr au\u00dfergew\u00f6hnliche Verdienste. Sie wird Personen verliehen, die sich nicht im aktiven Feuerwehrdienst befinden.<\/p>\n<p>Mit dem Bayerischen Feuerwehr Ehrenkreuz in Silber des LFV wurden dieses Jahr 12 verdiente Feuerwehrleute ausgezeichnet, die sich durch \u00dcbernahme von F\u00fchrungsfunktionen oder auch Sonderaufgaben zur Weiterentwicklung der Feuerwehr M\u00fcnchen verdient gemacht haben. Durch ihre herausragende Arbeit, teilweise \u00fcber Jahrzehnte, pr\u00e4gen sie noch heute die Freiwillige Feuerwehr M\u00fcnchen. Ausgezeichnet wurden: Stefan Bierling, Alexander Bothner, Thomas Hain, Andreas Hochstetter, Georg Kleiber, Andreas K\u00f6chel, Thomas Lommer, Jan Niederhausen, Christof Reithinger, Stefan Sattler, Markus Wehr und Markus Zawadke.<\/p>\n<p>Unter der Leitung von Oberbranddirektor Wolfgang Sch\u00e4uble konnten mit dem Kommandanten der Freiwilligen Feuerwehr, Claudius Blank, zusammen mit seinen Stellvertretern Florian Klein und Michael Schmid, weitere Ehrungen f\u00fcr ihre langj\u00e4hrige Treue und aktive Mitgliedschaft in der Freiwilligen Feuerwehr M\u00fcnchen verliehen werden. Die Medaille &#8222;M\u00fcnchen leuchtet&#8220; ist dabei eine Besonderheit der Landeshauptstadt. Sie zeichnet Mitglieder nach 12 bzw. 30 aktiven Dienstjahren f\u00fcr ihre Einsatzbereitschaft f\u00fcr die Stadt aus und wurde von der Zweiten B\u00fcrgermeisterin Mona Fuchs verliehen.<\/p>\n<p>Die Ehrungen umfassten:<\/p>\n<p>   &#8211;\t25-mal &#8222;M\u00fcnchen leuchtet&#8220; in Bronze (f\u00fcr 12 Jahre aktiven<br \/>\nFeuerwehrdienst in M\u00fcnchen)   &#8211;\t5-mal &#8222;M\u00fcnchen leuchtet&#8220; in Silber (f\u00fcr 30 Jahre aktiven<br \/>\nFeuerwehrdienst in M\u00fcnchen)   &#8211;\t25-mal das Staatliche Ehrenzeichen in Silber des Freistaats<br \/>\nBayern (f\u00fcr 25 Dienstjahre)   &#8211;\t11-mal das Staatliche Ehrenzeichen in Gold des Freistaats Bayern<br \/>\n(f\u00fcr 40 Dienstjahre)<\/p>\n<p>Dar\u00fcber hinaus bat das Kommando der Freiwilligen Feuerwehr zusammen mit Gesch\u00e4ftsf\u00fchrer Dr. Frank H\u00f6ndgen noch Manfred Tsch\u00f6pe von der Abteilung Forstenried auf die B\u00fchne. Sichtlich bewegt nahm der langj\u00e4hrige Abteilungskommandant die Auszeichnung zum Ehren-Abteilungskommandanten entgegen.<\/p>\n<p>Nach der Ehrungszeremonie lud Oberbranddirektor Wolfgang Sch\u00e4uble die 185 G\u00e4ste zu einem Stehempfang ein. Diesen nutzten die Anwesenden, um sich \u00fcber vergangene Eins\u00e4tze, zuk\u00fcnftige Herausforderungen sowie die gemeinsame Arbeit der Feuerwehr auszutauschen.<\/p>\n<p>(rec)<\/p>\n<p class=\"contact-headline\">R\u00fcckfragen von Medienvertretern bitte an:<\/p>\n<p class=\"contact-text\">Pressekontakt:<br \/>Feuerwehr M\u00fcnchen<br \/>Pressestelle<br \/>Telefon: 089 \/ 2353 31311<br \/>(Montag bis Donnerstag von 08:30 bis 15:00 Uhr, Freitag von 08:30 bis<br \/>12:00 Uhr)<br \/>E-Mail: <a href=\"https:\/\/www.presseportal.de\/blaulicht\/pm\/131419\/mailto:presse.feuerwehr@muenchen.de\" class=\"uri-mailto\" rel=\"nofollow noopener\" target=\"_blank\">presse.feuerwehr@muenchen.de<\/a><\/p>\n<p>Internet: <a target=\"_blank\" class=\"uri-ext outbound\" rel=\"noopener nofollow\" href=\"https:\/\/www.feuerwehr-muenchen.de\">www.feuerwehr-muenchen.de<\/a><br \/>Twitter: <a target=\"_blank\" class=\"uri-ext outbound\" rel=\"noopener nofollow\" href=\"https:\/\/www.twitter.com\/BFMuenchen\">www.twitter.com\/BFMuenchen<\/a><br \/>Facebook: <a target=\"_blank\" class=\"uri-ext outbound\" rel=\"noopener nofollow\" href=\"https:\/\/www.facebook.com\/feuerwehr.muenchen\/\">www.facebook.com\/feuerwehr.muenchen\/<\/a><br \/>LinkedIn: <a target=\"_blank\" class=\"uri-ext outbound\" rel=\"noopener nofollow\" href=\"https:\/\/www.linkedin.com\/company\/feuerwehrmuenchen\">www.linkedin.com\/company\/feuerwehrmuenchen<\/a><br \/>Instagram: <a target=\"_blank\" class=\"uri-ext outbound\" rel=\"noopener nofollow\" href=\"https:\/\/www.instagram.com\/feuerwehrmuenchen\/\">www.instagram.com\/feuerwehrmuenchen\/<\/a><\/p>\n<p class=\"originator\">Original-Content von: Feuerwehr M\u00fcnchen, \u00fcbermittelt durch news aktuell<\/p>\n<p>                <script async src=\"https:\/\/platform.twitter.com\/widgets.js\" charset=\"utf-8\"><\/script><script async src=\"\/\/www.instagram.com\/embed.js\"><\/script><\/p>\n","protected":false},"excerpt":{"rendered":"17.07.2026 \u2013 10:37 Feuerwehr M\u00fcnchen M\u00fcnchen (ots) Donnerstag, 16. Juli 2026, 18 Uhr Alter Rathaussaal Die Landeshauptstadt M\u00fcnchen&hellip;\n","protected":false},"author":2,"featured_media":1172971,"comment_status":"","ping_status":"","sticky":false,"template":"","format":"standard","meta":{"footnotes":"","_share_on_mastodon":"0"},"categories":[1827],"tags":[772,2919,2918,29,985,30,5669,1268,3908,178,180,179,181,11131,4028],"class_list":["post-1172970","post","type-post","status-publish","format-standard","has-post-thumbnail","category-muenchen","tag-bayern","tag-brand","tag-by","tag-deutschland","tag-feuerwehr","tag-germany","tag-hochwasser","tag-muenchen","tag-notfallrettung","tag-presse","tag-pressemeldung","tag-pressemitteilung","tag-pressemitteilungen","tag-technische-hilfeleistung","tag-unwetter"],"share_on_mastodon":{"url":"https:\/\/pubeurope.com\/@de\/116934453874196504","error":""},"_links":{"self":[{"href":"https:\/\/www.europesays.com\/de\/wp-json\/wp\/v2\/posts\/1172970","targetHints":{"allow":["GET"]}}],"collection":[{"href":"https:\/\/www.europesays.com\/de\/wp-json\/wp\/v2\/posts"}],"about":[{"href":"https:\/\/www.europesays.com\/de\/wp-json\/wp\/v2\/types\/post"}],"author":[{"embeddable":true,"href":"https:\/\/www.europesays.com\/de\/wp-json\/wp\/v2\/users\/2"}],"replies":[{"embeddable":true,"href":"https:\/\/www.europesays.com\/de\/wp-json\/wp\/v2\/comments?post=1172970"}],"version-history":[{"count":0,"href":"https:\/\/www.europesays.com\/de\/wp-json\/wp\/v2\/posts\/1172970\/revisions"}],"wp:featuredmedia":[{"embeddable":true,"href":"https:\/\/www.europesays.com\/de\/wp-json\/wp\/v2\/media\/1172971"}],"wp:attachment":[{"href":"https:\/\/www.europesays.com\/de\/wp-json\/wp\/v2\/media?parent=1172970"}],"wp:term":[{"taxonomy":"category","embeddable":true,"href":"https:\/\/www.europesays.com\/de\/wp-json\/wp\/v2\/categories?post=1172970"},{"taxonomy":"post_tag","embeddable":true,"href":"https:\/\/www.europesays.com\/de\/wp-json\/wp\/v2\/tags?post=1172970"}],"curies":[{"name":"wp","href":"https:\/\/api.w.org\/{rel}","templated":true}]}}