{"id":1173000,"date":"2026-07-17T09:05:21","date_gmt":"2026-07-17T09:05:21","guid":{"rendered":"https:\/\/www.europesays.com\/de\/1173000\/"},"modified":"2026-07-17T09:05:21","modified_gmt":"2026-07-17T09:05:21","slug":"wm-2026-rekordserie-des-fc-bayern-reist-die-von-inter-geht-weiter","status":"publish","type":"post","link":"https:\/\/www.europesays.com\/de\/1173000\/","title":{"rendered":"WM 2026: Rekordserie des FC Bayern reist \u2013 die von Inter geht weiter"},"content":{"rendered":"<p>Nach 40 Jahren ist Schluss <\/p>\n<p>WM-Rekordserie des FC Bayern rei\u00dft<\/p>\n<p>17.07.2026 &#8211; 10:06 UhrLesedauer: 1 Min.<\/p>\n<p><a href=\"#focus-0\" class=\"transition-colors block text-current relative\" data-sctrack=\"FocusGalleryImage.Reference\"><img fetchpriority=\"high\" data-testid=\"Opener.Image\"   loading=\"eager\" src=\"https:\/\/www.europesays.com\/de\/wp-content\/uploads\/2026\/07\/dayot-upamecano-der-franzoesische-innenverteidiger-vom-fc-bayern-verpasste-das-finale.jpg\" alt=\"Dayot Upamecano: Der franz\u00f6sische Innenverteidiger vom FC Bayern verpasste das Finale.\" title=\"Dayot Upamecano: Der franz\u00f6sische Innenverteidiger vom FC Bayern verpasste das Finale.\" width=\"3597\" height=\"2024\" class=\"bg-[url:var(--lqipURL)] bg-cover bg-center flex h-full w-full max-w-full\" style=\"--lqipURL:url('https:\/\/images.t-online.de\/2026\/07\/eJ1N9FmSc-4R\/514x857:3597x2024\/fit-in\/150x0\/filters:blur(25)\/dayot-upamecano-der-franzoesische-innenverteidiger-vom-fc-bayern-verpasste-das-finale.jpg')\" decoding=\"async\"\/><img loading=\"lazy\" src=\"https:\/\/www.t-online.de\/s\/paper\/_next\/static\/media\/zoom-in.f7dae02f.svg\" alt=\"Vergr\u00f6\u00dfern des Bildes\" title=\"Vergr\u00f6\u00dfern des Bildes\" class=\"block h-[calc(var(--height)_\/_16_*_1rem)] w-[calc(var(--width)_\/_16_*_1rem)] max-w-none absolute right-8 bottom-8 rounded-4 bg-snow p-8\" style=\"--width:32;--height:32\" decoding=\"async\"\/><\/a><\/p>\n<p>Dayot Upamecano: Der franz\u00f6sische Innenverteidiger vom FC Bayern verpasst das Finale. (Quelle: IMAGO\/DeFodi.de)<\/p>\n<p class=\"font-bold text-18 leading-17 user-text-lg:text-22 user-text-xl:text-24\">Michael Olise und Dayot Upamecano scheiterten am Dienstag im Halbfinale, Harry Kane am Mittwoch. Damit endet bei der WM eine Serie der Bayern.<\/p>\n<p class=\"text-18 leading-17 user-text-lg:text-22 user-text-xl:text-24\">Von 1982 bis 2022, von Madrid bis nach Doha: 40 Jahre lang stand immer ein Spieler des <a href=\"https:\/\/www.t-online.de\/themen\/fc-bayern-muenchen\/\" class=\"transition-colors cursor-pointer no-underline md:hover:text-magenta md:focus:text-magenta border-b border-solid border-current text-salemsfur md:hover:border-magenta\" data-tracking=\"{&quot;action&quot;:&quot;click&quot;,&quot;category&quot;:&quot;intextLink&quot;,&quot;label&quot;:&quot;\/themen\/fc-bayern-muenchen\/&quot;}\" data-sctrack=\"BodyAnchor\" rel=\"nofollow noopener\" target=\"_blank\">FC Bayern<\/a> im WM-Finale. Durch das Halbfinal-Aus von <a href=\"https:\/\/www.t-online.de\/themen\/harry-kane\/\" class=\"transition-colors cursor-pointer no-underline md:hover:text-magenta md:focus:text-magenta border-b border-solid border-current text-salemsfur md:hover:border-magenta\" data-tracking=\"{&quot;action&quot;:&quot;click&quot;,&quot;category&quot;:&quot;intextLink&quot;,&quot;label&quot;:&quot;\/themen\/harry-kane\/&quot;}\" data-sctrack=\"BodyAnchor\" rel=\"nofollow noopener\" target=\"_blank\">Harry Kane<\/a> mit England sowie von <a href=\"https:\/\/www.t-online.de\/themen\/michael-olise\/\" class=\"transition-colors cursor-pointer no-underline md:hover:text-magenta md:focus:text-magenta border-b border-solid border-current text-salemsfur md:hover:border-magenta\" data-tracking=\"{&quot;action&quot;:&quot;click&quot;,&quot;category&quot;:&quot;intextLink&quot;,&quot;label&quot;:&quot;\/themen\/michael-olise\/&quot;}\" data-sctrack=\"BodyAnchor\" rel=\"nofollow noopener\" target=\"_blank\">Michael Olise<\/a> und <a href=\"https:\/\/www.t-online.de\/themen\/dayot-upamecano\/\" class=\"transition-colors cursor-pointer no-underline md:hover:text-magenta md:focus:text-magenta border-b border-solid border-current text-salemsfur md:hover:border-magenta\" data-tracking=\"{&quot;action&quot;:&quot;click&quot;,&quot;category&quot;:&quot;intextLink&quot;,&quot;label&quot;:&quot;\/themen\/dayot-upamecano\/&quot;}\" data-sctrack=\"BodyAnchor\" rel=\"nofollow noopener\" target=\"_blank\">Dayot Upamecano<\/a> mit Frankreich endet der Rekordlauf f\u00fcr die M\u00fcnchner nun aber.<\/p>\n<p class=\"text-18 leading-17 user-text-lg:text-22 user-text-xl:text-24\">Die Serie eines anderen Klubs l\u00e4uft hingegen weiter. Denn <a href=\"https:\/\/www.t-online.de\/themen\/inter-mailand\/\" class=\"transition-colors cursor-pointer no-underline md:hover:text-magenta md:focus:text-magenta border-b border-solid border-current text-salemsfur md:hover:border-magenta\" data-tracking=\"{&quot;action&quot;:&quot;click&quot;,&quot;category&quot;:&quot;intextLink&quot;,&quot;label&quot;:&quot;\/themen\/inter-mailand\/&quot;}\" data-sctrack=\"BodyAnchor\" rel=\"nofollow noopener\" target=\"_blank\">Inter Mailand<\/a> war ebenfalls seit 1982 vertreten \u2013 und ist es auch 2026. Zum zw\u00f6lften Mal in Folge steht mindestens ein Profi von Inter Mailand im Endspiel der <a href=\"https:\/\/www.t-online.de\/themen\/fussball-wm-2026\/\" class=\"transition-colors cursor-pointer no-underline md:hover:text-magenta md:focus:text-magenta border-b border-solid border-current text-salemsfur md:hover:border-magenta\" data-tracking=\"{&quot;action&quot;:&quot;click&quot;,&quot;category&quot;:&quot;intextLink&quot;,&quot;label&quot;:&quot;\/themen\/fussball-wm-2026\/&quot;}\" data-sctrack=\"BodyAnchor\" rel=\"nofollow noopener\" target=\"_blank\">Fu\u00dfball-Weltmeisterschaft<\/a>. Lautaro Mart\u00ednez trifft mit Argentinien auf Spanien \u2013 und der St\u00fcrmer hatte selbst einigen Anteil am Finaleinzug seines Teams. Im Halbfinale gegen England traf er in der Nachspielzeit zum 2:1-Sieg, schon im Viertelfinale gegen die Schweiz war er erfolgreich.<\/p>\n<p class=\"text-18 leading-17 user-text-lg:text-22 user-text-xl:text-24\">Die Chancen f\u00fcr Inter auf eine weitere &#8222;Finalteilnahme&#8220; waren zu Beginn des Turniers \u00fcbrigens \u00fcberschaubar \u2013 zumindest statistisch: Italien hatte sich zum dritten Mal in Folge nicht f\u00fcr die <a href=\"https:\/\/www.t-online.de\/themen\/fussball-wm-2026\/\" class=\"transition-colors cursor-pointer no-underline md:hover:text-magenta md:focus:text-magenta border-b border-solid border-current text-salemsfur md:hover:border-magenta\" data-tracking=\"{&quot;action&quot;:&quot;click&quot;,&quot;category&quot;:&quot;intextLink&quot;,&quot;label&quot;:&quot;\/themen\/fussball-wm-2026\/&quot;}\" data-sctrack=\"BodyAnchor\" rel=\"nofollow noopener\" target=\"_blank\">WM<\/a> qualifiziert, und von den insgesamt 1.248 Profis bei der Endrunde standen lediglich sieben bei den &#8222;Nerazzurri&#8220; unter Vertrag.<\/p>\n","protected":false},"excerpt":{"rendered":"Nach 40 Jahren ist Schluss WM-Rekordserie des FC Bayern rei\u00dft 17.07.2026 &#8211; 10:06 UhrLesedauer: 1 Min. Dayot Upamecano:&hellip;\n","protected":false},"author":2,"featured_media":1173001,"comment_status":"","ping_status":"","sticky":false,"template":"","format":"standard","meta":{"footnotes":"","_share_on_mastodon":"0"},"categories":[136],"tags":[13151,29,7264,3058,458,156,30,2245,11709,9007,10277,45759,265,146265],"class_list":["post-1173000","post","type-post","status-publish","format-standard","has-post-thumbnail","category-sport","tag-dayot-upamecano","tag-deutschland","tag-doha","tag-england","tag-fc-bayern-muenchen","tag-frankreich","tag-germany","tag-halbfinale","tag-harry-kane","tag-inter-mailand","tag-madrid","tag-michael-olise","tag-sport","tag-wm-finale"],"share_on_mastodon":{"url":"","error":""},"_links":{"self":[{"href":"https:\/\/www.europesays.com\/de\/wp-json\/wp\/v2\/posts\/1173000","targetHints":{"allow":["GET"]}}],"collection":[{"href":"https:\/\/www.europesays.com\/de\/wp-json\/wp\/v2\/posts"}],"about":[{"href":"https:\/\/www.europesays.com\/de\/wp-json\/wp\/v2\/types\/post"}],"author":[{"embeddable":true,"href":"https:\/\/www.europesays.com\/de\/wp-json\/wp\/v2\/users\/2"}],"replies":[{"embeddable":true,"href":"https:\/\/www.europesays.com\/de\/wp-json\/wp\/v2\/comments?post=1173000"}],"version-history":[{"count":0,"href":"https:\/\/www.europesays.com\/de\/wp-json\/wp\/v2\/posts\/1173000\/revisions"}],"wp:featuredmedia":[{"embeddable":true,"href":"https:\/\/www.europesays.com\/de\/wp-json\/wp\/v2\/media\/1173001"}],"wp:attachment":[{"href":"https:\/\/www.europesays.com\/de\/wp-json\/wp\/v2\/media?parent=1173000"}],"wp:term":[{"taxonomy":"category","embeddable":true,"href":"https:\/\/www.europesays.com\/de\/wp-json\/wp\/v2\/categories?post=1173000"},{"taxonomy":"post_tag","embeddable":true,"href":"https:\/\/www.europesays.com\/de\/wp-json\/wp\/v2\/tags?post=1173000"}],"curies":[{"name":"wp","href":"https:\/\/api.w.org\/{rel}","templated":true}]}}