{"id":1173102,"date":"2026-07-17T10:03:21","date_gmt":"2026-07-17T10:03:21","guid":{"rendered":"https:\/\/www.europesays.com\/de\/1173102\/"},"modified":"2026-07-17T10:03:21","modified_gmt":"2026-07-17T10:03:21","slug":"rheinkirmes-duesseldorf-2026-parken-rheinbahn-auto","status":"publish","type":"post","link":"https:\/\/www.europesays.com\/de\/1173102\/","title":{"rendered":"Rheinkirmes D\u00fcsseldorf 2026: Parken, Rheinbahn, Auto"},"content":{"rendered":"<p class=\"richtext text-em-55 !leading-serif mx-6 desktop:mx-0\">Rund vier Millionen Menschen besuchen j\u00e4hrlich die Rheinkirmes in <a href=\"https:\/\/rp-online.de\/thema\/duesseldorf\/\" rel=\"nofollow noopener\" target=\"_blank\">D\u00fcsseldorf<\/a>. Die Anreise mit den \u00f6ffentlichen Verkehrsmitteln empfiehlt sich, da im direkten Umfeld der Kirmeswiesen die Stra\u00dfen gesperrt werden und keine Parkpl\u00e4tze zu finden sind.<\/p>\n<p>Mit Bus und Bahn zur Kirmes      <\/p>\n<p class=\"text_ohne_einzug richtext text-em-55 !leading-serif mx-6 desktop:mx-0\">Auf fast allen Linien gibt es w\u00e4hrend der zehn Veranstaltungstage ein <a href=\"https:\/\/rp-online.de\/nrw\/staedte\/duesseldorf\/kirmes\/rheinkirmes-2026-duesseldorf-so-faehrt-die-rheinbahn-mit-erweitertem-fahrplan_aid-151048799#https:\/\/rp-online.de\/nrw\/staedte\/duesseldorf\/verkehr\/rheinkirmes-2026-duesseldorf-rheinbahn-mit-mehr-bahnen-mehr-bussen-und-bis-tief-in-die-nacht_aid-151048799\" target=\"_blank\" name=\"https:\/\/rp-online.de\/nrw\/staedte\/duesseldorf\/verkehr\/rheinkirmes-2026-duesseldorf-rheinbahn-mit-mehr-bahnen-mehr-bussen-und-bis-tief-in-die-nacht_aid-151048799\" rel=\"nofollow noopener\">verst\u00e4rktes Angebot<\/a>, das weit \u00fcber den regul\u00e4ren Fahrplan hinausgeht. Vor allem an den beiden Freitagen (17. und 24. Juli) und Samstagen (18. und 25. Juli) sowie wegen der zus\u00e4tzlichen Drohnenshow am Dienstag, 21.\u2005Juli, und am Drohnenshow- und Feuerwerksfreitag, 24. Juli, bietet die <a href=\"https:\/\/rp-online.de\/thema\/rheinbahn\/\" rel=\"nofollow noopener\" target=\"_blank\">Rheinbahn<\/a> das st\u00e4rkste Angebot auf ihren Bus- und Bahnlinien an.<\/p>\n<p class=\"richtext text-em-55 !leading-serif mx-6 desktop:mx-0\">Mit den Stadtbahnen U75, U76 und U77 sowie der zus\u00e4tzlichen Linie &#8222;E&#8220; erreichen die Kirmesg\u00e4ste die zentrale Haltestelle \u201eLuegplatz&#8220; vom Hauptbahnhof in nur sieben Minuten. In den Spitzenzeiten fahren die Bahnen alle zwei Minuten. Auch die Stadtbahnlinie U70 h\u00e4lt w\u00e4hrend der <a href=\"https:\/\/rp-online.de\/thema\/kirmes\/\" rel=\"nofollow noopener\" target=\"_blank\">Kirmes<\/a> ab 13 Uhr zus\u00e4tzlich an der Haltestelle \u201eLuegplatz&#8220;. Die Buslinien 835, 836 und M3 (au\u00dfer sonntags) erschlie\u00dfen den s\u00fcdlichen Kirmeseingang an der Haltestelle \u201eJugendherberge&#8220;.<\/p>\n<p class=\"richtext text-em-55 !leading-serif mx-6 desktop:mx-0\">Bis tief in die Nacht und in kurzen Abst\u00e4nden sind Busse und Bahnen im Einsatz, sowohl innerhalb D\u00fcsseldorfs als auch nach <a href=\"https:\/\/rp-online.de\/thema\/krefeld\/\" rel=\"nofollow noopener\" target=\"_blank\">Krefeld<\/a>, <a href=\"https:\/\/rp-online.de\/thema\/duisburg\/\" rel=\"nofollow noopener\" target=\"_blank\">Duisburg<\/a>, <a href=\"https:\/\/rp-online.de\/thema\/meerbusch\/\" rel=\"nofollow noopener\" target=\"_blank\">Meerbusch<\/a>, Neuss und Ratingen. In den Stadtteilen und im Kreis <a href=\"https:\/\/rp-online.de\/thema\/mettmann\/\" rel=\"nofollow noopener\" target=\"_blank\">Mettmann<\/a> fahren viele Buslinien h\u00e4ufiger, l\u00e4nger oder in dichterem Takt. Den Nachtverkehr mit den Buslinien 805 bis 817 bietet die Rheinbahn von Sonntag- bis Donnerstagnacht an. Die Nacht-Express-Linien NE1 bis NE8 fahren in den Wochenend-N\u00e4chten alle 30\u2005Minuten. Die Nachtlinie 830 in Meerbusch f\u00e4hrt im 60-Minuten-Takt. Wie gewohnt fahren an den Wochenenden alle Disco-Linien.<\/p>\n<p class=\"richtext text-em-55 !leading-serif mx-6 desktop:mx-0\">Achtung: Im Umfeld der Rheinkirmes gibt es keine offiziellen Parkpl\u00e4tze. Wer sich ins Parkverbot stellt, wird wahrscheinlich abgeschleppt. Die Anreisenden werden gebeten, mit \u00f6ffentlichen Verkehrsmitteln anzureisen. In Oberkassel sind ganze Wohngebiete nur f\u00fcr Anwohner befahrbar. Alternativ stehen aber zahlreiche <strong class=\"font-bold dark:text-white-solid\">Parkh\u00e4user <\/strong>in der D\u00fcsseldorfer Innenstadt zur Verf\u00fcgung, von denen die Kirmes in wenigen Minuten mit der Rheinbahn erreicht werden kann.<\/p>\n<p class=\"richtext text-em-55 !leading-serif mx-6 desktop:mx-0\">F\u00fcr Besucherinnen und Besucher, die keine Alternative zum Auto haben, hat die Landeshauptstadt Parkfl\u00e4chen im Kirmesumfeld organisiert. Ein Pkw-Sonderparkplatz f\u00fcr Schwerbehinderte mit rund 30 Stellpl\u00e4tzen wird an der Rheinkniebr\u00fccke eingerichtet. Die Zufahrt erfolgt \u00fcber den Kaiser-Wilhelm-Ring.<\/p>\n<p class=\"richtext text-em-55 !leading-serif mx-6 desktop:mx-0\">An den Wochenenden stehen im Parkhaus und auf dem barrierefreien Kundenparkplatz von <a href=\"https:\/\/rp-online.de\/thema\/vodafone\/\" rel=\"nofollow noopener\" target=\"_blank\">Vodafone<\/a> am Ferdinand-Braun-Platz 1 rund 1700 kostenlose Stellpl\u00e4tze zur Verf\u00fcgung. Der Vodafone Campus ist ebenfalls \u00fcber die B 7 und die Ausfahrt am Heerdter Lohweg zu erreichen. Von dort aus sind es 300 Meter bis zur Haltestelle \u201ePrinzenallee&#8220;, ab der die Linien U70, U76, U77 und 805 in Richtung Kirmes verkehren. \u00d6ffnungszeiten des Vodafone-Parkhauses sind freitags 15 bis 3 Uhr, samstags 12 bis 3 Uhr, sonntags 10 bis 1 Uhr.<\/p>\n<p class=\"richtext text-em-55 !leading-serif mx-6 desktop:mx-0\">An den Wochenenden kann zudem im Parkhaus der Provinzial-Versicherung mit freitags 600, an Wochenenden sogar 800 Stellpl\u00e4tzen nahe der Autobahn A 46, Ausfahrt Nr. 24 Wersten, kostenfrei geparkt werden. Die Zufahrt erfolgt \u00fcber K\u00f6lner Landstra\u00dfe und Hohensandweg und wird durch einen Verkehrsposten geregelt. Das Parkhaus kann auch als offizieller P+R-Platz genutzt werden, allerdings nur nach vorheriger Registrierung. Ab der Haltestelle \u201eWerstener Dorfstra\u00dfe&#8220; fahren drei Stadtbahnlinien (U72, U76 und U79) und vier Buslinien (SB50, 780, 782 und 785) in knapp 15 Minuten zur zentralen Haltestelle \u201eHeinrich-Heine-Allee&#8220;, die Linie U76 direkt bis zur Kirmeshaltestelle \u201eLuegplatz&#8220;. Das Parkhaus steht zu folgenden Zeiten zur Verf\u00fcgung: freitags 15 bis 3, samstags 12 bis 3, sonntags 10 bis 1 Uhr.<\/p>\n<p>Kostenfreie Park-and-Ride-Angebote      <\/p>\n<p class=\"text_ohne_einzug richtext text-em-55 !leading-serif mx-6 desktop:mx-0\">Besucherinnen und Besucher aus dem linksrheinischen Raum sollten insbesondere die P+R entlang der Rheinbahnlinien U70, U75 und U76 nutzen. Dazu z\u00e4hlen zum Beispiel \u201eHaus Meer&#8220; mit 470 Stellpl\u00e4tzen sowie der \u201eSimon-Gatzweiler-Platz&#8220; mit 200 Stellpl\u00e4tzen. Beide bieten eine direkte Stadtbahnverbindung zum Luegplatz.<\/p>\n<p class=\"richtext text-em-55 !leading-serif mx-6 desktop:mx-0\">Der P+R-Platz &#8222;Haus Meer&#8220; in Meerbusch ist von der Autobahn A 57, Ausfahrt Nr. 16 Bovert, zu erreichen. Mit den Linien U70 und U76 geht es von dort aus direkt bis zum Luegplatz.<\/p>\n<p class=\"richtext text-em-55 !leading-serif mx-6 desktop:mx-0\">Der P+R-Platz \u201eSimon-Gatzweiler-Platz&#8220; in Heerdt wird \u00fcber die Bundesstra\u00dfe B\u20057 und die Ausfahrt Heerdt am Heerdter Lohweg angefahren. Von dort f\u00e4hrt die U75 ab Haltestelle \u201eHeerdter Krankenhaus&#8220; direkt zum Luegplatz, genauso wie vom P+R-Platz &#8222;Am Kaiser S&#8220; mit gleichnamiger Haltestelle in Neuss. Diese Parkm\u00f6glichkeit ist am schnellsten von der A 52, Ausfahrt Nr. 14 B\u00fcderich, \u00fcber die Kevelaerer Stra\u00dfe und Burgunderstra\u00dfe zu erreichen.<\/p>\n<p class=\"richtext text-em-55 !leading-serif mx-6 desktop:mx-0\">Wer aus s\u00fcdlicher Richtung anreist, hat die Wahl zwischen Parkm\u00f6glichkeiten am S\u00fcdpark und am S\u00fcdfriedhof. Der P+R-Platz \u201eAm S\u00fcdfriedhof&#8220; mit 160 Stellpl\u00e4tzen ist \u00fcber die B 1 (S\u00fcdring) in D\u00fcsseldorf-Bilk zu erreichen. Von dort aus geht es ab Haltestelle \u201eS\u00fcdfriedhof&#8220; mit der Stra\u00dfenbahn 709 in Richtung Hauptbahnhof, wo die Kirmesg\u00e4ste in die Stadtbahnlinien U70, U75, U76 und U77 bis zum Luegplatz umsteigen k\u00f6nnen. Ebenfalls in Bilk an der Universit\u00e4tsstra\u00dfe liegt der P+R-Platz \u201eS\u00fcdpark&#8220; mit 250 Stellpl\u00e4tzen. Von dort aus fahren die Stadtbahnen U72, U73 und <a href=\"https:\/\/rp-online.de\/thema\/u79\/\" rel=\"nofollow noopener\" target=\"_blank\">U79<\/a> bis \u201eHeinrich-Heine-Allee&#8220; und von dort geht es mit den Linien U70, U75, U76 oder U77 weiter.<\/p>\n<p class=\"richtext text-em-55 !leading-serif mx-6 desktop:mx-0\">Besucherinnen und Besucher, die von Osten \u00fcber die Bergische Landstra\u00dfe zur Kirmes in die Stadt fahren, stellen ihr Auto am besten auf dem P+R-Platz \u201eGerresheim Krankenhaus&#8220; mit 100 Stellpl\u00e4tzen in D\u00fcsseldorf-Gerresheim ab. Von der gleichnamigen Haltestelle f\u00e4hrt die Linie U83 bis \u201eHeinrich-Heine-Allee&#8220; und die Linie 709 bis zum Hauptbahnhof. Dort jeweils umsteigen in die Linien U70, U75, U76 oder U77 bis Haltestelle \u201eLuegplatz&#8220;. Zudem bietet sich der P+R-Platz \u201eStaufenplatz&#8220; mit 300 Stellpl\u00e4tzen in D\u00fcsseldorf-Grafenberg an. Von dort verkehren die Linien U73, U83 und 709.<\/p>\n<p>Mit dem Rad und E-Scooter zur Rheinkirmes      <\/p>\n<p class=\"text_ohne_einzug richtext text-em-55 !leading-serif mx-6 desktop:mx-0\">F\u00fcr Fahrr\u00e4der stehen n\u00f6rdlich der Oberkasseler Br\u00fccke und am Kaiser-Wilhelm-Ring gro\u00dfe Abstellfl\u00e4chen bereit. An Br\u00fcckengel\u00e4ndern und Schutzz\u00e4unen auf dem gesamten Kirmesgel\u00e4nde gilt ein Fahrrad-Abstellverbot. Falsch abgestellte Fahrr\u00e4der werden aus Sicherheitsgr\u00fcnden entfernt.<\/p>\n<p class=\"richtext text-em-55 !leading-serif mx-6 desktop:mx-0\">F\u00fcr die Anreise mit Leihfahrr\u00e4dern und E-Scootern stehen auf den Rheinwiesen in unmittelbarer N\u00e4he der Kirmeseing\u00e4nge zwei gro\u00dffl\u00e4chige Sharingstationen zur Verf\u00fcgung. Hier k\u00f6nnen auch die neuen D\u00fcsselbikes abgestellt werden. Weitere tempor\u00e4re Sharingstationen sind im weiteren Umfeld der Kirmes im Bereich Ober- und Niederkassel eingerichtet. Das Abstellen der Sharing-Fahrzeuge ist w\u00e4hrend der gesamten Kirmeszeit nur in diesen ausgewiesenen Zonen m\u00f6glich. Auch am Parkhaus von Vodafone steht eine Sharingstation zur Verf\u00fcgung, sodass der Weg zwischen Parkhaus und Kirmesgel\u00e4nde auch mit geteilten Mobilit\u00e4tsangeboten zur\u00fcckgelegt werden kann.<\/p>\n<p class=\"richtext text-em-55 !leading-serif mx-6 desktop:mx-0\">Motorr\u00e4der k\u00f6nnen wie in den vergangenen Jahren ebenfalls n\u00f6rdlich der Rheinkniebr\u00fccke abgestellt werden. Taxihaltepl\u00e4tze befinden sich am Luegplatz und am S\u00fcdeingang der Kirmes.<\/p>\n<p class=\"richtext text-em-55 !leading-serif mx-6 desktop:mx-0\">Auch in diesem Jahr werden die Fu\u00dfg\u00e4nger wieder mit Unterst\u00fctzung der Verkehrskadetten zum Festplatz geleitet. Der Festplatz ist grunds\u00e4tzlich barrierefrei zu Fu\u00df erreichbar. Kabelquerungen in den Wegesystemen sowie Notausgangs- und Rettungswege werden mit barrierefreien Kabelbr\u00fccken ausgestattet.<\/p>\n<p>Mit der F\u00e4hre zur Kirmes      <\/p>\n<p class=\"richtext text-em-55 !leading-serif mx-6 desktop:mx-0\">Darauf haben viele gewartet: Die Kirmesf\u00e4hre pendelt w\u00e4hrend der regul\u00e4ren \u00d6ffnungszeiten der Rheinkirmes zwischen den bekannten F\u00e4hranlegern an der Kirmes und in der Altstadt. W\u00e4hrend der Rheinkirmes kostet die \u00dcberfahrt mit der Kirmesf\u00e4hre 3,80 Euro. Der Ticketpreis setzt sich aus dem Fahrpreis sowie einem Sch\u00fctzentaler zusammen.<\/p>\n","protected":false},"excerpt":{"rendered":"Rund vier Millionen Menschen besuchen j\u00e4hrlich die Rheinkirmes in D\u00fcsseldorf. Die Anreise mit den \u00f6ffentlichen Verkehrsmitteln empfiehlt sich,&hellip;\n","protected":false},"author":2,"featured_media":1173103,"comment_status":"","ping_status":"","sticky":false,"template":"","format":"standard","meta":{"footnotes":"","_share_on_mastodon":"0"},"categories":[1831],"tags":[9001,48,1739,5978,10415,3364,29,3405,4788,4744,12262,30,6513,10270,2508,39174,66365,245649,1209,4849,5206,4102,39173,54783],"class_list":["post-1173102","post","type-post","status-publish","format-standard","has-post-thumbnail","category-duesseldorf","tag-stadtbahnen","tag-48","tag-bahn","tag-blank","tag-bus","tag-de","tag-deutschland","tag-duesseldorf","tag-euro","tag-faehre","tag-faehren","tag-germany","tag-haltestelle","tag-hbf","tag-kirmes","tag-kirmesfaehre","tag-kirmestag","tag-mitfahren","tag-nordrhein-westfalen","tag-parken","tag-rhein","tag-rheinbahn","tag-rheinkirmes","tag-rheinstadion"],"share_on_mastodon":{"url":"https:\/\/pubeurope.com\/@de\/116934751615536196","error":""},"_links":{"self":[{"href":"https:\/\/www.europesays.com\/de\/wp-json\/wp\/v2\/posts\/1173102","targetHints":{"allow":["GET"]}}],"collection":[{"href":"https:\/\/www.europesays.com\/de\/wp-json\/wp\/v2\/posts"}],"about":[{"href":"https:\/\/www.europesays.com\/de\/wp-json\/wp\/v2\/types\/post"}],"author":[{"embeddable":true,"href":"https:\/\/www.europesays.com\/de\/wp-json\/wp\/v2\/users\/2"}],"replies":[{"embeddable":true,"href":"https:\/\/www.europesays.com\/de\/wp-json\/wp\/v2\/comments?post=1173102"}],"version-history":[{"count":0,"href":"https:\/\/www.europesays.com\/de\/wp-json\/wp\/v2\/posts\/1173102\/revisions"}],"wp:featuredmedia":[{"embeddable":true,"href":"https:\/\/www.europesays.com\/de\/wp-json\/wp\/v2\/media\/1173103"}],"wp:attachment":[{"href":"https:\/\/www.europesays.com\/de\/wp-json\/wp\/v2\/media?parent=1173102"}],"wp:term":[{"taxonomy":"category","embeddable":true,"href":"https:\/\/www.europesays.com\/de\/wp-json\/wp\/v2\/categories?post=1173102"},{"taxonomy":"post_tag","embeddable":true,"href":"https:\/\/www.europesays.com\/de\/wp-json\/wp\/v2\/tags?post=1173102"}],"curies":[{"name":"wp","href":"https:\/\/api.w.org\/{rel}","templated":true}]}}